{"id":32691,"date":"2025-09-10T11:19:49","date_gmt":"2025-09-10T09:19:49","guid":{"rendered":"https:\/\/ccoo.app\/ics\/?p=32691"},"modified":"2025-09-15T11:27:38","modified_gmt":"2025-09-15T09:27:38","slug":"11-de-setembre-de-2025","status":"publish","type":"post","link":"https:\/\/ccoo.app\/ics\/noticies\/11-de-setembre-de-2025\/","title":{"rendered":"11 de setembre de 2025"},"content":{"rendered":"\n<h3 class=\"wp-block-heading\">Amb motiu de la Diada nacional de Catalunya, el dimarts 9 de setembre de 2025, a les 12 h, a l\u2019Espai Assemblea (Via Laietana 16, de Barcelona), CCOO de Catalunya i la Fundaci\u00f3 Cipriano Garcia organitzen l\u2019acte \u201cEl catal\u00e0, llengua del treball i d\u2019acollida\u201d.<\/h3>\n\n\n\n<p>L\u2019acte vol valorar el paper del catal\u00e0 com a llengua de cohesi\u00f3 social i sindical. Hi intervindr\u00e0 Mari\u00f1a Couceiro, soci\u00f2loga de la Fundaci\u00f3 Cipriano Garcia, amb la pon\u00e8ncia \u201cEls altres catalans i catalanes del segle XXI. Or\u00edgens i lleng\u00fces de la classe treballadora a casa nostra\u201d, moderada per Toni Mora. Tamb\u00e9 hi haur\u00e0 una taula d\u2019experi\u00e8ncies sindicals i la cloenda anir\u00e0 a c\u00e0rrec de Bel\u00e9n L\u00f3pez, secret\u00e0ria general de CCOO de Catalunya.<\/p>\n\n\n\n<div data-wp-interactive=\"core\/file\" class=\"wp-block-file\"><object data-wp-bind--hidden=\"!state.hasPdfPreview\" hidden class=\"wp-block-file__embed\" data=\"https:\/\/ccoo.app\/ics\/wp-content\/blogs.dir\/6\/files\/sites\/200\/2025\/09\/11s_2025_-a-1.pdf\" type=\"application\/pdf\" style=\"width:100%;height:1360px\" aria-label=\"Incrustaci\u00f3 del fitxer 11s_2025_-a (1).\"><\/object><a id=\"wp-block-file--media-daf8cc42-88b0-44a1-aebf-160b6ae4e65c\" href=\"https:\/\/ccoo.app\/ics\/wp-content\/blogs.dir\/6\/files\/sites\/200\/2025\/09\/11s_2025_-a-1.pdf\">11s_2025_-a (1)<\/a><a href=\"https:\/\/ccoo.app\/ics\/wp-content\/blogs.dir\/6\/files\/sites\/200\/2025\/09\/11s_2025_-a-1.pdf\" class=\"wp-block-file__button wp-element-button\" download aria-describedby=\"wp-block-file--media-daf8cc42-88b0-44a1-aebf-160b6ae4e65c\">Baixa<\/a><\/div>\n\n\n\n<figure class=\"wp-block-image size-full\"><img loading=\"lazy\" decoding=\"async\" width=\"1024\" height=\"576\" src=\"https:\/\/ccoo.app\/ics\/wp-content\/blogs.dir\/6\/files\/sites\/200\/2025\/09\/Diada-Nacional-de-Catalunya-1.jpg\" alt=\"\" class=\"wp-image-32695\" srcset=\"https:\/\/ccoo.app\/ics\/wp-content\/blogs.dir\/6\/files\/sites\/200\/2025\/09\/Diada-Nacional-de-Catalunya-1.jpg 1024w, https:\/\/ccoo.app\/ics\/wp-content\/blogs.dir\/6\/files\/sites\/200\/2025\/09\/Diada-Nacional-de-Catalunya-1-300x169.jpg 300w, https:\/\/ccoo.app\/ics\/wp-content\/blogs.dir\/6\/files\/sites\/200\/2025\/09\/Diada-Nacional-de-Catalunya-1-768x432.jpg 768w\" sizes=\"auto, (max-width: 1024px) 100vw, 1024px\" \/><\/figure>\n\n\n\n<div data-wp-interactive=\"core\/file\" class=\"wp-block-file\"><object data-wp-bind--hidden=\"!state.hasPdfPreview\" hidden class=\"wp-block-file__embed\" data=\"https:\/\/ccoo.app\/ics\/wp-content\/blogs.dir\/6\/files\/sites\/200\/2025\/09\/manifest-conjunt-11set2025.pdf\" type=\"application\/pdf\" style=\"width:100%;height:1360px\" aria-label=\"Incrustaci\u00f3 del fitxer manifest-conjunt-11set2025.\"><\/object><a id=\"wp-block-file--media-4f253a4a-0a93-4bf7-b2ec-4c246c8375d3\" href=\"https:\/\/ccoo.app\/ics\/wp-content\/blogs.dir\/6\/files\/sites\/200\/2025\/09\/manifest-conjunt-11set2025.pdf\">manifest-conjunt-11set2025<\/a><a href=\"https:\/\/ccoo.app\/ics\/wp-content\/blogs.dir\/6\/files\/sites\/200\/2025\/09\/manifest-conjunt-11set2025.pdf\" class=\"wp-block-file__button wp-element-button\" download aria-describedby=\"wp-block-file--media-4f253a4a-0a93-4bf7-b2ec-4c246c8375d3\">Baixa<\/a><\/div>\n\n\n\n<p><\/p>\n\n\n\n<figure class=\"wp-block-table\"><table class=\"has-fixed-layout\"><tbody><tr><td>Localitat<\/td><td>Tipus d\u2019acte<\/td><td>Dia de l\u2019acte<\/td><td>Hora de l\u2019acte<\/td><td>Lloc on es fa<\/td><\/tr><tr><td>Lleida<\/td><td>Ofrena floral<\/td><td>11\/09\/2025<\/td><td>11.00<\/td><td>El Roser (carrer Cavallers, 15, de Lleida)<\/td><\/tr><tr><td>El Prat de Llobregat<\/td><td>Acte institucional i ofrena floral<\/td><td>10\/09\/2025<\/td><td>20.00<\/td><td>Pla\u00e7a del Mestre Estalella<\/td><\/tr><tr><td>Vilafranca del Pened\u00e8s<\/td><td>Acte institucional i ofrena floral<\/td><td>10\/09\/2025<\/td><td>20.00<br>21.15<\/td><td>Acte institucional al Sal\u00f3 de l\u2019ajuntament. Ofrena floral al monument a Llu\u00eds Companys<\/td><\/tr><tr><td>Sant Boi de Llobregat<\/td><td>Acte institucional i ofrena floral<\/td><td>11\/09\/2025<\/td><td>10.00<\/td><td>Pla\u00e7a Moss\u00e8n Jaume Oliveras i Esgl\u00e9sia de Sant Baldiri<\/td><\/tr><tr><td>Cornell\u00e0 de Llobregat<\/td><td>Acte institucional i ofrena floral<\/td><td>11\/09\/2025<\/td><td>11.30<\/td><td>Pla\u00e7a de l\u2019Esgl\u00e9sia<\/td><\/tr><tr><td>Vilanova i la Geltr\u00fa<\/td><td>Acte institucional i ofrena floral<\/td><td>11\/09\/2025<\/td><td>12.00<\/td><td>Monument de Francesc Maci\u00e0 (Rambla de la Pau, 11)<\/td><\/tr><tr><td>Badalona<\/td><td>Ofrena floral<\/td><td>11\/09\/2025<\/td><td>10.00<\/td><td>Pla\u00e7a de la Plana<\/td><\/tr><tr><td>Sant Adri\u00e0<\/td><td>Ofrena floral<\/td><td>11\/09\/2025<\/td><td>10.00<\/td><td>Placeta de Maci\u00e0<\/td><\/tr><tr><td>Santa Coloma de Gramenent<\/td><td>Ofrena floral<\/td><td>11\/09\/2025<\/td><td>10.00<\/td><td>Pla\u00e7a de la Vila<\/td><\/tr><tr><td>L\u2019Hospitalet de Llobregat<\/td><td>Ofrena floral<\/td><td>11\/09\/2025<\/td><td>11.00<\/td><td>Rambla de la Marina<\/td><\/tr><tr><td>Terrassa<\/td><td>Ofrena floral<\/td><td>11\/09\/2025<\/td><td>10.00<\/td><td>Pla\u00e7a de l\u2019Onze de Setembre<\/td><\/tr><tr><td>Sabadell<\/td><td>Ofrena floral<\/td><td>11\/09\/2025<\/td><td>10.00<\/td><td>Eix Maci\u00e0, davant del Parc Catalunya<\/td><\/tr><tr><td>Rub\u00ed<\/td><td>Ofrena floral<\/td><td>11\/09\/2025<\/td><td>9.30<\/td><td>Pla\u00e7a de l\u2019Onze de Setembre<\/td><\/tr><tr><td>Cerdanyola del Vall\u00e8s<\/td><td>Ofrena floral<\/td><td>11\/09\/2025<\/td><td>10.00<\/td><td>Pla\u00e7a de l\u2019Onze de Setembre<\/td><\/tr><tr><td>Manresa<\/td><td>Ofrena floral<\/td><td>11\/09\/2025<\/td><td>11.00<\/td><td>Pla\u00e7a de l\u2019Onze de Setembre<\/td><\/tr><tr><td>Berga<\/td><td>Ofrena floral<\/td><td>11\/09\/2025<\/td><td>10.00<\/td><td>Carrer del Pla de l\u2019Alemany<\/td><\/tr><tr><td>Granollers<\/td><td>Ofrena floral<\/td><td>11\/09\/2025<\/td><td>11.00<\/td><td>Pla\u00e7a de l\u201911 de Setembre<\/td><\/tr><tr><td>Tarragona<\/td><td>Ofrena floral<\/td><td>11\/09\/2025<\/td><td>10.00<\/td><td>Passeig Mar\u00edtim (Monument a Rafael Casanova)<\/td><\/tr><tr><td>Tarragona<\/td><td>Ofrena floral<\/td><td>11\/09\/2025<\/td><td>11.30<\/td><td>Jardins del Camp de Mart (Monument a Salvador Allende)<\/td><\/tr><tr><td>Tortosa<\/td><td>Acte institucional de la Generalitat a les Terres de l\u2019Ebre<\/td><td>09\/09\/2025<\/td><td>19.30<\/td><td>Pla\u00e7a dels Dolors (annex a la seu de la delegaci\u00f3)<\/td><\/tr><tr><td>Aiguam\u00farcia<\/td><td>Acte institucional de la Generalitat a Tarragona<\/td><td>09\/09\/2025<\/td><td>19.00<\/td><td>Reial Monestir de Santes Creus (pla\u00e7a de Sant Jaume&nbsp;<em>el Just<\/em>, s\/n)<\/td><\/tr><tr><td>Vic<\/td><td><\/td><td>10\/09\/2025<\/td><td>18.00<\/td><td>Bac de Roda<\/td><\/tr><tr><td>Mollet del Vall\u00e8s<\/td><td><\/td><td>11\/09\/2025<\/td><td>12.00<\/td><td>Monument Rafael Casanova<\/td><\/tr><tr><td>Matar\u00f3<\/td><td><\/td><td>11\/09\/2025<\/td><td>11.00<\/td><td>Pla\u00e7a Rafael Casanova<\/td><\/tr><tr><td><\/td><td><\/td><td><\/td><td><\/td><td><\/td><\/tr><\/tbody><\/table><\/figure>\n","protected":false},"excerpt":{"rendered":"<p>Amb motiu de la Diada nacional de Catalunya, el dimarts 9 de setembre de 2025, a les 12 h, a l\u2019Espai Assemblea (Via Laietana 16, de Barcelona), CCOO de Catalunya &#8230; <a title=\"11 de setembre de 2025\" class=\"read-more\" href=\"https:\/\/ccoo.app\/ics\/noticies\/11-de-setembre-de-2025\/\" aria-label=\"M\u00e9s informaci\u00f3 sobre 11 de setembre de 2025\">Read more<\/a><\/p>\n","protected":false},"author":4386,"featured_media":32692,"comment_status":"closed","ping_status":"closed","sticky":false,"template":"","format":"standard","meta":{"footnotes":""},"categories":[13,10,1],"tags":[],"area":[],"class_list":["post-32691","post","type-post","status-publish","format-standard","has-post-thumbnail","hentry","category-accions-sindicals","category-comunicats","category-noticies","generate-columns","tablet-grid-50","mobile-grid-100","grid-parent","grid-50"],"_links":{"self":[{"href":"https:\/\/ccoo.app\/ics\/wp-json\/wp\/v2\/posts\/32691","targetHints":{"allow":["GET"]}}],"collection":[{"href":"https:\/\/ccoo.app\/ics\/wp-json\/wp\/v2\/posts"}],"about":[{"href":"https:\/\/ccoo.app\/ics\/wp-json\/wp\/v2\/types\/post"}],"author":[{"embeddable":true,"href":"https:\/\/ccoo.app\/ics\/wp-json\/wp\/v2\/users\/4386"}],"replies":[{"embeddable":true,"href":"https:\/\/ccoo.app\/ics\/wp-json\/wp\/v2\/comments?post=32691"}],"version-history":[{"count":1,"href":"https:\/\/ccoo.app\/ics\/wp-json\/wp\/v2\/posts\/32691\/revisions"}],"predecessor-version":[{"id":32697,"href":"https:\/\/ccoo.app\/ics\/wp-json\/wp\/v2\/posts\/32691\/revisions\/32697"}],"wp:featuredmedia":[{"embeddable":true,"href":"https:\/\/ccoo.app\/ics\/wp-json\/wp\/v2\/media\/32692"}],"wp:attachment":[{"href":"https:\/\/ccoo.app\/ics\/wp-json\/wp\/v2\/media?parent=32691"}],"wp:term":[{"taxonomy":"category","embeddable":true,"href":"https:\/\/ccoo.app\/ics\/wp-json\/wp\/v2\/categories?post=32691"},{"taxonomy":"post_tag","embeddable":true,"href":"https:\/\/ccoo.app\/ics\/wp-json\/wp\/v2\/tags?post=32691"},{"taxonomy":"area","embeddable":true,"href":"https:\/\/ccoo.app\/ics\/wp-json\/wp\/v2\/area?post=32691"}],"curies":[{"name":"wp","href":"https:\/\/api.w.org\/{rel}","templated":true}]}}