{"id":32684,"date":"2025-09-12T11:12:31","date_gmt":"2025-09-12T09:12:31","guid":{"rendered":"https:\/\/ccoo.app\/ics\/?p=32684"},"modified":"2025-09-15T11:46:22","modified_gmt":"2025-09-15T09:46:22","slug":"els-sindicats-de-lambit-inicien-mobilitzacions-el-16-de-setembre-pel-bloqueig-de-la-negociacio-de-lestatut-marc","status":"publish","type":"post","link":"https:\/\/ccoo.app\/ics\/noticies\/els-sindicats-de-lambit-inicien-mobilitzacions-el-16-de-setembre-pel-bloqueig-de-la-negociacio-de-lestatut-marc\/","title":{"rendered":"Els sindicats de l\u2019\u00c0mbit inicien mobilitzacions el 16 de setembre pel bloqueig de la negociaci\u00f3 de l\u2019Estatut Marc"},"content":{"rendered":"\n<h3 class=\"wp-block-heading\">Les organitzacions sindicals de l\u2019\u00c0mbit de Negociaci\u00f3 del Sistema Nacional de Salut (SNS),&nbsp;<em>SATSE-<\/em>Fses, FSS-CCOO, UGT, CSIF i CIG- Sa\u00fade, denuncien en roda de premsa l\u2019estrat\u00e8gia del Ministeri de Sanitat de voler donar per tancada la reforma de l\u2019Estatut Marc sense esgotar la negociaci\u00f3 i sense abordar q\u00fcestions que continuen sent irrenunciables per a les i els professionals sanitaris.<br>Els sindicats inicien el pr\u00f2xim 16 de setembre, en els centres de treball, un calendari de mobilitzacions que contempla tamb\u00e9 una concentraci\u00f3 l\u20191 d\u2019octubre a les portes del Ministeri de Sanitat, sense descartar la convocat\u00f2ria de vaga general en el sector.<\/h3>\n\n\n\n<p>Les organitzacions sindicals de l\u2019\u00c0mbit de Negociaci\u00f3 del SNS,&nbsp;<em>SATSE-<\/em>Fses, FSS-CCOO, UGT, CSIF i CIG-Sa\u00fade, denuncien que, despr\u00e9s de gaireb\u00e9 tres anys de treball i prop de 40 reunions, el Ministeri de Sanitat pret\u00e9n ara trencar unilateralment el calendari pactat i tancar en fals un proc\u00e9s que hauria de culminar en un Estatut Marc modern, capa\u00e7 de donar resposta als problemes reals del personal del SNS.<\/p>\n\n\n\n<p><strong>Exigim continuar la negociaci\u00f3<\/strong><\/p>\n\n\n\n<p>Els sindicats esperen que el pr\u00f2xim 16 de setembre es convoqui la taula de l\u2019\u00c0mbit de Negociaci\u00f3 i que el Ministeri remeti un nou text que reculli les aportacions realitzades per les Comunitats aut\u00f2nomes i per les organitzacions sindicals, establint com a mesures irrenunciables:<\/p>\n\n\n\n<ul class=\"wp-block-list\">\n<li>El reconeixement retributiu lligat a la nova classificaci\u00f3 professional.<\/li>\n\n\n\n<li>El dret a la jubilaci\u00f3 volunt\u00e0ria, anticipada o parcial.<\/li>\n\n\n\n<li>La generalitzaci\u00f3 de la jornada de 35 hores setmanals.<\/li>\n\n\n\n<li>El reconeixement del solapi de jornada per a garantir la continu\u00eftat assistencial.<\/li>\n\n\n\n<li>La millora de l\u2019organitzaci\u00f3 de la jornada laboral, tant ordin\u00e0ria com complement\u00e0ria.<\/li>\n<\/ul>\n\n\n\n<p>De la mateixa manera, l\u2019informe jur\u00eddic rem\u00e8s pel Ministeri, datat al mar\u00e7 i fet p\u00fablic ara, manca de sentit, ja que respon a demandes que mai han estat plantejades per les organitzacions sindicals.<\/p>\n\n\n\n<p><strong>Mobilitzaci\u00f3 si el Ministeri no rectifica<\/strong><\/p>\n\n\n\n<p>La prioritat continua sent l\u2019acord. No obstant aix\u00f2, si el Ministeri insisteix a enviar el projecte d\u2019Estatut Marc al Congr\u00e9s dels Diputats sense el consens sindical, les organitzacions sindicals de l\u2019\u00c0mbit es veuran obligades a iniciar un calendari de mobilitzacions, que arrencar\u00e0 el pr\u00f2xim 16 de setembre amb concentracions en centres de treball, a les quals seguir\u00e0 una mobilitzaci\u00f3 central l\u20191 d\u2019octubre a les portes del Ministeri de Sanitat, i jornades d\u2019aturs parcials posteriors i vaga general en el sector que anunciarem al seu degut moment.<\/p>\n\n\n\n<p><strong>Un Estatut Marc per a totes i tots els professionals del SNS<\/strong><\/p>\n\n\n\n<p>L\u2019Estatut Marc ha de ser una norma per a tot el personal del Sistema Nacional de Salut, que contempli millores reals en les condicions laborals i professionals. No s\u2019acceptar\u00e0 que es tanqui en fals una negociaci\u00f3 hist\u00f2rica que afecta a prop d\u2019un mili\u00f3 de treballadores i treballadors del sistema sanitari p\u00fablic.<\/p>\n","protected":false},"excerpt":{"rendered":"<p>Les organitzacions sindicals de l\u2019\u00c0mbit de Negociaci\u00f3 del Sistema Nacional de Salut (SNS),&nbsp;SATSE-Fses, FSS-CCOO, UGT, CSIF i CIG- Sa\u00fade, denuncien en roda de premsa l\u2019estrat\u00e8gia del Ministeri de Sanitat de &#8230; <a title=\"Els sindicats de l\u2019\u00c0mbit inicien mobilitzacions el 16 de setembre pel bloqueig de la negociaci\u00f3 de l\u2019Estatut Marc\" class=\"read-more\" href=\"https:\/\/ccoo.app\/ics\/noticies\/els-sindicats-de-lambit-inicien-mobilitzacions-el-16-de-setembre-pel-bloqueig-de-la-negociacio-de-lestatut-marc\/\" aria-label=\"M\u00e9s informaci\u00f3 sobre Els sindicats de l\u2019\u00c0mbit inicien mobilitzacions el 16 de setembre pel bloqueig de la negociaci\u00f3 de l\u2019Estatut Marc\">Read more<\/a><\/p>\n","protected":false},"author":4386,"featured_media":32685,"comment_status":"closed","ping_status":"closed","sticky":false,"template":"","format":"standard","meta":{"footnotes":""},"categories":[13,12,1],"tags":[],"area":[],"class_list":["post-32684","post","type-post","status-publish","format-standard","has-post-thumbnail","hentry","category-accions-sindicals","category-actualitat","category-noticies","generate-columns","tablet-grid-50","mobile-grid-100","grid-parent","grid-50"],"_links":{"self":[{"href":"https:\/\/ccoo.app\/ics\/wp-json\/wp\/v2\/posts\/32684","targetHints":{"allow":["GET"]}}],"collection":[{"href":"https:\/\/ccoo.app\/ics\/wp-json\/wp\/v2\/posts"}],"about":[{"href":"https:\/\/ccoo.app\/ics\/wp-json\/wp\/v2\/types\/post"}],"author":[{"embeddable":true,"href":"https:\/\/ccoo.app\/ics\/wp-json\/wp\/v2\/users\/4386"}],"replies":[{"embeddable":true,"href":"https:\/\/ccoo.app\/ics\/wp-json\/wp\/v2\/comments?post=32684"}],"version-history":[{"count":1,"href":"https:\/\/ccoo.app\/ics\/wp-json\/wp\/v2\/posts\/32684\/revisions"}],"predecessor-version":[{"id":32686,"href":"https:\/\/ccoo.app\/ics\/wp-json\/wp\/v2\/posts\/32684\/revisions\/32686"}],"wp:featuredmedia":[{"embeddable":true,"href":"https:\/\/ccoo.app\/ics\/wp-json\/wp\/v2\/media\/32685"}],"wp:attachment":[{"href":"https:\/\/ccoo.app\/ics\/wp-json\/wp\/v2\/media?parent=32684"}],"wp:term":[{"taxonomy":"category","embeddable":true,"href":"https:\/\/ccoo.app\/ics\/wp-json\/wp\/v2\/categories?post=32684"},{"taxonomy":"post_tag","embeddable":true,"href":"https:\/\/ccoo.app\/ics\/wp-json\/wp\/v2\/tags?post=32684"},{"taxonomy":"area","embeddable":true,"href":"https:\/\/ccoo.app\/ics\/wp-json\/wp\/v2\/area?post=32684"}],"curies":[{"name":"wp","href":"https:\/\/api.w.org\/{rel}","templated":true}]}}