{"id":32669,"date":"2025-07-28T09:08:17","date_gmt":"2025-07-28T07:08:17","guid":{"rendered":"https:\/\/ccoo.app\/ics\/?p=32669"},"modified":"2025-07-30T09:11:43","modified_gmt":"2025-07-30T07:11:43","slug":"els-sindicats-de-lambit-recorden-que-la-negociacio-de-lestatut-marc-no-esta-conclosa-i-que-lesborrany-encara-presenta-arestes-que-han-de-resoldres-per-a-aconseguir","status":"publish","type":"post","link":"https:\/\/ccoo.app\/ics\/noticies\/actualitat\/els-sindicats-de-lambit-recorden-que-la-negociacio-de-lestatut-marc-no-esta-conclosa-i-que-lesborrany-encara-presenta-arestes-que-han-de-resoldres-per-a-aconseguir\/","title":{"rendered":"Els sindicats de l\u2019\u00c0mbit recorden que la negociaci\u00f3 de l\u2019Estatut Marc no est\u00e0 conclosa i que l\u2019esborrany encara presenta arestes que han de resoldre\u2019s per a aconseguir el consens"},"content":{"rendered":"\n<h3 class=\"wp-block-heading\">Davant la imminent reuni\u00f3 del Ple de la Comissi\u00f3 de Recursos Humans del Sistema Nacional de Salut, prevista per al pr\u00f2xim 30 de juliol, les organitzacions sindicals m\u00e9s representatives del personal estatutari volem deixar const\u00e0ncia que la negociaci\u00f3 del nou Estatut Marc continua oberta i no pot donar-se per conclosa.<\/h3>\n\n\n\n<p>Encara que el Ministeri de Sanitat preveu traslladar a les comunitats aut\u00f2nomes els \u201cavan\u00e7os\u201d en el proc\u00e9s negociador, la veritat \u00e9s que l\u2019\u00faltim esborrany rem\u00e8s encara presenta nombrosos matisos, mancances i aspectes sense resoldre que dificulten, en aquest moment, un acord amb les organitzacions sindicals.<\/p>\n\n\n\n<p>Des de la nostra perspectiva, el text necessita continuar sent treballat i revisat en profunditat, incorporant elements essencials que continuen absents o insuficientment desenvolupats. Nom\u00e9s aix\u00ed podr\u00e0 aconseguir-se un consens real i s\u00f2lid entorn d\u2019una norma que ser\u00e0 clau per al futur del personal del Sistema Nacional de Salut.<\/p>\n\n\n\n<p>Aix\u00ed mateix, hem insistit que el proc\u00e9s ha d\u2019implicar de manera coordinada a altres Ministeris rellevants \u2014Funci\u00f3 P\u00fablica, Hisenda i Seguretat Social\u2014 i ha de garantir un finan\u00e7ament finalista per part de l\u2019Estat, evitant traslladar nous costos estructurals a unes comunitats aut\u00f2nomes ja *tensionadas financerament.<\/p>\n\n\n\n<p>Les organitzacions sindicals hem reclamat al Ministeri que elabori un nou esborrany en la segona quinzena de setembre, incloent-hi les q\u00fcestions considerades irrenunciables:<\/p>\n\n\n\n<p>\u00b7 Una revisi\u00f3 del sistema retributiu<\/p>\n\n\n\n<p>\u00b7 L\u2019adequaci\u00f3 de la jornada laboral<\/p>\n\n\n\n<p>\u00b7 El reconeixement efectiu de la jubilaci\u00f3 anticipada i parcial<\/p>\n\n\n\n<p>Reiterem que aquest Estatut Marc ha de ser fruit de l\u2019acord i del consens real, no sols en el discurs, i que nom\u00e9s mitjan\u00e7ant un proc\u00e9s de di\u00e0leg seri\u00f3s i respectu\u00f3s es podr\u00e0 aconseguir una norma s\u00f2lida, duradora i justa per als professionals del Sistema Nacional de Salut.<\/p>\n\n\n\n<p>\u00c9s urgent avan\u00e7ar cap a un model laboral que prioritzi la salut f\u00edsica i mental dels professionals, la conciliaci\u00f3 de la seva vida personal i laboral, i el benestar i la qualitat assistencial de la poblaci\u00f3, que \u00e9s la fi \u00faltima del sistema sanitari p\u00fablic del nostre pa\u00eds.<\/p>\n","protected":false},"excerpt":{"rendered":"<p>Davant la imminent reuni\u00f3 del Ple de la Comissi\u00f3 de Recursos Humans del Sistema Nacional de Salut, prevista per al pr\u00f2xim 30 de juliol, les organitzacions sindicals m\u00e9s representatives del &#8230; <a title=\"Els sindicats de l\u2019\u00c0mbit recorden que la negociaci\u00f3 de l\u2019Estatut Marc no est\u00e0 conclosa i que l\u2019esborrany encara presenta arestes que han de resoldre\u2019s per a aconseguir el consens\" class=\"read-more\" href=\"https:\/\/ccoo.app\/ics\/noticies\/actualitat\/els-sindicats-de-lambit-recorden-que-la-negociacio-de-lestatut-marc-no-esta-conclosa-i-que-lesborrany-encara-presenta-arestes-que-han-de-resoldres-per-a-aconseguir\/\" aria-label=\"M\u00e9s informaci\u00f3 sobre Els sindicats de l\u2019\u00c0mbit recorden que la negociaci\u00f3 de l\u2019Estatut Marc no est\u00e0 conclosa i que l\u2019esborrany encara presenta arestes que han de resoldre\u2019s per a aconseguir el consens\">Read more<\/a><\/p>\n","protected":false},"author":4386,"featured_media":32670,"comment_status":"closed","ping_status":"closed","sticky":false,"template":"","format":"standard","meta":{"footnotes":""},"categories":[12],"tags":[],"area":[],"class_list":["post-32669","post","type-post","status-publish","format-standard","has-post-thumbnail","hentry","category-actualitat","generate-columns","tablet-grid-50","mobile-grid-100","grid-parent","grid-50"],"_links":{"self":[{"href":"https:\/\/ccoo.app\/ics\/wp-json\/wp\/v2\/posts\/32669","targetHints":{"allow":["GET"]}}],"collection":[{"href":"https:\/\/ccoo.app\/ics\/wp-json\/wp\/v2\/posts"}],"about":[{"href":"https:\/\/ccoo.app\/ics\/wp-json\/wp\/v2\/types\/post"}],"author":[{"embeddable":true,"href":"https:\/\/ccoo.app\/ics\/wp-json\/wp\/v2\/users\/4386"}],"replies":[{"embeddable":true,"href":"https:\/\/ccoo.app\/ics\/wp-json\/wp\/v2\/comments?post=32669"}],"version-history":[{"count":1,"href":"https:\/\/ccoo.app\/ics\/wp-json\/wp\/v2\/posts\/32669\/revisions"}],"predecessor-version":[{"id":32671,"href":"https:\/\/ccoo.app\/ics\/wp-json\/wp\/v2\/posts\/32669\/revisions\/32671"}],"wp:featuredmedia":[{"embeddable":true,"href":"https:\/\/ccoo.app\/ics\/wp-json\/wp\/v2\/media\/32670"}],"wp:attachment":[{"href":"https:\/\/ccoo.app\/ics\/wp-json\/wp\/v2\/media?parent=32669"}],"wp:term":[{"taxonomy":"category","embeddable":true,"href":"https:\/\/ccoo.app\/ics\/wp-json\/wp\/v2\/categories?post=32669"},{"taxonomy":"post_tag","embeddable":true,"href":"https:\/\/ccoo.app\/ics\/wp-json\/wp\/v2\/tags?post=32669"},{"taxonomy":"area","embeddable":true,"href":"https:\/\/ccoo.app\/ics\/wp-json\/wp\/v2\/area?post=32669"}],"curies":[{"name":"wp","href":"https:\/\/api.w.org\/{rel}","templated":true}]}}