{"id":32661,"date":"2025-07-18T16:18:00","date_gmt":"2025-07-18T14:18:00","guid":{"rendered":"https:\/\/ccoo.app\/ics\/?p=32661"},"modified":"2025-07-21T11:21:40","modified_gmt":"2025-07-21T09:21:40","slug":"la-fss-ccoo-valora-loferta-de-places-de-formacio-sanitaria-especialitzada-per-a-2026","status":"publish","type":"post","link":"https:\/\/ccoo.app\/ics\/noticies\/la-fss-ccoo-valora-loferta-de-places-de-formacio-sanitaria-especialitzada-per-a-2026\/","title":{"rendered":"La FSS-CCOO valora l\u2019oferta de places de Formaci\u00f3 Sanit\u00e0ria Especialitzada per a 2026"},"content":{"rendered":"\n<h3 class=\"wp-block-heading\">El Ministeri de Sanitat i les comunitats aut\u00f2nomes han aprovat el 17 de juliol, en el marc del ple de la Comissi\u00f3 de Recursos Humans del Consell Interterritorial del Sistema Nacional de Salut (CISNS), l\u2019ordre ministerial que estableix l\u2019oferta de places i regula la convocat\u00f2ria de proves selectives per a l\u2019acc\u00e9s en 2026 a la Formaci\u00f3 Sanit\u00e0ria Especialitzada.<\/h3>\n\n\n\n<p>Es convocaran 12.366 places, amb un increment de 423 places respecte a la convocat\u00f2ria anterior.<\/p>\n\n\n\n<p>Per a CCOO la publicaci\u00f3 de l\u2019augment en l\u2019oferta de places, per part del Ministeri de Sanitat, \u00e9s una not\u00edcia positiva especialment per l\u2019increment de 423 places respecte a la convocat\u00f2ria anterior. Aquest augment \u00e9s un pas en la direcci\u00f3 correcta per a enfortir el nostre Sistema Nacional de Salut (SNS) i respondre a les necessitats de personal qualificat. Demostra un esfor\u00e7 per planificar i cobrir les \u00e0rees m\u00e9s demandades. A m\u00e9s, la novetat de poder oferir les places adjudicades a les quals es renunci\u00ef \u00e9s una mesura intel\u00b7ligent que agilitzar\u00e0 el proc\u00e9s de cobertura i reduir\u00e0 el nombre de places vacants, optimitzant aix\u00ed els recursos disponibles.<\/p>\n\n\n\n<p>Aquesta oferta de places FSE per a 2026 \u00e9s un pas endavant significatiu, encara que esc\u00e0s, en la planificaci\u00f3 i millora de la formaci\u00f3 de professionals sanitaris a Espanya, amb mesures que busquen una major efici\u00e8ncia i una millor resposta a les demandes del sistema.<\/p>\n\n\n\n<p>D\u2019acord amb el document presentat la distribuci\u00f3 de places \u00e9s la seg\u00fcent:<\/p>\n\n\n\n<p><strong>Medicina (MIR)<\/strong>: 9.276 places<\/p>\n\n\n\n<p><strong>Infermeria (EIR)<\/strong>: 2.279 places<\/p>\n\n\n\n<p><strong>Farm\u00e0cia (FIR)<\/strong>: 362 places<\/p>\n\n\n\n<p><strong>Psicologia (PIR)<\/strong>: 280 places.<\/p>\n\n\n\n<p><strong>Qu\u00edmica (QIR)<\/strong>: 29 places.<\/p>\n\n\n\n<p><strong>Biologia (BIR)<\/strong>: 83 places.<\/p>\n\n\n\n<p><strong>F\u00edsica (RFIR)<\/strong>: 57 places.<\/p>\n\n\n\n<p>En aquesta ordre ministerial s\u2019estableix entre altres q\u00fcestions la data de celebraci\u00f3, el nombre de seus d\u2019ex\u00e0mens o les caracter\u00edstiques de la prova objectiva.<\/p>\n\n\n\n<p><strong>Inscripci\u00f3&nbsp;<\/strong>de l\u20191 de setembre al 12 de setembre de 2025<\/p>\n\n\n\n<p><strong>Taxa general<\/strong>&nbsp;de drets d\u2019examen:<\/p>\n\n\n\n<p>31,10 euros<br>23,33 euros, per a places d\u2019Infermeria.<br><strong>Data&nbsp;<\/strong>de les proves selectives<\/p>\n\n\n\n<p>Dissabte 24 de gener de 2026, a les 14 hores (13 hores en les seus de Can\u00e0ries)<\/p>\n\n\n\n<p>Prova objectiva tipus test composta per 200 preguntes, m\u00e9s 10 de reserva, amb quatre opcions de resposta, de les quals \u00fanicament una ser\u00e0 v\u00e0lida.<\/p>\n\n\n\n<p>Durada total de l\u2019examen ser\u00e0 de quatre hores i mitja.<\/p>\n\n\n\n<p>La correcci\u00f3 de l\u2019exercici s\u2019efectuar\u00e0 mitjan\u00e7ant un sistema que atorga tres punts per cada resposta correcta i resta un punt per cada resposta incorrecta, sense puntuaci\u00f3 per a les no contestades.<\/p>\n\n\n\n<p><a href=\"https:\/\/sanidad.ccoo.es\/23763f6b44016f5f501f85cfb7aa5020000058.pdf\"><strong>Consulta la distribuci\u00f3 de les places de FSE 2026<\/strong><\/a><\/p>\n\n\n<div class=\"wp-block-image\">\n<figure class=\"aligncenter size-large is-resized\"><img loading=\"lazy\" decoding=\"async\" width=\"576\" height=\"1024\" src=\"https:\/\/ccoo.app\/ics\/wp-content\/blogs.dir\/6\/files\/sites\/200\/2025\/07\/Cartell-formacio-sanitaria-especialitzada-1-576x1024.jpg\" alt=\"\" class=\"wp-image-32663\" style=\"width:693px;height:auto\" srcset=\"https:\/\/ccoo.app\/ics\/wp-content\/blogs.dir\/6\/files\/sites\/200\/2025\/07\/Cartell-formacio-sanitaria-especialitzada-1-576x1024.jpg 576w, https:\/\/ccoo.app\/ics\/wp-content\/blogs.dir\/6\/files\/sites\/200\/2025\/07\/Cartell-formacio-sanitaria-especialitzada-1-169x300.jpg 169w, https:\/\/ccoo.app\/ics\/wp-content\/blogs.dir\/6\/files\/sites\/200\/2025\/07\/Cartell-formacio-sanitaria-especialitzada-1-768x1365.jpg 768w, https:\/\/ccoo.app\/ics\/wp-content\/blogs.dir\/6\/files\/sites\/200\/2025\/07\/Cartell-formacio-sanitaria-especialitzada-1-864x1536.jpg 864w, https:\/\/ccoo.app\/ics\/wp-content\/blogs.dir\/6\/files\/sites\/200\/2025\/07\/Cartell-formacio-sanitaria-especialitzada-1-1152x2048.jpg 1152w, https:\/\/ccoo.app\/ics\/wp-content\/blogs.dir\/6\/files\/sites\/200\/2025\/07\/Cartell-formacio-sanitaria-especialitzada-1.jpg 1200w\" sizes=\"auto, (max-width: 576px) 100vw, 576px\" \/><\/figure>\n<\/div>\n\n\n<p><\/p>\n","protected":false},"excerpt":{"rendered":"<p>El Ministeri de Sanitat i les comunitats aut\u00f2nomes han aprovat el 17 de juliol, en el marc del ple de la Comissi\u00f3 de Recursos Humans del Consell Interterritorial del Sistema &#8230; <a title=\"La FSS-CCOO valora l\u2019oferta de places de Formaci\u00f3 Sanit\u00e0ria Especialitzada per a 2026\" class=\"read-more\" href=\"https:\/\/ccoo.app\/ics\/noticies\/la-fss-ccoo-valora-loferta-de-places-de-formacio-sanitaria-especialitzada-per-a-2026\/\" aria-label=\"M\u00e9s informaci\u00f3 sobre La FSS-CCOO valora l\u2019oferta de places de Formaci\u00f3 Sanit\u00e0ria Especialitzada per a 2026\">Read more<\/a><\/p>\n","protected":false},"author":4386,"featured_media":32662,"comment_status":"closed","ping_status":"closed","sticky":false,"template":"","format":"standard","meta":{"footnotes":""},"categories":[12,1],"tags":[],"area":[],"class_list":["post-32661","post","type-post","status-publish","format-standard","has-post-thumbnail","hentry","category-actualitat","category-noticies","generate-columns","tablet-grid-50","mobile-grid-100","grid-parent","grid-50"],"_links":{"self":[{"href":"https:\/\/ccoo.app\/ics\/wp-json\/wp\/v2\/posts\/32661","targetHints":{"allow":["GET"]}}],"collection":[{"href":"https:\/\/ccoo.app\/ics\/wp-json\/wp\/v2\/posts"}],"about":[{"href":"https:\/\/ccoo.app\/ics\/wp-json\/wp\/v2\/types\/post"}],"author":[{"embeddable":true,"href":"https:\/\/ccoo.app\/ics\/wp-json\/wp\/v2\/users\/4386"}],"replies":[{"embeddable":true,"href":"https:\/\/ccoo.app\/ics\/wp-json\/wp\/v2\/comments?post=32661"}],"version-history":[{"count":1,"href":"https:\/\/ccoo.app\/ics\/wp-json\/wp\/v2\/posts\/32661\/revisions"}],"predecessor-version":[{"id":32664,"href":"https:\/\/ccoo.app\/ics\/wp-json\/wp\/v2\/posts\/32661\/revisions\/32664"}],"wp:featuredmedia":[{"embeddable":true,"href":"https:\/\/ccoo.app\/ics\/wp-json\/wp\/v2\/media\/32662"}],"wp:attachment":[{"href":"https:\/\/ccoo.app\/ics\/wp-json\/wp\/v2\/media?parent=32661"}],"wp:term":[{"taxonomy":"category","embeddable":true,"href":"https:\/\/ccoo.app\/ics\/wp-json\/wp\/v2\/categories?post=32661"},{"taxonomy":"post_tag","embeddable":true,"href":"https:\/\/ccoo.app\/ics\/wp-json\/wp\/v2\/tags?post=32661"},{"taxonomy":"area","embeddable":true,"href":"https:\/\/ccoo.app\/ics\/wp-json\/wp\/v2\/area?post=32661"}],"curies":[{"name":"wp","href":"https:\/\/api.w.org\/{rel}","templated":true}]}}