{"id":32649,"date":"2025-07-04T08:38:12","date_gmt":"2025-07-04T06:38:12","guid":{"rendered":"https:\/\/ccoo.app\/ics\/?p=32649"},"modified":"2025-07-17T08:39:24","modified_gmt":"2025-07-17T06:39:24","slug":"ccoo-i-ugt-convoquen-mobilitzacions-davant-els-incompliments-de-ladministracio-amb-les-persones-treballadores-en-locupacio-publica-del-nostre-pais","status":"publish","type":"post","link":"https:\/\/ccoo.app\/ics\/noticies\/ccoo-i-ugt-convoquen-mobilitzacions-davant-els-incompliments-de-ladministracio-amb-les-persones-treballadores-en-locupacio-publica-del-nostre-pais\/","title":{"rendered":"CCOO i UGT convoquen mobilitzacions davant els incompliments de l\u2019Administraci\u00f3 amb les persones treballadores en l\u2019ocupaci\u00f3 p\u00fablica del nostre pa\u00eds"},"content":{"rendered":"\n<h3 class=\"wp-block-heading\">La primera concentraci\u00f3 ser\u00e0 dimarts que ve 8 de juliol, davant el Ministeri d\u2019Hisenda, a les 11.30 hores.<\/h3>\n\n\n\n<p>Les persones amb responsabilitat en Funci\u00f3 P\u00fablica de les tres federacions que integren l\u2019\u00c0rea P\u00fablica de Comissions Obreres i d\u2019UGT Serveis P\u00fablics han mantingut aquest dijous una reuni\u00f3, en la seu d\u2019UGT, per a concretar les mobilitzacions que tots dos sindicats realitzaran en les pr\u00f2ximes setmanes davant els incompliments de l\u2019Administraci\u00f3 dels compromisos adquirits amb la representaci\u00f3 de les persones que treballen en l\u2019ocupaci\u00f3 p\u00fablica al nostre pa\u00eds.<\/p>\n\n\n\n<p>Isabel *Araque *Lucena, secret\u00e0ria general d\u2019UGT Serveis P\u00fablics, i Lluito *Palazzo Gall, coordinador de l\u2019\u00c0rea P\u00fablica de CCOO, han comparegut en roda de premsa, despr\u00e9s de la trobada celebrada entre totes dues organitzacions sindicals, per a ressaltar que, encara que aquesta setmana s\u2019ha aprovat en Consell de Ministres i publicat en el BOE l\u2019abonament del 0,5% de 2024, la mesura \u00e9s tardana i clarament insuficient.<\/p>\n\n\n\n<p>En la seva intervenci\u00f3, tots dos han exposat els assumptes que queden pendents de complir de l\u2019Acord marc per a una Administraci\u00f3 del Segle XXI, aix\u00ed com les principals demandes per a un nou acord i la necessitat d\u2019abordar la millora salarial per a l\u2019any 2025.<\/p>\n\n\n\n<p>Per aix\u00f2, dimarts que ve 8 de juliol, a les 11.30 hores, es dur\u00e0 a terme una concentraci\u00f3 davant el Ministeri d\u2019Hisenda sota el lema \u2018\u00c9s l\u2019hora. #Compleix els pactes\u2019, una mobilitzaci\u00f3 per a recordar a l\u2019Administraci\u00f3 que les persones treballadores en l\u2019ocupaci\u00f3 p\u00fablica estan encara a l\u2019espera que se\u2019ls doni una soluci\u00f3 a la jubilaci\u00f3 parcial per al personal laboral i la plena implantaci\u00f3 per al personal funcionari i estatutari, que s\u2019apliqui la jornada de 35 hores i la culminaci\u00f3 dels processos d\u2019estabilitzaci\u00f3 que acabi amb la xacra que suposa la temporalitat en el sector p\u00fablic.<\/p>\n\n\n\n<p>A aquestes q\u00fcestions sense atendre s\u2019uneixen unes altres tamb\u00e9 significatives per a un col\u00b7lectiu de m\u00e9s de tres milions de persones, com la plena implantaci\u00f3 del model de classificaci\u00f3 professional conforme a l\u2019actual Marc Espanyol de Qualificacions Professionals; negociar les necess\u00e0ries modificacions normatives per al ple establiment i desenvolupament dels plans d\u2019igualtat i els protocols d\u2019assetjament sexual i per ra\u00f3 de sexe; garantir l\u2019atenci\u00f3 presencial dels serveis p\u00fablics i un pla espec\u00edfic de digitalitzaci\u00f3 per a les zones de menor poblaci\u00f3 o en risc d\u2019exclusi\u00f3; la creaci\u00f3 d\u2019ocupaci\u00f3 neta en les administracions p\u00fabliques i rejoveniment de les plantilles; i impulsar la digitalitzaci\u00f3, captaci\u00f3 i retenci\u00f3 del talent, promoci\u00f3 interna, formaci\u00f3 i carrera professional.<\/p>\n\n\n\n<p>Per tot aix\u00f2, l\u2019\u00c0rea P\u00fablica de CCOO i UGT Serveis P\u00fablics mantenen el seu calendari de mobilitzacions, que tindr\u00e0 la seva primera acci\u00f3 dimarts que ve 8, davant el Ministeri d\u2019Hisenda i tant *Araque com *Palazzo han fet una crida a les persones treballadores de l\u2019ocupaci\u00f3 p\u00fablica perqu\u00e8 la secundin, en defensa del compliment dels compromisos per a la millora de les seves condicions de treball, la qual cosa redundar\u00e0 -han insistit els representants sindicals- en una millora de l\u2019atenci\u00f3 a la ciutadania i en un enfortiment dels serveis p\u00fablics.<\/p>\n","protected":false},"excerpt":{"rendered":"<p>La primera concentraci\u00f3 ser\u00e0 dimarts que ve 8 de juliol, davant el Ministeri d\u2019Hisenda, a les 11.30 hores. Les persones amb responsabilitat en Funci\u00f3 P\u00fablica de les tres federacions que &#8230; <a title=\"CCOO i UGT convoquen mobilitzacions davant els incompliments de l\u2019Administraci\u00f3 amb les persones treballadores en l\u2019ocupaci\u00f3 p\u00fablica del nostre pa\u00eds\" class=\"read-more\" href=\"https:\/\/ccoo.app\/ics\/noticies\/ccoo-i-ugt-convoquen-mobilitzacions-davant-els-incompliments-de-ladministracio-amb-les-persones-treballadores-en-locupacio-publica-del-nostre-pais\/\" aria-label=\"M\u00e9s informaci\u00f3 sobre CCOO i UGT convoquen mobilitzacions davant els incompliments de l\u2019Administraci\u00f3 amb les persones treballadores en l\u2019ocupaci\u00f3 p\u00fablica del nostre pa\u00eds\">Read more<\/a><\/p>\n","protected":false},"author":4386,"featured_media":32650,"comment_status":"closed","ping_status":"closed","sticky":false,"template":"","format":"standard","meta":{"footnotes":""},"categories":[13,1],"tags":[],"area":[],"class_list":["post-32649","post","type-post","status-publish","format-standard","has-post-thumbnail","hentry","category-accions-sindicals","category-noticies","generate-columns","tablet-grid-50","mobile-grid-100","grid-parent","grid-50"],"_links":{"self":[{"href":"https:\/\/ccoo.app\/ics\/wp-json\/wp\/v2\/posts\/32649","targetHints":{"allow":["GET"]}}],"collection":[{"href":"https:\/\/ccoo.app\/ics\/wp-json\/wp\/v2\/posts"}],"about":[{"href":"https:\/\/ccoo.app\/ics\/wp-json\/wp\/v2\/types\/post"}],"author":[{"embeddable":true,"href":"https:\/\/ccoo.app\/ics\/wp-json\/wp\/v2\/users\/4386"}],"replies":[{"embeddable":true,"href":"https:\/\/ccoo.app\/ics\/wp-json\/wp\/v2\/comments?post=32649"}],"version-history":[{"count":1,"href":"https:\/\/ccoo.app\/ics\/wp-json\/wp\/v2\/posts\/32649\/revisions"}],"predecessor-version":[{"id":32651,"href":"https:\/\/ccoo.app\/ics\/wp-json\/wp\/v2\/posts\/32649\/revisions\/32651"}],"wp:featuredmedia":[{"embeddable":true,"href":"https:\/\/ccoo.app\/ics\/wp-json\/wp\/v2\/media\/32650"}],"wp:attachment":[{"href":"https:\/\/ccoo.app\/ics\/wp-json\/wp\/v2\/media?parent=32649"}],"wp:term":[{"taxonomy":"category","embeddable":true,"href":"https:\/\/ccoo.app\/ics\/wp-json\/wp\/v2\/categories?post=32649"},{"taxonomy":"post_tag","embeddable":true,"href":"https:\/\/ccoo.app\/ics\/wp-json\/wp\/v2\/tags?post=32649"},{"taxonomy":"area","embeddable":true,"href":"https:\/\/ccoo.app\/ics\/wp-json\/wp\/v2\/area?post=32649"}],"curies":[{"name":"wp","href":"https:\/\/api.w.org\/{rel}","templated":true}]}}