{"id":32644,"date":"2025-07-14T08:32:12","date_gmt":"2025-07-14T06:32:12","guid":{"rendered":"https:\/\/ccoo.app\/ics\/?p=32644"},"modified":"2025-07-17T08:36:10","modified_gmt":"2025-07-17T06:36:10","slug":"14-de-juliol-dia-internacional-de-les-i-els-tcai","status":"publish","type":"post","link":"https:\/\/ccoo.app\/ics\/noticies\/14-de-juliol-dia-internacional-de-les-i-els-tcai\/","title":{"rendered":"14 de juliol \u2013 Dia Internacional de les i els TCAI"},"content":{"rendered":"\n<h3 class=\"wp-block-heading\">Cuidem amb el cor, treballem amb l\u2019\u00e0nima. Avui, 14 de juliol, \u00e9s el nostre dia, el Dia Internacional de les T\u00e8cniques i T\u00e8cnics en Cures Auxiliars d\u2019Infermeria (TCAI).<\/h3>\n\n\n\n<p>Avui, 14 de juliol, celebrem molt m\u00e9s que una professi\u00f3, celebrem la vocaci\u00f3, la dedicaci\u00f3 i l\u2019amor per la cura de les persones, i volem recon\u00e8ixer i visibilitzar el valor real i el significat profund de la nostra tasca di\u00e0ria. El nostre treball no sempre es veu, per\u00f2 es nota: en cada gest, en cada paraula, en cada detall.<\/p>\n\n\n\n<blockquote class=\"wp-block-quote is-layout-flow wp-block-quote-is-layout-flow\">\n<p>SOM TCAI<br>Som la primera veu que escolta un pacient quan arriba.<br>Som les mans que sostenen, els ulls que vetllen i el gest que acompanya.<br>Som presents en cada torn, a cada planta, en cada moment dif\u00edcil.<br>Som les i els que cuidem la vida amb responsabilitat, discreci\u00f3 i humanitat.<br>Som el suport invisible per\u00f2 imprescindible dins del sistema sanitari i sociosanitari.<br>SOM ESSENCIALS. SOM TCAI<\/p>\n<\/blockquote>\n\n\n\n<p><strong>Des de CCOO<\/strong>&nbsp;fem valdre l\u2019esfor\u00e7, la vocaci\u00f3 i el comprom\u00eds constant de totes les i els TCAI. Per aix\u00f2, avui, 14 de juliol,&nbsp;<strong>alcem la veu per continuar reclamant drets que no s\u00f3n privilegis, sin\u00f3 just\u00edcia:<\/strong><\/p>\n\n\n\n<ul class=\"wp-block-list\">\n<li>Reclassificaci\u00f3 professional del grup C2 al grup C1. Aplicaci\u00f3 directa i immediata del \u201cAcuerdo Marco por una administraci\u00f3n del siglo XXI\u201d signat per CCOO, amb les seves retribucions.<\/li>\n\n\n\n<li>Requalificaci\u00f3 professional al t\u00edtol de T\u00e8cnic i T\u00e8cnica de Grau Superior.<\/li>\n\n\n\n<li>Actualitzaci\u00f3 i ampliaci\u00f3 del cat\u00e0leg oficial de funcions: reconeixement real de totes les funcions i compet\u00e8ncies que desenvolupem.<\/li>\n\n\n\n<li>Millora de les condicions laborals i salarials i oportunitat de desenvolupament professional.<\/li>\n\n\n\n<li>Reconeixement social i institucional: la nostra tasca \u00e9s essencial pel funcionament del sistema sanitari i sociosanitari, per\u00f2 sovint passa desapercebuda, perqu\u00e8 nom\u00e9s all\u00f2 que es veu i es valora pot transformar-se i avan\u00e7ar.<\/li>\n\n\n\n<li>Participaci\u00f3 en la presa de decisions: implantaci\u00f3 de la figura del coordinador\/a de TCAI en tots els centres de salut.<\/li>\n\n\n\n<li>Millora de la planificaci\u00f3 de torns i conciliaci\u00f3 laboral-familiar.<\/li>\n\n\n\n<li>Reducci\u00f3 de r\u00e0tios pacient \/ TCAI per garantir una atenci\u00f3 de qualitat.<\/li>\n\n\n\n<li>Jubilaci\u00f3 anticipada per les exig\u00e8ncies f\u00edsiques i emocionals de la nostra professi\u00f3.<\/li>\n<\/ul>\n\n\n\n<p>No volem privilegis, nom\u00e9s demanem just\u00edcia i respecte per la nostra tasca. Exigim que la nostra feina sigui reconeguda, valorada i cuidada, com nosaltres ho fem cada dia a les persones que confien en el nostre suport.<\/p>\n\n\n\n<p><br>Avui, 14 de juliol, \u00e9s un bon moment per recordar-ho, per\u00f2 dem\u00e0 tamb\u00e9.<\/p>\n\n\n\n<p class=\"has-text-color has-link-color wp-elements-86e78e732da48a8c5c70ee200af34fa7\" style=\"color:#e53535\">SOM TCAI. SOM ESPERAN\u00c7A, SOM FOR\u00c7A, SOM IMPRESCINDIBLES.<\/p>\n\n\n\n<p><br><strong>Des de CCOO, us donem les gr\u00e0cies i reafirmen el nostre comprom\u00eds de continuar avan\u00e7ant i lluitant juntes i junts per fer realitat aquestes reivindicacions.<\/strong><\/p>\n\n\n\n<p class=\"has-text-color has-link-color wp-elements-9e9cabacf88dd0eeabbbc8f807395ca3\" style=\"color:#e53535\"><br>AVUI, 14 DE JULIOL, FELI\u00c7 DIA DE LES I ELS TCAI<\/p>\n\n\n\n<div data-wp-interactive=\"core\/file\" class=\"wp-block-file\"><object data-wp-bind--hidden=\"!state.hasPdfPreview\" hidden class=\"wp-block-file__embed\" data=\"https:\/\/ccoo.app\/ics\/wp-content\/blogs.dir\/6\/files\/sites\/200\/2025\/07\/Poster-TCAI-2025.pdf\" type=\"application\/pdf\" style=\"width:100%;height:1320px\" aria-label=\"Incrustaci\u00f3 del fitxer Poster TCAI 2025.\"><\/object><a id=\"wp-block-file--media-24ec114a-d765-4abe-b772-d70bc76f9b7b\" href=\"https:\/\/ccoo.app\/ics\/wp-content\/blogs.dir\/6\/files\/sites\/200\/2025\/07\/Poster-TCAI-2025.pdf\">Poster TCAI 2025<\/a><a href=\"https:\/\/ccoo.app\/ics\/wp-content\/blogs.dir\/6\/files\/sites\/200\/2025\/07\/Poster-TCAI-2025.pdf\" class=\"wp-block-file__button wp-element-button\" download aria-describedby=\"wp-block-file--media-24ec114a-d765-4abe-b772-d70bc76f9b7b\">Baixa<\/a><\/div>\n\n\n\n<div data-wp-interactive=\"core\/file\" class=\"wp-block-file\"><object data-wp-bind--hidden=\"!state.hasPdfPreview\" hidden class=\"wp-block-file__embed\" data=\"https:\/\/ccoo.app\/ics\/wp-content\/blogs.dir\/6\/files\/sites\/200\/2025\/07\/Manifest-TCAI-2025.pdf\" type=\"application\/pdf\" style=\"width:100%;height:1330px\" aria-label=\"Incrustaci\u00f3 del fitxer Manifest TCAI 2025.\"><\/object><a id=\"wp-block-file--media-67875759-967f-429f-a536-397b4064d0a5\" href=\"https:\/\/ccoo.app\/ics\/wp-content\/blogs.dir\/6\/files\/sites\/200\/2025\/07\/Manifest-TCAI-2025.pdf\">Manifest TCAI 2025<\/a><a href=\"https:\/\/ccoo.app\/ics\/wp-content\/blogs.dir\/6\/files\/sites\/200\/2025\/07\/Manifest-TCAI-2025.pdf\" class=\"wp-block-file__button wp-element-button\" download aria-describedby=\"wp-block-file--media-67875759-967f-429f-a536-397b4064d0a5\">Baixa<\/a><\/div>\n","protected":false},"excerpt":{"rendered":"<p>Cuidem amb el cor, treballem amb l\u2019\u00e0nima. Avui, 14 de juliol, \u00e9s el nostre dia, el Dia Internacional de les T\u00e8cniques i T\u00e8cnics en Cures Auxiliars d\u2019Infermeria (TCAI). Avui, 14 &#8230; <a title=\"14 de juliol \u2013 Dia Internacional de les i els TCAI\" class=\"read-more\" href=\"https:\/\/ccoo.app\/ics\/noticies\/14-de-juliol-dia-internacional-de-les-i-els-tcai\/\" aria-label=\"M\u00e9s informaci\u00f3 sobre 14 de juliol \u2013 Dia Internacional de les i els TCAI\">Read more<\/a><\/p>\n","protected":false},"author":4386,"featured_media":32645,"comment_status":"closed","ping_status":"closed","sticky":false,"template":"","format":"standard","meta":{"footnotes":""},"categories":[12,1],"tags":[],"area":[],"class_list":["post-32644","post","type-post","status-publish","format-standard","has-post-thumbnail","hentry","category-actualitat","category-noticies","generate-columns","tablet-grid-50","mobile-grid-100","grid-parent","grid-50"],"_links":{"self":[{"href":"https:\/\/ccoo.app\/ics\/wp-json\/wp\/v2\/posts\/32644","targetHints":{"allow":["GET"]}}],"collection":[{"href":"https:\/\/ccoo.app\/ics\/wp-json\/wp\/v2\/posts"}],"about":[{"href":"https:\/\/ccoo.app\/ics\/wp-json\/wp\/v2\/types\/post"}],"author":[{"embeddable":true,"href":"https:\/\/ccoo.app\/ics\/wp-json\/wp\/v2\/users\/4386"}],"replies":[{"embeddable":true,"href":"https:\/\/ccoo.app\/ics\/wp-json\/wp\/v2\/comments?post=32644"}],"version-history":[{"count":1,"href":"https:\/\/ccoo.app\/ics\/wp-json\/wp\/v2\/posts\/32644\/revisions"}],"predecessor-version":[{"id":32648,"href":"https:\/\/ccoo.app\/ics\/wp-json\/wp\/v2\/posts\/32644\/revisions\/32648"}],"wp:featuredmedia":[{"embeddable":true,"href":"https:\/\/ccoo.app\/ics\/wp-json\/wp\/v2\/media\/32645"}],"wp:attachment":[{"href":"https:\/\/ccoo.app\/ics\/wp-json\/wp\/v2\/media?parent=32644"}],"wp:term":[{"taxonomy":"category","embeddable":true,"href":"https:\/\/ccoo.app\/ics\/wp-json\/wp\/v2\/categories?post=32644"},{"taxonomy":"post_tag","embeddable":true,"href":"https:\/\/ccoo.app\/ics\/wp-json\/wp\/v2\/tags?post=32644"},{"taxonomy":"area","embeddable":true,"href":"https:\/\/ccoo.app\/ics\/wp-json\/wp\/v2\/area?post=32644"}],"curies":[{"name":"wp","href":"https:\/\/api.w.org\/{rel}","templated":true}]}}