{"id":32624,"date":"2025-04-21T18:13:31","date_gmt":"2025-04-21T16:13:31","guid":{"rendered":"https:\/\/ccoo.app\/ics\/?p=32624"},"modified":"2025-04-30T18:36:46","modified_gmt":"2025-04-30T16:36:46","slug":"actes-de-ccoo-el-28-dabril-dia-internacional-de-la-seguretat-i-la-salut-en-el-treball-del-2025","status":"publish","type":"post","link":"https:\/\/ccoo.app\/ics\/noticies\/actes-de-ccoo-el-28-dabril-dia-internacional-de-la-seguretat-i-la-salut-en-el-treball-del-2025\/","title":{"rendered":"Actes de CCOO el 28 d\u2019Abril, Dia Internacional de la Seguretat i la Salut en el Treball del 2025"},"content":{"rendered":"\n<p>CCOO de Catalunya ha preparat diferents actes i accions reivindicatives per commemorar un cop m\u00e9s el 28 d\u2019Abril, Dia Internacional de la Salut i la Seguretat en el Treball. Enguany ho farem amb el lema&nbsp;<strong>\u201c+ drets + salut + vida\u201d<\/strong>.<\/p>\n\n\n\n<ul class=\"wp-block-list\">\n<li><a href=\"https:\/\/www.ccoo.cat\/wp-content\/uploads\/2025\/04\/cartell-28-abril-2025.pdf\">Cartell<\/a><\/li>\n\n\n\n<li><a href=\"https:\/\/www.ccoo.cat\/wp-content\/uploads\/2025\/04\/octaveta-28-abril-2025.pdf\">Octaveta<\/a><\/li>\n\n\n\n<li><a href=\"https:\/\/www.ccoo.cat\/wp-content\/uploads\/2025\/04\/balanc-salut-laboral-2024.pdf\">Balan\u00e7 de salut laboral 2024<\/a><\/li>\n\n\n\n<li><a href=\"https:\/\/www.ccoo.cat\/wp-content\/uploads\/2025\/04\/infografies-28-abril-2025.pdf\">Infografies amb les dades m\u00e9s rellevants sobre salut laboral<\/a><\/li>\n\n\n\n<li><a href=\"https:\/\/www.ccoo.cat\/wp-content\/uploads\/2025\/04\/manifiest-ccoo-ugt-28-abril-2025.pdf\">Manifest de CCOO de Catalunya i UGT amb motiu del 28 d\u2019abril del 2025<\/a><\/li>\n<\/ul>\n\n\n\n<figure class=\"wp-block-embed is-type-video is-provider-youtube wp-block-embed-youtube wp-embed-aspect-16-9 wp-has-aspect-ratio\"><div class=\"wp-block-embed__wrapper\">\n<iframe loading=\"lazy\" title=\"28 d&#039;abril de 2025. Reducci\u00f3 de jornada \/ M\u00e9s participaci\u00f3 \/ Registre horari \/ Desconnexi\u00f3 digital\" width=\"1200\" height=\"675\" src=\"https:\/\/www.youtube.com\/embed\/Z4puaLptWY4?feature=oembed\" frameborder=\"0\" allow=\"accelerometer; autoplay; clipboard-write; encrypted-media; gyroscope; picture-in-picture; web-share\" referrerpolicy=\"strict-origin-when-cross-origin\" allowfullscreen><\/iframe>\n<\/div><\/figure>\n\n\n\n<h2 class=\"wp-block-heading\"><strong>Campanya als centres de treball<\/strong><\/h2>\n\n\n\n<p>En el marc del 28 d\u2019abril de 2025, Dia Internacional de la Salut i la Seguretat en el Treball, des de CCOO de Catalunya&nbsp;<strong>llencem una campanya dirigida a sensibilitzar en els centres de treball sobre la necessitat de millorar la prevenci\u00f3&nbsp;<\/strong>que es realitza a les empreses, sent tamb\u00e9 una oportunitat per donar a con\u00e8ixer la dedicaci\u00f3 i esfor\u00e7 constant de les delegades i delegats de prevenci\u00f3 per la millora de les condicions de treball.<\/p>\n\n\n\n<p>Posem a disposici\u00f3 dels delegats i delegades de prevenci\u00f3 una octaveta informativa (enlla\u00e7ar document) perqu\u00e8 s\u2019adhereixin a aquesta campanya des del 21 fins al 28 d\u2019abril, explicant als treballadors i treballadores la import\u00e0ncia de la prevenci\u00f3 de riscos laborals i promovent la lectura del manifest i un minut de silenci en record de les persones treballadores v\u00edctimes dels accidents de treball i malalties professionals.<\/p>\n\n\n\n<p>Cal que els delegats i delegades de CCOO visualitzem al centre de treball la nostra feina di\u00e0ria i les reivindicacions per aconseguir una millor protecci\u00f3 de la nostra salut.<\/p>\n\n\n\n<p><strong>Suma-t\u2019hi&nbsp;<\/strong>i, si pots, comparteix-ho a les xarxes!<\/p>\n\n\n\n<p><a href=\"https:\/\/twitter.com\/hashtag\/MesPrevencio\"><strong><em>#MesPrevencio<\/em><\/strong><\/a><strong><em>&nbsp;|&nbsp;<\/em><\/strong><a href=\"https:\/\/twitter.com\/hashtag\/28Abril\"><strong><em>#28Abril<\/em><\/strong><\/a>&nbsp;<strong><em>|&nbsp;<\/em><\/strong><a href=\"https:\/\/twitter.com\/hashtag\/ActivaLaSalut\"><strong><em>#ActivaLaSalut<\/em><\/strong><\/a><\/p>\n\n\n\n<h2 class=\"wp-block-heading\"><strong>Actes previstos<\/strong><\/h2>\n\n\n\n<p>S\u2019han organitzat diversos&nbsp;<strong>actes i assemblees arreu de Catalunya<\/strong>&nbsp;per commemorar el 28 d\u2019abril.<\/p>\n\n\n\n<h3 class=\"wp-block-heading\"><strong>Tarragona<\/strong><\/h3>\n\n\n\n<ul class=\"wp-block-list\">\n<li>24 d\u2019abril, Roda de premsa i presentaci\u00f3 de l\u2019informe \u201cBalan\u00e7 de salut laboral 2024\u201d i assemblea de delegats i delegades a la Universitat Rovira i Virgili.<\/li>\n<\/ul>\n\n\n\n<p><a href=\"https:\/\/www.ccoo.cat\/tarragona\/noticies\/digitalitzacio-i-salut-mental-assemblea-de-delegats-i-delegades-de-ccoo-tarragona\/\">M\u00e9s informaci\u00f3 i inscripcions<\/a><\/p>\n\n\n\n<h3 class=\"wp-block-heading\"><strong>Barcelona<\/strong><\/h3>\n\n\n\n<ul class=\"wp-block-list\">\n<li>28 d\u2019abril, a les 9.00 h, assemblea de delegats i delegades a la sala d\u2019actes de Via Laietana i concentraci\u00f3 unit\u00e0ria a la pla\u00e7a del Rei a les 12:30h.<\/li>\n<\/ul>\n\n\n\n<p><a href=\"https:\/\/forms.gle\/VgWTTA5i5y5HDkb69\">Inscripcions<\/a><\/p>\n\n\n\n<p><object><\/object><a href=\"https:\/\/www.ccoo.cat\/wp-content\/uploads\/2025\/04\/programa-28-abril-2025-v2.pdf\">Programa del 28 d\u2019Abril de 2025<\/a><a href=\"https:\/\/www.ccoo.cat\/wp-content\/uploads\/2025\/04\/programa-28-abril-2025-v2.pdf\">Baixa<\/a><\/p>\n\n\n\n<div data-wp-interactive=\"core\/file\" class=\"wp-block-file\"><object data-wp-bind--hidden=\"!state.hasPdfPreview\" hidden class=\"wp-block-file__embed\" data=\"https:\/\/ccoo.app\/ics\/wp-content\/blogs.dir\/6\/files\/sites\/200\/2025\/04\/programa-28-abril-2025-v2.pdf\" type=\"application\/pdf\" style=\"width:100%;height:1000px\" aria-label=\"Incrustaci\u00f3 del fitxer programa-28-abril-2025-v2.\"><\/object><a id=\"wp-block-file--media-6967875d-9e17-416e-be37-422b33d5a698\" href=\"https:\/\/ccoo.app\/ics\/wp-content\/blogs.dir\/6\/files\/sites\/200\/2025\/04\/programa-28-abril-2025-v2.pdf\">programa-28-abril-2025-v2<\/a><a href=\"https:\/\/ccoo.app\/ics\/wp-content\/blogs.dir\/6\/files\/sites\/200\/2025\/04\/programa-28-abril-2025-v2.pdf\" class=\"wp-block-file__button wp-element-button\" download aria-describedby=\"wp-block-file--media-6967875d-9e17-416e-be37-422b33d5a698\">Baixa<\/a><\/div>\n\n\n\n<h3 class=\"wp-block-heading\"><strong>Lleida<\/strong><\/h3>\n\n\n\n<p>28 d\u2019abril, assemblea de delegades i delegats i concentraci\u00f3 reivindicativa.<\/p>\n\n\n\n<ul class=\"wp-block-list\">\n<li><a href=\"https:\/\/www.ccoo.cat\/wp-content\/uploads\/2025\/04\/programa-28-abril-2025-lleida.pdf\">Programa de la jornada del 28 d\u2019abril a Lleida<\/a><\/li>\n\n\n\n<li><a href=\"https:\/\/www.ccoo.cat\/lleida\/noticies\/ccoo-de-lleida-commemora-el-dia-internacional-de-la-seguretat-i-la-salut-en-el-treball\/\">M\u00e9s informaci\u00f3 al web de CCOO de Lleida<\/a><\/li>\n<\/ul>\n\n\n\n<h3 class=\"wp-block-heading\"><strong>Girona<\/strong><\/h3>\n\n\n\n<p>28 d\u2019abril, concentraci\u00f3 davant la Federaci\u00f3 d\u2019Organitzacions Empresarials de Girona.<\/p>\n","protected":false},"excerpt":{"rendered":"<p>CCOO de Catalunya ha preparat diferents actes i accions reivindicatives per commemorar un cop m\u00e9s el 28 d\u2019Abril, Dia Internacional de la Salut i la Seguretat en el Treball. Enguany &#8230; <a title=\"Actes de CCOO el 28 d\u2019Abril, Dia Internacional de la Seguretat i la Salut en el Treball del 2025\" class=\"read-more\" href=\"https:\/\/ccoo.app\/ics\/noticies\/actes-de-ccoo-el-28-dabril-dia-internacional-de-la-seguretat-i-la-salut-en-el-treball-del-2025\/\" aria-label=\"M\u00e9s informaci\u00f3 sobre Actes de CCOO el 28 d\u2019Abril, Dia Internacional de la Seguretat i la Salut en el Treball del 2025\">Read more<\/a><\/p>\n","protected":false},"author":4386,"featured_media":32627,"comment_status":"closed","ping_status":"closed","sticky":false,"template":"","format":"standard","meta":{"footnotes":""},"categories":[1],"tags":[],"area":[],"class_list":["post-32624","post","type-post","status-publish","format-standard","has-post-thumbnail","hentry","category-noticies","generate-columns","tablet-grid-50","mobile-grid-100","grid-parent","grid-50"],"_links":{"self":[{"href":"https:\/\/ccoo.app\/ics\/wp-json\/wp\/v2\/posts\/32624","targetHints":{"allow":["GET"]}}],"collection":[{"href":"https:\/\/ccoo.app\/ics\/wp-json\/wp\/v2\/posts"}],"about":[{"href":"https:\/\/ccoo.app\/ics\/wp-json\/wp\/v2\/types\/post"}],"author":[{"embeddable":true,"href":"https:\/\/ccoo.app\/ics\/wp-json\/wp\/v2\/users\/4386"}],"replies":[{"embeddable":true,"href":"https:\/\/ccoo.app\/ics\/wp-json\/wp\/v2\/comments?post=32624"}],"version-history":[{"count":1,"href":"https:\/\/ccoo.app\/ics\/wp-json\/wp\/v2\/posts\/32624\/revisions"}],"predecessor-version":[{"id":32628,"href":"https:\/\/ccoo.app\/ics\/wp-json\/wp\/v2\/posts\/32624\/revisions\/32628"}],"wp:featuredmedia":[{"embeddable":true,"href":"https:\/\/ccoo.app\/ics\/wp-json\/wp\/v2\/media\/32627"}],"wp:attachment":[{"href":"https:\/\/ccoo.app\/ics\/wp-json\/wp\/v2\/media?parent=32624"}],"wp:term":[{"taxonomy":"category","embeddable":true,"href":"https:\/\/ccoo.app\/ics\/wp-json\/wp\/v2\/categories?post=32624"},{"taxonomy":"post_tag","embeddable":true,"href":"https:\/\/ccoo.app\/ics\/wp-json\/wp\/v2\/tags?post=32624"},{"taxonomy":"area","embeddable":true,"href":"https:\/\/ccoo.app\/ics\/wp-json\/wp\/v2\/area?post=32624"}],"curies":[{"name":"wp","href":"https:\/\/api.w.org\/{rel}","templated":true}]}}