{"id":32621,"date":"2025-04-15T18:00:00","date_gmt":"2025-04-15T16:00:00","guid":{"rendered":"https:\/\/ccoo.app\/ics\/?p=32621"},"modified":"2025-04-30T18:06:13","modified_gmt":"2025-04-30T16:06:13","slug":"un-estudi-de-ccoo-denuncia-que-vuit-de-cada-deu-infermeres-han-sofert-agressions","status":"publish","type":"post","link":"https:\/\/ccoo.app\/ics\/noticies\/un-estudi-de-ccoo-denuncia-que-vuit-de-cada-deu-infermeres-han-sofert-agressions\/","title":{"rendered":"Un estudi de CCOO denuncia que vuit de cada deu infermeres han sofert agressions"},"content":{"rendered":"\n<h3 class=\"wp-block-heading\">Un informe elaborat per la Federaci\u00f3 de Sanitat i Sectors Sociosanitaris de CCOO (FSS-CCOO), despr\u00e9s d&#8217;analitzar m\u00e9s de 1.800 enquestes realitzades a personal d&#8217;Infermeria, revela que m\u00e9s del 76% de les persones enquestades han sofert agressions verbals, f\u00edsiques o ps\u00edquiques per part de pacients o familiars. Aix\u00ed mateix, l&#8217;estudi posa de manifest que el 65% de les infermeres enquestades no senten reconeguda la seva labor i la seva capacitaci\u00f3 per part de les persones usu\u00e0ries dels serveis de salut on treballen.<\/h3>\n\n\n\n<p>Una de les q\u00fcestions que m\u00e9s preocupen el personal d&#8217;Infermeria s\u00f3n l&#8217;elevat nombre d&#8217;agressions, tant f\u00edsiques com verbals, que sofreixen di\u00e0riament. M\u00e9s del 76% de les persones enquestades han sofert agressions verbals, f\u00edsiques o ps\u00edquiques per part de pacients o familiars. Segons l&#8217;Informe d&#8217;agressions a professionals del Sistema Nacional de Salut (SNS), publicat pel Ministeri de Sanitat, l&#8217;any 2023, el 30% de les agressions a professionals del SNS van ser comeses contra infermeres i infermers. La taxa de notificacions d&#8217;agressions en aquesta categoria va ser de 24,19 per 1.000 professionals.<\/p>\n\n\n\n<p>A tot aix\u00f2 se suma el fet que el 65% de les infermeres enquestades no senten reconeguda la seva labor i la seva capacitaci\u00f3 per part dels usuaris dels serveis de salut on treballen.<\/p>\n\n\n\n<p>Una den\u00fancia sobre les agressions i la falta de reconeixement que sofreix aquest col\u00b7lectiu que ve a explicar, entre altres factors, la dada que revela aquest informe de la FSS-CCOO quan posa de manifest que m\u00e9s de la meitat (51,6%) de les infermeres s&#8217;ha plantejat abandonar la seva professi\u00f3.<\/p>\n\n\n\n<p>L&#8217;estudi elaborat per la FSS-CCOO revela a m\u00e9s que el 80% de les infermeres enquestades veuen a les especialitats d&#8217;Infermeria com una eina de desenvolupament i de major autonomia per a la seva professi\u00f3. No obstant aix\u00f2, veuen insuficient el nombre de places que s&#8217;ofereixen anualment per a accedir a la formaci\u00f3 *EIR. D&#8217;altra banda, el 68,5% del personal d&#8217;Infermeria realitza labors que no s\u00f3n pr\u00f2pies de la seva professi\u00f3 a causa de la falta de personal d&#8217;altres categories..<\/p>\n\n\n\n<p>Un altre dels aspectes preocupants sobre les condicions laborals de les infermeres \u00e9s la dificultat per a conciliar la vida laboral, personal i familiar. Gaireb\u00e9 la meitat dels enquestats (47%) assegura que el seu horari laboral no els permet aconseguir un equilibri entre la seva vida laboral, personal i familiar.<\/p>\n\n\n\n<p>Encara m\u00e9s alarmant \u00e9s l&#8217;impacte d&#8217;aquests torns en la salut de les infermeres. A la pregunta de si creuen que els torns que realitzen afecten la seva salut, el 77% de les infermeres responen afirmativament. A m\u00e9s, el 38% del personal ha sofert alguna incapacitat temporal per lesions musculoesquel\u00e8tiques derivades del treball o per estr\u00e8s laboral en els \u00faltims tres anys.<\/p>\n\n\n\n<p>Propostes sindicals<\/p>\n\n\n\n<p>La FSS-CCOO recull en aquest informe propostes sindicals dirigides a donar resposta a les necessitats d&#8217;aquest col\u00b7lectiu professional. Algunes d&#8217;elles s\u00f3n:<\/p>\n\n\n\n<ul class=\"wp-block-list\">\n<li>Augmentar el finan\u00e7ament de la sanitat p\u00fablica en un 8% del PIB,destinant un 25% a Atenci\u00f3 Prim\u00e0ria.<\/li>\n\n\n\n<li>Reducci\u00f3 de la temporalitat inferior al 8%, segons dona el mandat la UE.Exigir l&#8217;estabilitzaci\u00f3 de les plantilles perqu\u00e8 el percentatge de contratos fijos abast els llindars establerts per la Uni\u00f3 Europea.<\/li>\n\n\n\n<li>Augmentar la contractaci\u00f3 de personal. Realitzar estudis de c\u00e0rrega de treball en cada unitat per a dimensionar les plantilles a les necessitats reals i ajustar-les de manera proporcional.<\/li>\n\n\n\n<li>Garantir la cobertura de les abs\u00e8ncies i regular les \u201chores extra\u201d. Exigim la contractaci\u00f3 immediata per a cobrir les baixes i abs\u00e8ncies temporals dels professionals, evitant, d&#8217;aquesta manera, sobrecarregar a la resta. Des de CCOO exigim que es reguli les hores extraordin\u00e0ries i es garanteixi una retribuci\u00f3 justa.<\/li>\n\n\n\n<li>Reconeixement de les compet\u00e8ncies professionals d&#8217;Infermeria. A trav\u00e9s de les modificacions normatives i organitzatives que permetin l&#8217;autonomia professional i el ple desenvolupament de les compet\u00e8ncies adquirides segons l&#8217;Ordre CIN\/2134\/2008, de 3 de juliol, per la qual s&#8217;estableixen els requisits per a la verificaci\u00f3 dels t\u00edtols universitaris oficials que habilitin per a l&#8217;exercici de la professi\u00f3 d&#8217;Infermera.<\/li>\n\n\n\n<li>Desenvolupament complet de les especialitats amb dotaci\u00f3 correcta de professionals en tot el Sistema Nacional de Salut. L&#8217;any 2024, la FSS-CCOO presenta davant l&#8217;administraci\u00f3 una nova proposta on es recull una classificaci\u00f3 segons el Marc Espanyol de Qualificacions per a l&#8217;aprenentatge (MECU) en la qual el personal d&#8217;infermeria estaria emmarcat en els nivells 6, 7 i 8 MECU.<\/li>\n\n\n\n<li>Modernitzar les instal\u00b7lacions i renovaci\u00f3 d&#8217;equipaments. Millorar les condicions f\u00edsiques dels espais de treball.<\/li>\n\n\n\n<li>Establir protocols de prevenci\u00f3 efectius enfront de les agressions f\u00edsiques, ps\u00edquiques i\/o verbals als professionals. \u00c9s necessari tallar d&#8217;arrel les agressions que sofreixen les i els treballadors per part dels pacients o familiars.<\/li>\n\n\n\n<li>Fomentar torns que afavoreixin la conciliaci\u00f3 de la vida laboral, personal i familiar. Amb normatives que limitin l&#8217;excessiva rotaci\u00f3 de torns i garanteixin el dret a la conciliaci\u00f3, aix\u00ed com minimitzar els canvis constants d&#8217;horari i garantir per\u00edodes adequats de descans entre torns.<\/li>\n<\/ul>\n","protected":false},"excerpt":{"rendered":"<p>Un informe elaborat per la Federaci\u00f3 de Sanitat i Sectors Sociosanitaris de CCOO (FSS-CCOO), despr\u00e9s d&#8217;analitzar m\u00e9s de 1.800 enquestes realitzades a personal d&#8217;Infermeria, revela que m\u00e9s del 76% de &#8230; <a title=\"Un estudi de CCOO denuncia que vuit de cada deu infermeres han sofert agressions\" class=\"read-more\" href=\"https:\/\/ccoo.app\/ics\/noticies\/un-estudi-de-ccoo-denuncia-que-vuit-de-cada-deu-infermeres-han-sofert-agressions\/\" aria-label=\"M\u00e9s informaci\u00f3 sobre Un estudi de CCOO denuncia que vuit de cada deu infermeres han sofert agressions\">Read more<\/a><\/p>\n","protected":false},"author":4386,"featured_media":32622,"comment_status":"closed","ping_status":"closed","sticky":false,"template":"","format":"standard","meta":{"footnotes":""},"categories":[12,1,8],"tags":[],"area":[],"class_list":["post-32621","post","type-post","status-publish","format-standard","has-post-thumbnail","hentry","category-actualitat","category-noticies","category-salut-laboral","generate-columns","tablet-grid-50","mobile-grid-100","grid-parent","grid-50"],"_links":{"self":[{"href":"https:\/\/ccoo.app\/ics\/wp-json\/wp\/v2\/posts\/32621","targetHints":{"allow":["GET"]}}],"collection":[{"href":"https:\/\/ccoo.app\/ics\/wp-json\/wp\/v2\/posts"}],"about":[{"href":"https:\/\/ccoo.app\/ics\/wp-json\/wp\/v2\/types\/post"}],"author":[{"embeddable":true,"href":"https:\/\/ccoo.app\/ics\/wp-json\/wp\/v2\/users\/4386"}],"replies":[{"embeddable":true,"href":"https:\/\/ccoo.app\/ics\/wp-json\/wp\/v2\/comments?post=32621"}],"version-history":[{"count":1,"href":"https:\/\/ccoo.app\/ics\/wp-json\/wp\/v2\/posts\/32621\/revisions"}],"predecessor-version":[{"id":32623,"href":"https:\/\/ccoo.app\/ics\/wp-json\/wp\/v2\/posts\/32621\/revisions\/32623"}],"wp:featuredmedia":[{"embeddable":true,"href":"https:\/\/ccoo.app\/ics\/wp-json\/wp\/v2\/media\/32622"}],"wp:attachment":[{"href":"https:\/\/ccoo.app\/ics\/wp-json\/wp\/v2\/media?parent=32621"}],"wp:term":[{"taxonomy":"category","embeddable":true,"href":"https:\/\/ccoo.app\/ics\/wp-json\/wp\/v2\/categories?post=32621"},{"taxonomy":"post_tag","embeddable":true,"href":"https:\/\/ccoo.app\/ics\/wp-json\/wp\/v2\/tags?post=32621"},{"taxonomy":"area","embeddable":true,"href":"https:\/\/ccoo.app\/ics\/wp-json\/wp\/v2\/area?post=32621"}],"curies":[{"name":"wp","href":"https:\/\/api.w.org\/{rel}","templated":true}]}}