{"id":32617,"date":"2025-04-28T08:00:00","date_gmt":"2025-04-28T06:00:00","guid":{"rendered":"https:\/\/ccoo.app\/ics\/?p=32617"},"modified":"2025-04-30T12:51:26","modified_gmt":"2025-04-30T10:51:26","slug":"primer-de-maig-de-2025","status":"publish","type":"post","link":"https:\/\/ccoo.app\/ics\/noticies\/primer-de-maig-de-2025\/","title":{"rendered":"Primer de Maig de 2025"},"content":{"rendered":"\n<figure class=\"wp-block-table\"><table class=\"has-fixed-layout\"><thead><tr><th><strong>Ciutat<\/strong><\/th><th><strong>Hora<\/strong><\/th><th><strong>Lloc<\/strong><\/th><\/tr><\/thead><tbody><tr><td><strong><a href=\"https:\/\/www.ccoo.cat\/wp-content\/uploads\/2025\/04\/1rmaig-bcn-ccoo-2025-scaled.png\">Barcelona<\/a><\/strong><\/td><td>11.30 h<\/td><td>Pla\u00e7a Urquinaona<\/td><\/tr><tr><td><strong><a href=\"https:\/\/www.ccoo.cat\/wp-content\/uploads\/2025\/04\/1rmaig-girona-ccoo-2025-scaled.png\">Girona<\/a><\/strong><\/td><td>12.00 h<\/td><td>Pla\u00e7a de la Independ\u00e8ncia<\/td><\/tr><tr><td><strong><a href=\"https:\/\/www.ccoo.cat\/wp-content\/uploads\/2025\/04\/1rmaig-igualada-ccoo-2025-scaled.png\">Igualada<\/a><\/strong><\/td><td>11.30 h<\/td><td>Passeig de Jacint Verdaguer \/ carrer de Sant Mag\u00ed<\/td><\/tr><tr><td><strong><a href=\"https:\/\/www.ccoo.cat\/wp-content\/uploads\/2025\/04\/1rmaig-lleida-ccoo-2025-scaled.png\">Lleida<\/a><\/strong><\/td><td>12.00 h<\/td><td>Pla\u00e7a del Treball<\/td><\/tr><tr><td><strong><a href=\"https:\/\/www.ccoo.cat\/wp-content\/uploads\/2025\/04\/1rmaig-tarragona-ccoo-2025-scaled.png\">Tarragona<\/a><\/strong><\/td><td>12.00 h<\/td><td>Pla\u00e7a Imperial T\u00e0rraco<\/td><\/tr><tr><td><strong><a href=\"https:\/\/www.ccoo.cat\/wp-content\/uploads\/2025\/04\/1rmaig-terrassa-ccoo-2025-3479x255-1-scaled.png\">Terrassa<\/a><\/strong><\/td><td>11.00 h<\/td><td>Pla\u00e7a de Llu\u00eds Companys<\/td><\/tr><tr><td><strong><a href=\"https:\/\/www.ccoo.cat\/wp-content\/uploads\/2025\/04\/1rmaig-tortosa-ccoo-2025-scaled.png\">Tortosa<\/a><\/strong><\/td><td>12.00 h<\/td><td>Pla\u00e7a del Carrilet<\/td><\/tr><\/tbody><\/table><\/figure>\n\n\n\n<p class=\"has-medium-font-size\"><strong>Cartell unitari<\/strong><\/p>\n\n\n\n<figure class=\"wp-block-gallery has-nested-images columns-default is-cropped wp-block-gallery-1 is-layout-flex wp-block-gallery-is-layout-flex\">\n<figure class=\"wp-block-image size-large\"><img decoding=\"async\" data-id=\"155168\" src=\"https:\/\/www.ccoo.cat\/wp-content\/uploads\/2025\/04\/cartell-a4-unitari-1rmaig2025-tortosa_page-0001-730x1024.jpg\" alt=\"Cartell A4 Unitari 1rmaig2025 Tortosa Page 0001\" class=\"wp-image-155168\" \/><\/figure>\n\n\n\n<figure class=\"wp-block-image size-large\"><img decoding=\"async\" data-id=\"155172\" src=\"https:\/\/www.ccoo.cat\/wp-content\/uploads\/2025\/04\/cartell-a4-unitari-1rmaig2025-tarragona_page-0001-2-730x1024.jpg\" alt=\"Cartell A4 Unitari 1rmaig2025 Tarragona Page 0001\" class=\"wp-image-155172\" \/><\/figure>\n\n\n\n<figure class=\"wp-block-image size-large\"><img decoding=\"async\" data-id=\"155171\" src=\"https:\/\/www.ccoo.cat\/wp-content\/uploads\/2025\/04\/cartell-a4-unitari-1rmaig2025-terrassa_page-0001-2-730x1024.jpg\" alt=\"Cartell A4 Unitari 1rmaig2025 Terrassa Page 0001\" class=\"wp-image-155171\" \/><\/figure>\n\n\n\n<figure class=\"wp-block-image size-large\"><img decoding=\"async\" data-id=\"155169\" src=\"https:\/\/www.ccoo.cat\/wp-content\/uploads\/2025\/04\/cartell-a4-unitari-1rmaig2025-igualada_page-0001-1-730x1024.jpg\" alt=\"Cartell A4 Unitari 1rmaig2025 Igualada Page 0001\" class=\"wp-image-155169\" \/><\/figure>\n\n\n\n<figure class=\"wp-block-image size-large\"><img decoding=\"async\" data-id=\"155170\" src=\"https:\/\/www.ccoo.cat\/wp-content\/uploads\/2025\/04\/cartell-a4-unitari-1rmaig2025-lleida_page-0001-1-730x1024.jpg\" alt=\"Cartell A4 Unitari 1rmaig2025 Lleida Page 0001\" class=\"wp-image-155170\" \/><\/figure>\n\n\n\n<figure class=\"wp-block-image size-large\"><img decoding=\"async\" data-id=\"155173\" src=\"https:\/\/www.ccoo.cat\/wp-content\/uploads\/2025\/04\/cartell-a4-unitari-1rmaig2025-girona_page-0001-1-730x1024.jpg\" alt=\"Cartell A4 Unitari 1rmaig2025 Girona Page 0001\" class=\"wp-image-155173\" \/><\/figure>\n<\/figure>\n\n\n\n<p class=\"has-medium-font-size\"><strong>Manifest unitari<\/strong><\/p>\n\n\n\n<figure class=\"wp-block-gallery has-nested-images columns-default is-cropped wp-block-gallery-2 is-layout-flex wp-block-gallery-is-layout-flex\">\n<figure class=\"wp-block-image size-large\"><img decoding=\"async\" data-id=\"155168\" src=\"https:\/\/www.ccoo.cat\/wp-content\/uploads\/2025\/04\/cartell-a4-unitari-1rmaig2025-tortosa_page-0001-730x1024.jpg\" alt=\"Cartell A4 Unitari 1rmaig2025 Tortosa Page 0001\" class=\"wp-image-155168\" \/><\/figure>\n\n\n\n<figure class=\"wp-block-image size-large\"><img decoding=\"async\" data-id=\"155172\" src=\"https:\/\/www.ccoo.cat\/wp-content\/uploads\/2025\/04\/cartell-a4-unitari-1rmaig2025-tarragona_page-0001-2-730x1024.jpg\" alt=\"Cartell A4 Unitari 1rmaig2025 Tarragona Page 0001\" class=\"wp-image-155172\" \/><\/figure>\n\n\n\n<figure class=\"wp-block-image size-large\"><img decoding=\"async\" data-id=\"155171\" src=\"https:\/\/www.ccoo.cat\/wp-content\/uploads\/2025\/04\/cartell-a4-unitari-1rmaig2025-terrassa_page-0001-2-730x1024.jpg\" alt=\"Cartell A4 Unitari 1rmaig2025 Terrassa Page 0001\" class=\"wp-image-155171\" \/><\/figure>\n\n\n\n<figure class=\"wp-block-image size-large\"><img decoding=\"async\" data-id=\"155169\" src=\"https:\/\/www.ccoo.cat\/wp-content\/uploads\/2025\/04\/cartell-a4-unitari-1rmaig2025-igualada_page-0001-1-730x1024.jpg\" alt=\"Cartell A4 Unitari 1rmaig2025 Igualada Page 0001\" class=\"wp-image-155169\" \/><\/figure>\n\n\n\n<figure class=\"wp-block-image size-large\"><img decoding=\"async\" data-id=\"155170\" src=\"https:\/\/www.ccoo.cat\/wp-content\/uploads\/2025\/04\/cartell-a4-unitari-1rmaig2025-lleida_page-0001-1-730x1024.jpg\" alt=\"Cartell A4 Unitari 1rmaig2025 Lleida Page 0001\" class=\"wp-image-155170\" \/><\/figure>\n\n\n\n<figure class=\"wp-block-image size-large\"><img decoding=\"async\" data-id=\"155173\" src=\"https:\/\/www.ccoo.cat\/wp-content\/uploads\/2025\/04\/cartell-a4-unitari-1rmaig2025-girona_page-0001-1-730x1024.jpg\" alt=\"Cartell A4 Unitari 1rmaig2025 Girona Page 0001\" class=\"wp-image-155173\" \/><\/figure>\n<\/figure>\n\n\n\n<p class=\"has-medium-font-size\"><strong>Manifest unitari<\/strong><\/p>\n\n\n\n<div data-wp-interactive=\"core\/file\" class=\"wp-block-file\"><object data-wp-bind--hidden=\"!state.hasPdfPreview\" hidden class=\"wp-block-file__embed\" data=\"https:\/\/ccoo.app\/ics\/wp-content\/blogs.dir\/6\/files\/sites\/200\/2025\/04\/ugt-cat_ccoo_manifest_primer-de-maig_2025_a4.pdf\" type=\"application\/pdf\" style=\"width:100%;height:600px\" aria-label=\"Incrustaci\u00f3 del fitxer ugt-cat_ccoo_manifest_primer-de-maig_2025_a4.\"><\/object><a id=\"wp-block-file--media-560fafea-14a0-449b-bcca-3c8b76fd1e68\" href=\"https:\/\/ccoo.app\/ics\/wp-content\/blogs.dir\/6\/files\/sites\/200\/2025\/04\/ugt-cat_ccoo_manifest_primer-de-maig_2025_a4.pdf\">ugt-cat_ccoo_manifest_primer-de-maig_2025_a4<\/a><a href=\"https:\/\/ccoo.app\/ics\/wp-content\/blogs.dir\/6\/files\/sites\/200\/2025\/04\/ugt-cat_ccoo_manifest_primer-de-maig_2025_a4.pdf\" class=\"wp-block-file__button wp-element-button\" download aria-describedby=\"wp-block-file--media-560fafea-14a0-449b-bcca-3c8b76fd1e68\">Baixa<\/a><\/div>\n\n\n\n<p>Baixa<\/p>\n\n\n\n<p><\/p>\n","protected":false},"excerpt":{"rendered":"<p>Ciutat Hora Lloc Barcelona 11.30 h Pla\u00e7a Urquinaona Girona 12.00 h Pla\u00e7a de la Independ\u00e8ncia Igualada 11.30 h Passeig de Jacint Verdaguer \/ carrer de Sant Mag\u00ed Lleida 12.00 h &#8230; <a title=\"Primer de Maig de 2025\" class=\"read-more\" href=\"https:\/\/ccoo.app\/ics\/noticies\/primer-de-maig-de-2025\/\" aria-label=\"M\u00e9s informaci\u00f3 sobre Primer de Maig de 2025\">Read more<\/a><\/p>\n","protected":false},"author":4386,"featured_media":32619,"comment_status":"closed","ping_status":"closed","sticky":false,"template":"","format":"standard","meta":{"footnotes":""},"categories":[13,1],"tags":[],"area":[],"class_list":["post-32617","post","type-post","status-publish","format-standard","has-post-thumbnail","hentry","category-accions-sindicals","category-noticies","generate-columns","tablet-grid-50","mobile-grid-100","grid-parent","grid-50"],"_links":{"self":[{"href":"https:\/\/ccoo.app\/ics\/wp-json\/wp\/v2\/posts\/32617","targetHints":{"allow":["GET"]}}],"collection":[{"href":"https:\/\/ccoo.app\/ics\/wp-json\/wp\/v2\/posts"}],"about":[{"href":"https:\/\/ccoo.app\/ics\/wp-json\/wp\/v2\/types\/post"}],"author":[{"embeddable":true,"href":"https:\/\/ccoo.app\/ics\/wp-json\/wp\/v2\/users\/4386"}],"replies":[{"embeddable":true,"href":"https:\/\/ccoo.app\/ics\/wp-json\/wp\/v2\/comments?post=32617"}],"version-history":[{"count":1,"href":"https:\/\/ccoo.app\/ics\/wp-json\/wp\/v2\/posts\/32617\/revisions"}],"predecessor-version":[{"id":32620,"href":"https:\/\/ccoo.app\/ics\/wp-json\/wp\/v2\/posts\/32617\/revisions\/32620"}],"wp:featuredmedia":[{"embeddable":true,"href":"https:\/\/ccoo.app\/ics\/wp-json\/wp\/v2\/media\/32619"}],"wp:attachment":[{"href":"https:\/\/ccoo.app\/ics\/wp-json\/wp\/v2\/media?parent=32617"}],"wp:term":[{"taxonomy":"category","embeddable":true,"href":"https:\/\/ccoo.app\/ics\/wp-json\/wp\/v2\/categories?post=32617"},{"taxonomy":"post_tag","embeddable":true,"href":"https:\/\/ccoo.app\/ics\/wp-json\/wp\/v2\/tags?post=32617"},{"taxonomy":"area","embeddable":true,"href":"https:\/\/ccoo.app\/ics\/wp-json\/wp\/v2\/area?post=32617"}],"curies":[{"name":"wp","href":"https:\/\/api.w.org\/{rel}","templated":true}]}}