{"id":32604,"date":"2025-04-29T09:16:46","date_gmt":"2025-04-29T07:16:46","guid":{"rendered":"https:\/\/ccoo.app\/ics\/?p=32604"},"modified":"2025-04-30T09:23:17","modified_gmt":"2025-04-30T07:23:17","slug":"ccoo-de-catalunya-davant-lapagada-electrica","status":"publish","type":"post","link":"https:\/\/ccoo.app\/ics\/noticies\/ccoo-de-catalunya-davant-lapagada-electrica\/","title":{"rendered":"CCOO de Catalunya davant l\u2019apagada el\u00e8ctrica"},"content":{"rendered":"\n<h3 class=\"wp-block-heading\"><strong><em>Amb motiu de l\u2019apagada el\u00e8ctrica general que ha afectat el conjunt de la pen\u00ednsula Ib\u00e8rica el 28 d\u2019abril de 2025, CCOO de Catalunya posa a disposici\u00f3 dels treballadors i treballadores i de l\u2019opini\u00f3 p\u00fablica general la seg\u00fcent informaci\u00f3 recopilada pels seus serveis jur\u00eddics i d\u2019assessorament:<\/em><\/strong><\/h3>\n\n\n\n<div style=\"height:15px\" aria-hidden=\"true\" class=\"wp-block-spacer\"><\/div>\n\n\n\n<p class=\"has-medium-font-size\"><strong><em>Qu\u00e8 passa si no puc treballar perqu\u00e8 no funciona el transport p\u00fablic ni tinc mitj\u00e0 propi?<\/em><\/strong><\/p>\n\n\n\n<p>Si t\u2019\u00e9s impossible despla\u00e7ar-te per manca de transport p\u00fablic i privat, comunica per escrit com m\u00e9s aviat millor aquesta situaci\u00f3 a l\u2019empresa, per evitar possibles sancions per abs\u00e8ncia. Fes tamb\u00e9 aquesta comunicaci\u00f3 si no pots arribar a la feina a la teva hora per culpa dels problemes per despla\u00e7ar-te.<\/p>\n\n\n\n<p class=\"has-medium-font-size\"><strong><em>Em poden descomptar salari o fer recuperar temps perdut a la feina o per arribar tard?<\/em><\/strong><\/p>\n\n\n\n<p>Si la falta a la feina \u00e9s per motius familiars de for\u00e7a major (quedar-me amb la canalla o amb persones dependents, per manca de serveis escolars o d\u2019atenci\u00f3 a la depend\u00e8ncia, o per manca de transport per acompanyar-los all\u00ed) tens les hores de permisos retribu\u00efts equivalents a 4 dies i no et poden descomptar salaris ni fer-te recuperar les hores. Art. 37.9 de l\u2019Estatut dels Treballadors.<\/p>\n\n\n\n<p class=\"has-medium-font-size\"><strong><em>I si falto a la feina no per for\u00e7a major familiar, sin\u00f3 simplement per falta de mitjans de despla\u00e7ament?&nbsp;<\/em><\/strong><\/p>\n\n\n\n<p>L\u2019apagada el\u00e8ctrica general que hem patit \u00e9s una causa de for\u00e7a major. Les abs\u00e8ncies al lloc de feina per impossibilitat de despla\u00e7ar-te estan cobertes per la llei. Al marge d\u2019atenir-se a all\u00f2 que estigui regulat en els convenis col\u00b7lectius per aquestes situacions, hi ha hagut una recomanaci\u00f3 del govern espanyol per reduir la mobilitat i els despla\u00e7aments amb cotxe.&nbsp;<\/p>\n\n\n\n<p>En cas de no tenir cap mitj\u00e0 de transport per arribar a la feina es pot fer \u00fas del perm\u00eds establert a l\u2019Art. 37.3 g) de l\u2019Estatut dels Treballadors, de fins a 4 dies de perm\u00eds <em>\u201cper impossibilitat d&#8217;accedir al centre de treball o transitar per les vies de circulaci\u00f3 necess\u00e0ries per acudir-hi, a conseq\u00fc\u00e8ncia de les recomanacions<\/em><strong><em>,<\/em><\/strong><em> limitacions o prohibicions al despla\u00e7ament establertes per les autoritats competents\u201d. <\/em>El Ministeri de Treball ha manifestat que \u00e9s aplicable aquest perm\u00eds per la situaci\u00f3 que vivim.<\/p>\n\n\n\n<p class=\"has-medium-font-size\"><strong><em>I si el meu conveni no regula les situacions de for\u00e7a major?<\/em><\/strong><\/p>\n\n\n\n<p>En el cas que el conveni col\u00b7lectiu no reguli aquestes situacions, ni la persona treballadora ni l\u2019empresa s\u00f3n responsables de la situaci\u00f3. La representaci\u00f3 de les persones treballadores ha de pactar amb l\u2019empresa que no es descompti cap sou ni es recuperin les hores per arribar tard o per no poder arribar a la feina.<\/p>\n\n\n\n<p class=\"has-medium-font-size\"><strong><em>I si els companys i companyes que m\u2019han de rellevar a la feina no poden arribar-hi?<\/em><\/strong><\/p>\n\n\n\n<p>No has de romandre a la feina si no arriba el relleu, excepte en el cas que es tracti d\u2019una activitat essencial o en el cas que finalitzar la teva feina sense relleu pugui suposar una situaci\u00f3 de p\u00e8rdua de seguretat per a les persones o les instal\u00b7lacions (per exemple, hospitals o centrals nuclears).<\/p>\n\n\n\n<p class=\"has-medium-font-size\"><strong><em>Qu\u00e8 haig de fer si m\u2019envien a casa a meitat de la jornada perqu\u00e8 no es pot treballar sense electricitat?<\/em><\/strong><\/p>\n\n\n\n<p>Si t\u2019envien a casa sense haver finalitzat la teva jornada di\u00e0ria, l\u2019empresa ha d\u2019assumir el salari de les hores deixades de realitzar. Per acudir a la flexibilitat de la jornada de treball, l\u2019empresa ha de fer-ho amb un preav\u00eds de 5 dies, segons l\u2019article 34.2 de l\u2019Estatut dels Treballadors.<\/p>\n\n\n\n<p class=\"has-medium-font-size\"><strong><em>Es pot activar un ERTO per la situaci\u00f3 d\u2019apagada el\u00e8ctrica, si la situaci\u00f3 d\u2019anormalitat es perllonga m\u00e9s enll\u00e0 de 4 dies?<\/em><\/strong><\/p>\n\n\n\n<p>Les empreses poden acudir als expedients de regulaci\u00f3 temporal d&#8217;ocupaci\u00f3 (ERTO) per for\u00e7a major&nbsp;de l\u2019article 47.6 de&nbsp;l\u2019Estatut dels Treballadors, pels impediments o limitacions a la seva activitat&nbsp;per l\u2019apagada el\u00e8ctrica general. Aquesta possibilitat la contempla l\u2019Art. 37.3 g) de l\u2019Estatut dels Treballadors.<\/p>\n\n\n\n<ul class=\"wp-block-list\">\n<li>Un ERTO l\u2019ha de <strong>&nbsp;<\/strong>sol\u00b7licitar l\u2019empresa,&nbsp;mitjan\u00e7ant el seg\u00fcent tr\u00e0mit:&nbsp;<a href=\"https:\/\/canalempresa.gencat.cat\/ca\/integraciodepartamentaltramit\/tramit\/PerTemes\/Procediment-dacomiadament-collectiu-de-suspensio-de-contractes-i-de-reduccio-de-jornada-arts.-47-i-51-ET?moda=3\">Procediment d\u2019acomiadament col\u00b7lectiu, de suspensi\u00f3 de contractes i de reducci\u00f3 de jornada (arts. 47 i 51 ET). Canal Empresa<\/a><\/li>\n\n\n\n<li>Cal adjuntar una&nbsp;mem\u00f2ria justificativa&nbsp;de l\u2019exist\u00e8ncia de limitacions concretes o d\u2019impediments a l\u2019activitat: s\u2019ha de justificar la seva vinculaci\u00f3 amb l\u2019apagada el\u00e8ctrica, els seus efectes sobre la prestaci\u00f3 del treball i els mitjans de prova que s\u2019estimin necessaris per acreditar l\u2019afectaci\u00f3.&nbsp;<\/li>\n\n\n\n<li>En aquest sup\u00f2sit NO \u00e9s preceptiu l\u2019informe de la Inspecci\u00f3 de Treball.<\/li>\n\n\n\n<li>La resoluci\u00f3 s\u2019ha de dictar en els 5 dies h\u00e0bils i el&nbsp;silenci administratiu s\u2019ent\u00e9n positiu.<\/li>\n<\/ul>\n\n\n\n<p class=\"has-medium-font-size\"><strong>Com m\u2019afecta si soc treballador\/a p\u00fablic? <\/strong><\/p>\n\n\n\n<p>El personal funcionari i laboral de les administracions p\u00fabliques es regeix pel Text Ref\u00f3s de l&#8217;Estatut B\u00e0sic de l&#8217;Empleat P\u00fablic (EBEP), que no preveu de manera expressa el perm\u00eds retribu\u00eft per for\u00e7a major de fins a quatre dies, com s\u00ed que estableix l\u2019Estatut dels Treballadors per al sector privat. Per aix\u00f2, instem cada administraci\u00f3 a regular aquestes situacions, garantint que cap treballadora sigui penalitzada per causes alienes a la seva voluntat i aplicant mesures com la flexibilitat hor\u00e0ria, el teletreball o permisos retribu\u00efts, sempre amb justificaci\u00f3.<\/p>\n\n\n\n<p>A m\u00e9s, el Departament d\u2019Empresa i Treball de la Generalitat de Catalunya ha establert una INSTRUCCI\u00d3 de 29 d\u2019abril de 2025, sobre permisos laborals i sobre tramitaci\u00f3 d\u2019ERTO\u2019s per la situaci\u00f3 de manca de subministrament el\u00e8ctric que estableix que aquelles empreses que hagin vist afectat el desenvolupament de la seva activitat ordin\u00e0ria per la manca de subministrament el\u00e8ctric poden presentar un expedient de regulaci\u00f3 d\u2019ocupaci\u00f3 temporal per causa de for\u00e7a major, d\u2019acord amb el previst a l\u2019article 47.5 de l\u2019ET, sempre que no s\u2019hagin pogut introduir mesures correctores per evitar els efectes de la situaci\u00f3 imprevisible i extraordin\u00e0ria. Aquerts ERTO\u2019s es diferencien dels de l\u2019art. 47.5 perqu\u00e8&nbsp;<\/p>\n\n\n\n<ol class=\"wp-block-list\">\n<li>S\u2019ha de&nbsp;justificar que&nbsp; els danys&nbsp;derivats de la manca de subministrament han estat imprevisibles i\/o inevitables, en els seus efectes sobre la prestaci\u00f3 del treball.&nbsp;<\/li>\n\n\n\n<li>El procediment \u00e9s el mateix que els ERTO\u2019s de l\u2019Art. 47.6, per\u00f2 l\u2019acreditaci\u00f3 de la causa de for\u00e7a major i a la sol\u00b7licitud&nbsp;d\u2019informe a la Inspecci\u00f3 de Treball&nbsp;s\u00ed que \u00e9s preceptiva.<\/li>\n<\/ol>\n\n\n\n<figure class=\"wp-block-gallery has-nested-images columns-default is-cropped wp-block-gallery-1 is-layout-flex wp-block-gallery-is-layout-flex\">\n<figure class=\"wp-block-image size-large\"><img loading=\"lazy\" decoding=\"async\" width=\"819\" height=\"1024\" data-id=\"32605\" src=\"https:\/\/ccoo.app\/ics\/wp-content\/blogs.dir\/6\/files\/sites\/200\/2025\/04\/Drets-laborals-davant-lapagada_7-819x1024.jpg\" alt=\"\" class=\"wp-image-32605\" srcset=\"https:\/\/ccoo.app\/ics\/wp-content\/blogs.dir\/6\/files\/sites\/200\/2025\/04\/Drets-laborals-davant-lapagada_7-819x1024.jpg 819w, https:\/\/ccoo.app\/ics\/wp-content\/blogs.dir\/6\/files\/sites\/200\/2025\/04\/Drets-laborals-davant-lapagada_7-240x300.jpg 240w, https:\/\/ccoo.app\/ics\/wp-content\/blogs.dir\/6\/files\/sites\/200\/2025\/04\/Drets-laborals-davant-lapagada_7-768x960.jpg 768w, https:\/\/ccoo.app\/ics\/wp-content\/blogs.dir\/6\/files\/sites\/200\/2025\/04\/Drets-laborals-davant-lapagada_7.jpg 864w\" sizes=\"auto, (max-width: 819px) 100vw, 819px\" \/><\/figure>\n\n\n\n<figure class=\"wp-block-image size-large\"><img loading=\"lazy\" decoding=\"async\" width=\"819\" height=\"1024\" data-id=\"32606\" src=\"https:\/\/ccoo.app\/ics\/wp-content\/blogs.dir\/6\/files\/sites\/200\/2025\/04\/Drets-laborals-davant-lapagada_6-819x1024.jpg\" alt=\"\" class=\"wp-image-32606\" srcset=\"https:\/\/ccoo.app\/ics\/wp-content\/blogs.dir\/6\/files\/sites\/200\/2025\/04\/Drets-laborals-davant-lapagada_6-819x1024.jpg 819w, https:\/\/ccoo.app\/ics\/wp-content\/blogs.dir\/6\/files\/sites\/200\/2025\/04\/Drets-laborals-davant-lapagada_6-240x300.jpg 240w, https:\/\/ccoo.app\/ics\/wp-content\/blogs.dir\/6\/files\/sites\/200\/2025\/04\/Drets-laborals-davant-lapagada_6-768x960.jpg 768w, https:\/\/ccoo.app\/ics\/wp-content\/blogs.dir\/6\/files\/sites\/200\/2025\/04\/Drets-laborals-davant-lapagada_6.jpg 864w\" sizes=\"auto, (max-width: 819px) 100vw, 819px\" \/><\/figure>\n\n\n\n<figure class=\"wp-block-image size-large\"><img loading=\"lazy\" decoding=\"async\" width=\"819\" height=\"1024\" data-id=\"32607\" src=\"https:\/\/ccoo.app\/ics\/wp-content\/blogs.dir\/6\/files\/sites\/200\/2025\/04\/Drets-laborals-davant-lapagada_5-819x1024.jpg\" alt=\"\" class=\"wp-image-32607\" srcset=\"https:\/\/ccoo.app\/ics\/wp-content\/blogs.dir\/6\/files\/sites\/200\/2025\/04\/Drets-laborals-davant-lapagada_5-819x1024.jpg 819w, https:\/\/ccoo.app\/ics\/wp-content\/blogs.dir\/6\/files\/sites\/200\/2025\/04\/Drets-laborals-davant-lapagada_5-240x300.jpg 240w, https:\/\/ccoo.app\/ics\/wp-content\/blogs.dir\/6\/files\/sites\/200\/2025\/04\/Drets-laborals-davant-lapagada_5-768x960.jpg 768w, https:\/\/ccoo.app\/ics\/wp-content\/blogs.dir\/6\/files\/sites\/200\/2025\/04\/Drets-laborals-davant-lapagada_5.jpg 864w\" sizes=\"auto, (max-width: 819px) 100vw, 819px\" \/><\/figure>\n\n\n\n<figure class=\"wp-block-image size-large\"><img loading=\"lazy\" decoding=\"async\" width=\"819\" height=\"1024\" data-id=\"32608\" src=\"https:\/\/ccoo.app\/ics\/wp-content\/blogs.dir\/6\/files\/sites\/200\/2025\/04\/Drets-laborals-davant-lapagada_4-819x1024.jpg\" alt=\"\" class=\"wp-image-32608\" srcset=\"https:\/\/ccoo.app\/ics\/wp-content\/blogs.dir\/6\/files\/sites\/200\/2025\/04\/Drets-laborals-davant-lapagada_4-819x1024.jpg 819w, https:\/\/ccoo.app\/ics\/wp-content\/blogs.dir\/6\/files\/sites\/200\/2025\/04\/Drets-laborals-davant-lapagada_4-240x300.jpg 240w, https:\/\/ccoo.app\/ics\/wp-content\/blogs.dir\/6\/files\/sites\/200\/2025\/04\/Drets-laborals-davant-lapagada_4-768x960.jpg 768w, https:\/\/ccoo.app\/ics\/wp-content\/blogs.dir\/6\/files\/sites\/200\/2025\/04\/Drets-laborals-davant-lapagada_4.jpg 864w\" sizes=\"auto, (max-width: 819px) 100vw, 819px\" \/><\/figure>\n\n\n\n<figure class=\"wp-block-image size-large\"><img loading=\"lazy\" decoding=\"async\" width=\"819\" height=\"1024\" data-id=\"32609\" src=\"https:\/\/ccoo.app\/ics\/wp-content\/blogs.dir\/6\/files\/sites\/200\/2025\/04\/Drets-laborals-davant-lapagada_3-819x1024.jpg\" alt=\"\" class=\"wp-image-32609\" srcset=\"https:\/\/ccoo.app\/ics\/wp-content\/blogs.dir\/6\/files\/sites\/200\/2025\/04\/Drets-laborals-davant-lapagada_3-819x1024.jpg 819w, https:\/\/ccoo.app\/ics\/wp-content\/blogs.dir\/6\/files\/sites\/200\/2025\/04\/Drets-laborals-davant-lapagada_3-240x300.jpg 240w, https:\/\/ccoo.app\/ics\/wp-content\/blogs.dir\/6\/files\/sites\/200\/2025\/04\/Drets-laborals-davant-lapagada_3-768x960.jpg 768w, https:\/\/ccoo.app\/ics\/wp-content\/blogs.dir\/6\/files\/sites\/200\/2025\/04\/Drets-laborals-davant-lapagada_3.jpg 864w\" sizes=\"auto, (max-width: 819px) 100vw, 819px\" \/><\/figure>\n\n\n\n<figure class=\"wp-block-image size-large\"><img loading=\"lazy\" decoding=\"async\" width=\"819\" height=\"1024\" data-id=\"32610\" src=\"https:\/\/ccoo.app\/ics\/wp-content\/blogs.dir\/6\/files\/sites\/200\/2025\/04\/Drets-laborals-davant-lapagada_2-819x1024.jpg\" alt=\"\" class=\"wp-image-32610\" srcset=\"https:\/\/ccoo.app\/ics\/wp-content\/blogs.dir\/6\/files\/sites\/200\/2025\/04\/Drets-laborals-davant-lapagada_2-819x1024.jpg 819w, https:\/\/ccoo.app\/ics\/wp-content\/blogs.dir\/6\/files\/sites\/200\/2025\/04\/Drets-laborals-davant-lapagada_2-240x300.jpg 240w, https:\/\/ccoo.app\/ics\/wp-content\/blogs.dir\/6\/files\/sites\/200\/2025\/04\/Drets-laborals-davant-lapagada_2-768x960.jpg 768w, https:\/\/ccoo.app\/ics\/wp-content\/blogs.dir\/6\/files\/sites\/200\/2025\/04\/Drets-laborals-davant-lapagada_2.jpg 864w\" sizes=\"auto, (max-width: 819px) 100vw, 819px\" \/><\/figure>\n\n\n\n<figure class=\"wp-block-image size-large\"><img loading=\"lazy\" decoding=\"async\" width=\"819\" height=\"1024\" data-id=\"32611\" src=\"https:\/\/ccoo.app\/ics\/wp-content\/blogs.dir\/6\/files\/sites\/200\/2025\/04\/Drets-laborals-davant-lapagada_1-819x1024.jpg\" alt=\"\" class=\"wp-image-32611\" srcset=\"https:\/\/ccoo.app\/ics\/wp-content\/blogs.dir\/6\/files\/sites\/200\/2025\/04\/Drets-laborals-davant-lapagada_1-819x1024.jpg 819w, https:\/\/ccoo.app\/ics\/wp-content\/blogs.dir\/6\/files\/sites\/200\/2025\/04\/Drets-laborals-davant-lapagada_1-240x300.jpg 240w, https:\/\/ccoo.app\/ics\/wp-content\/blogs.dir\/6\/files\/sites\/200\/2025\/04\/Drets-laborals-davant-lapagada_1-768x960.jpg 768w, https:\/\/ccoo.app\/ics\/wp-content\/blogs.dir\/6\/files\/sites\/200\/2025\/04\/Drets-laborals-davant-lapagada_1.jpg 864w\" sizes=\"auto, (max-width: 819px) 100vw, 819px\" \/><\/figure>\n<\/figure>\n","protected":false},"excerpt":{"rendered":"<p>Amb motiu de l\u2019apagada el\u00e8ctrica general que ha afectat el conjunt de la pen\u00ednsula Ib\u00e8rica el 28 d\u2019abril de 2025, CCOO de Catalunya posa a disposici\u00f3 dels treballadors i treballadores &#8230; <a title=\"CCOO de Catalunya davant l\u2019apagada el\u00e8ctrica\" class=\"read-more\" href=\"https:\/\/ccoo.app\/ics\/noticies\/ccoo-de-catalunya-davant-lapagada-electrica\/\" aria-label=\"M\u00e9s informaci\u00f3 sobre CCOO de Catalunya davant l\u2019apagada el\u00e8ctrica\">Read more<\/a><\/p>\n","protected":false},"author":4386,"featured_media":32612,"comment_status":"closed","ping_status":"closed","sticky":false,"template":"","format":"standard","meta":{"footnotes":""},"categories":[12,10,1],"tags":[],"area":[],"class_list":["post-32604","post","type-post","status-publish","format-standard","has-post-thumbnail","hentry","category-actualitat","category-comunicats","category-noticies","generate-columns","tablet-grid-50","mobile-grid-100","grid-parent","grid-50"],"_links":{"self":[{"href":"https:\/\/ccoo.app\/ics\/wp-json\/wp\/v2\/posts\/32604","targetHints":{"allow":["GET"]}}],"collection":[{"href":"https:\/\/ccoo.app\/ics\/wp-json\/wp\/v2\/posts"}],"about":[{"href":"https:\/\/ccoo.app\/ics\/wp-json\/wp\/v2\/types\/post"}],"author":[{"embeddable":true,"href":"https:\/\/ccoo.app\/ics\/wp-json\/wp\/v2\/users\/4386"}],"replies":[{"embeddable":true,"href":"https:\/\/ccoo.app\/ics\/wp-json\/wp\/v2\/comments?post=32604"}],"version-history":[{"count":1,"href":"https:\/\/ccoo.app\/ics\/wp-json\/wp\/v2\/posts\/32604\/revisions"}],"predecessor-version":[{"id":32613,"href":"https:\/\/ccoo.app\/ics\/wp-json\/wp\/v2\/posts\/32604\/revisions\/32613"}],"wp:featuredmedia":[{"embeddable":true,"href":"https:\/\/ccoo.app\/ics\/wp-json\/wp\/v2\/media\/32612"}],"wp:attachment":[{"href":"https:\/\/ccoo.app\/ics\/wp-json\/wp\/v2\/media?parent=32604"}],"wp:term":[{"taxonomy":"category","embeddable":true,"href":"https:\/\/ccoo.app\/ics\/wp-json\/wp\/v2\/categories?post=32604"},{"taxonomy":"post_tag","embeddable":true,"href":"https:\/\/ccoo.app\/ics\/wp-json\/wp\/v2\/tags?post=32604"},{"taxonomy":"area","embeddable":true,"href":"https:\/\/ccoo.app\/ics\/wp-json\/wp\/v2\/area?post=32604"}],"curies":[{"name":"wp","href":"https:\/\/api.w.org\/{rel}","templated":true}]}}