{"id":32600,"date":"2025-04-02T06:34:18","date_gmt":"2025-04-02T04:34:18","guid":{"rendered":"https:\/\/ccoo.app\/ics\/?p=32600"},"modified":"2025-04-02T06:34:19","modified_gmt":"2025-04-02T04:34:19","slug":"jubilacio-parcial-ccoo-la-lluitarem","status":"publish","type":"post","link":"https:\/\/ccoo.app\/ics\/noticies\/jubilacio-parcial-ccoo-la-lluitarem\/","title":{"rendered":"JUBILACI\u00d3 PARCIAL. CCOO LA LLUITAREM"},"content":{"rendered":"\n<h3 class=\"wp-block-heading\"><strong>La Funci\u00f3 P\u00fablica estatal no compleix amb els seus empleats i empleades: els retards en la jubilaci\u00f3 parcial afecten greument les persones treballadores. L\u2019\u00c0rea P\u00fablica de CCOO exigeix mesures que permetin garantir la correcta implementaci\u00f3 d\u2019aquesta modalitat de jubilaci\u00f3 en l\u2019\u00e0mbit p\u00fablic.<\/strong><\/h3>\n\n\n\n<p>El&nbsp;<a href=\"https:\/\/www.boe.es\/buscar\/doc.php?id=BOE-A-2024-26917\">Reial Decret Llei 11\/2024<\/a>, de 23 de desembre, representa un aven\u00e7 significatiu en la regulaci\u00f3 de la jubilaci\u00f3 parcial per al&nbsp;<strong>personal laboral que ja la tenia fins ara<\/strong>, en establir millores substancials tant per als treballadors i treballadores que opten per aquesta modalitat com per a aquells\/es que els substitueixen, coneguts com a&nbsp;<em>rellevistes<\/em>. Aquesta legislaci\u00f3, l\u2019entrada en vigor de la qual est\u00e0 prevista per a l\u20191 d\u2019abril de 2025, busca modernitzar i flexibilitzar l\u2019acc\u00e9s a la jubilaci\u00f3 parcial, adaptant-la a les noves realitats del mercat laboral i a les necessitats dels treballadors de m\u00e9s edat.<\/p>\n\n\n\n<p><strong>La implementaci\u00f3 del contracte de relleu en el sector p\u00fablic, atesa la seva naturalesa de contracte fix destinat a substituir persones treballadores que accedeixen a la jubilaci\u00f3 parcial,&nbsp;<\/strong>planteja la necessitat de garantir el compliment dels principis constitucionals d\u2019igualtat, m\u00e8rit i capacitat en els processos de selecci\u00f3.<\/p>\n\n\n\n<p>Des del desembre de 2024, l\u2019\u00c0rea P\u00fablica de&nbsp;<strong>CCOO<\/strong>&nbsp;ha insistit davant del Ministeri per a la Digitalitzaci\u00f3 i de la Funci\u00f3 P\u00fablica en la necessitat de desenvolupar i modificar alguns articles necessaris de l\u2019Estatut B\u00e0sic de l\u2019Empleat P\u00fablic (EBEP) i de la Llei de la Seguretat Social per garantir el dret a la jubilaci\u00f3 parcial en l\u2019\u00e0mbit p\u00fablic, les administracions i el sector p\u00fablic. Tamb\u00e9 p\u00e8r al personal funcionari.<\/p>\n\n\n\n<p>La recent decisi\u00f3 del Ministeri de no implementar els canvis legislatius necessaris per garantir el dret a la jubilaci\u00f3 parcial del personal laboral a partir de l\u20191 d\u2019abril est\u00e0 generant un ampli descontentament. Aquest estancament legislatiu es presenta com una clara manca de voluntat pol\u00edtica. \u00c9s indispensable que tant Funci\u00f3 P\u00fablica com les administracions auton\u00f2miques i les empreses del sector p\u00fablic utilitzin la taxa addicional de jubilaci\u00f3.<\/p>\n\n\n\n<p>L\u2019\u00c0rea P\u00fablica de&nbsp;<strong>CCOO<\/strong>&nbsp;subratlla la import\u00e0ncia d\u2019abordar aquesta situaci\u00f3 de manera estructural, mitjan\u00e7ant la implementaci\u00f3 de previsions adequades i permanents en les Ofertes d\u2019Ocupaci\u00f3 P\u00fablica (OOP) per part de les Administracions P\u00fabliques. Aquesta mesura resulta crucial per garantir la sostenibilitat del sistema i la cobertura adequada dels llocs de treball a mesura que es produeix el relleu generacional.<\/p>\n\n\n\n<p>Per\u00f2 mentrestant no es resolen processos selectius, i arribada la data d\u2019aplicaci\u00f3 del Reial Decret Llei 11\/2024,&nbsp;<strong>Funci\u00f3n P\u00fablica estatal no ha complert amb les modificacions demandades i sol\u00b7licitades des de l\u2019aprovaci\u00f3 d\u2019aquesta norma.<\/strong>&nbsp;Des de l\u2019\u00c0rea P\u00fablica de&nbsp;<strong>CCOO<\/strong>&nbsp;continuem exigint a les Administracions P\u00fabliques l\u2019adopci\u00f3 de les mesures seg\u00fcents per garantir la correcta implementaci\u00f3 de la jubilaci\u00f3 parcial:<\/p>\n\n\n\n<ul class=\"wp-block-list\">\n<li>Que les Administracions P\u00fabliques incloguin de manera habitual i permanent les previsions necess\u00e0ries en les Ofertes d\u2019Ocupaci\u00f3 P\u00fablica (OOP) per cobrir les vacants generades i la disposici\u00f3 pressupost\u00e0ria corresponent per complir amb la jubilaci\u00f3 parcial.<\/li>\n\n\n\n<li><strong>Que s\u2019emeti una normativa que estableixi mesures complement\u00e0ries per al per\u00edode transitori<\/strong>, fins que les mesures estructurals siguin plenament funcionals,&nbsp;<strong>consistent en la contractaci\u00f3 temporal de personal fins a la cobertura definitiva.<\/strong><\/li>\n\n\n\n<li>Que es realitzin les&nbsp;<strong>modificacions necess\u00e0ries<\/strong>&nbsp;en l\u2019Estatut B\u00e0sic de l\u2019Empleat P\u00fablic (EBEP) i en la&nbsp;<strong>Llei de la Seguretat Social per permetre la jubilaci\u00f3 parcial del personal funcionari i estatutari.<\/strong><\/li>\n\n\n\n<li>Que el Ministeri de Funci\u00f3 P\u00fablica assumeixi la responsabilitat d\u2019adoptar les decisions necess\u00e0ries per fer efectives aquestes mesures, incloent-hi la responsabilitat dels gestors i gestores en cas de demores en la seva execuci\u00f3.<\/li>\n<\/ul>\n\n\n\n<p>L\u2019adopci\u00f3 d\u2019aquestes mesures resulta fonamental per garantir l\u2019equitat i la sostenibilitat del sistema de jubilaci\u00f3 parcial en l\u2019\u00e0mbit p\u00fablic.<\/p>\n\n\n\n<p class=\"gb-headline gb-headline-9077096a gb-headline-text\"><strong>El 8 d\u2019abril CCOO ens concentrarem davant del Ministerio tant per tots els incompliments (Jubilaci\u00f3 parcial, ingr\u00e9s del 0\u20195% pendent,\u2026) com per la manca d\u2019augment retributiu a hores d\u2019ara, i ni tant sols iniciar la negociaci\u00f3 d\u2019un nou Acord retributiu plurianual en la l\u00ednia de la recuperaci\u00f3 del poder adquisitiu dels empleats i empleades p\u00fablics.<\/strong><\/p>\n","protected":false},"excerpt":{"rendered":"<p>La Funci\u00f3 P\u00fablica estatal no compleix amb els seus empleats i empleades: els retards en la jubilaci\u00f3 parcial afecten greument les persones treballadores. L\u2019\u00c0rea P\u00fablica de CCOO exigeix mesures que &#8230; <a title=\"JUBILACI\u00d3 PARCIAL. CCOO LA LLUITAREM\" class=\"read-more\" href=\"https:\/\/ccoo.app\/ics\/noticies\/jubilacio-parcial-ccoo-la-lluitarem\/\" aria-label=\"M\u00e9s informaci\u00f3 sobre JUBILACI\u00d3 PARCIAL. CCOO LA LLUITAREM\">Read more<\/a><\/p>\n","protected":false},"author":4386,"featured_media":32601,"comment_status":"closed","ping_status":"closed","sticky":false,"template":"","format":"standard","meta":{"footnotes":""},"categories":[12,1],"tags":[292],"area":[],"class_list":["post-32600","post","type-post","status-publish","format-standard","has-post-thumbnail","hentry","category-actualitat","category-noticies","tag-jubilacio-parcial","generate-columns","tablet-grid-50","mobile-grid-100","grid-parent","grid-50"],"_links":{"self":[{"href":"https:\/\/ccoo.app\/ics\/wp-json\/wp\/v2\/posts\/32600","targetHints":{"allow":["GET"]}}],"collection":[{"href":"https:\/\/ccoo.app\/ics\/wp-json\/wp\/v2\/posts"}],"about":[{"href":"https:\/\/ccoo.app\/ics\/wp-json\/wp\/v2\/types\/post"}],"author":[{"embeddable":true,"href":"https:\/\/ccoo.app\/ics\/wp-json\/wp\/v2\/users\/4386"}],"replies":[{"embeddable":true,"href":"https:\/\/ccoo.app\/ics\/wp-json\/wp\/v2\/comments?post=32600"}],"version-history":[{"count":1,"href":"https:\/\/ccoo.app\/ics\/wp-json\/wp\/v2\/posts\/32600\/revisions"}],"predecessor-version":[{"id":32602,"href":"https:\/\/ccoo.app\/ics\/wp-json\/wp\/v2\/posts\/32600\/revisions\/32602"}],"wp:featuredmedia":[{"embeddable":true,"href":"https:\/\/ccoo.app\/ics\/wp-json\/wp\/v2\/media\/32601"}],"wp:attachment":[{"href":"https:\/\/ccoo.app\/ics\/wp-json\/wp\/v2\/media?parent=32600"}],"wp:term":[{"taxonomy":"category","embeddable":true,"href":"https:\/\/ccoo.app\/ics\/wp-json\/wp\/v2\/categories?post=32600"},{"taxonomy":"post_tag","embeddable":true,"href":"https:\/\/ccoo.app\/ics\/wp-json\/wp\/v2\/tags?post=32600"},{"taxonomy":"area","embeddable":true,"href":"https:\/\/ccoo.app\/ics\/wp-json\/wp\/v2\/area?post=32600"}],"curies":[{"name":"wp","href":"https:\/\/api.w.org\/{rel}","templated":true}]}}