{"id":32593,"date":"2025-03-01T07:57:48","date_gmt":"2025-03-01T06:57:48","guid":{"rendered":"https:\/\/ccoo.app\/ics\/?p=32593"},"modified":"2025-03-27T08:00:47","modified_gmt":"2025-03-27T07:00:47","slug":"dimarts-4-de-marc-et-necessitem-per-reduir-la-jornada-laboral","status":"publish","type":"post","link":"https:\/\/ccoo.app\/ics\/noticies\/dimarts-4-de-marc-et-necessitem-per-reduir-la-jornada-laboral\/","title":{"rendered":"Dimarts\u00a04\u00a0de mar\u00e7, et necessitem per reduir la jornada laboral!"},"content":{"rendered":"\n<p>Mai no hav\u00edem estat tan a prop de les 37,5 h i el proper dimarts \u00e9s un dia clau per fer possible una reivindicaci\u00f3 que les joves i els joves hem liderat des del principi:&nbsp;<strong>no volem viure per treballar, volem treballar i poder viure.<\/strong>&nbsp;\u00c9s per aix\u00f2 que, a m\u00e9s, dins de la mani farem un&nbsp;<strong>BLOC JOVE!<\/strong><\/p>\n\n\n\n<figure class=\"wp-block-image\"><img decoding=\"async\" src=\"https:\/\/fonts.gstatic.com\/s\/e\/notoemoji\/16.0\/23f0\/72.png\" alt=\"\u23f0\" \/><\/figure>\n\n\n\n<p>&nbsp;Vine a les 11.30 h<\/p>\n\n\n\n<figure class=\"wp-block-image\"><img decoding=\"async\" src=\"https:\/\/fonts.gstatic.com\/s\/e\/notoemoji\/16.0\/1f4cd\/72.png\" alt=\"\ud83d\udccd\" \/><\/figure>\n\n\n\n<p>Davant del Museu Mar\u00edtim<\/p>\n\n\n\n<figure class=\"wp-block-image\"><img decoding=\"async\" src=\"https:\/\/fonts.gstatic.com\/s\/e\/notoemoji\/16.0\/1f4c5\/72.png\" alt=\"\ud83d\udcc5\" \/><\/figure>\n\n\n\n<p>&nbsp;El proper dimarts, 4&nbsp;de mar\u00e7<\/p>\n\n\n\n<h2 class=\"wp-block-heading\"><strong>M\u00e9s temps per a tu, m\u00e9s temps per a la gent treballadora&nbsp;<\/strong><\/h2>\n\n\n\n<figure class=\"wp-block-image\"><img decoding=\"async\" src=\"https:\/\/fonts.gstatic.com\/s\/e\/notoemoji\/16.0\/270a_1f3fd\/72.png\" alt=\"\u270a\ud83c\udffd\" \/><\/figure>\n\n\n\n<h3 class=\"wp-block-heading\">Fem que les 37,5 h siguin llei, i si encara no ho has fet, signa!<\/h3>\n\n\n\n<figure class=\"wp-block-pullquote has-luminous-vivid-orange-to-vivid-red-gradient-background has-background\"><blockquote><p><a href=\"https:\/\/informa.ccoo.cat\/forms\/millorem-la-jornada-laboral\/?source=4M\"><strong>Signa per les 37,5 h \u00bb<\/strong><\/a><\/p><\/blockquote><\/figure>\n\n\n\n<p><\/p>\n","protected":false},"excerpt":{"rendered":"<p>Mai no hav\u00edem estat tan a prop de les 37,5 h i el proper dimarts \u00e9s un dia clau per fer possible una reivindicaci\u00f3 que les joves i els joves &#8230; <a title=\"Dimarts\u00a04\u00a0de mar\u00e7, et necessitem per reduir la jornada laboral!\" class=\"read-more\" href=\"https:\/\/ccoo.app\/ics\/noticies\/dimarts-4-de-marc-et-necessitem-per-reduir-la-jornada-laboral\/\" aria-label=\"M\u00e9s informaci\u00f3 sobre Dimarts\u00a04\u00a0de mar\u00e7, et necessitem per reduir la jornada laboral!\">Read more<\/a><\/p>\n","protected":false},"author":4386,"featured_media":32594,"comment_status":"closed","ping_status":"closed","sticky":false,"template":"","format":"standard","meta":{"footnotes":""},"categories":[13,1],"tags":[],"area":[],"class_list":["post-32593","post","type-post","status-publish","format-standard","has-post-thumbnail","hentry","category-accions-sindicals","category-noticies","generate-columns","tablet-grid-50","mobile-grid-100","grid-parent","grid-50"],"_links":{"self":[{"href":"https:\/\/ccoo.app\/ics\/wp-json\/wp\/v2\/posts\/32593","targetHints":{"allow":["GET"]}}],"collection":[{"href":"https:\/\/ccoo.app\/ics\/wp-json\/wp\/v2\/posts"}],"about":[{"href":"https:\/\/ccoo.app\/ics\/wp-json\/wp\/v2\/types\/post"}],"author":[{"embeddable":true,"href":"https:\/\/ccoo.app\/ics\/wp-json\/wp\/v2\/users\/4386"}],"replies":[{"embeddable":true,"href":"https:\/\/ccoo.app\/ics\/wp-json\/wp\/v2\/comments?post=32593"}],"version-history":[{"count":1,"href":"https:\/\/ccoo.app\/ics\/wp-json\/wp\/v2\/posts\/32593\/revisions"}],"predecessor-version":[{"id":32595,"href":"https:\/\/ccoo.app\/ics\/wp-json\/wp\/v2\/posts\/32593\/revisions\/32595"}],"wp:featuredmedia":[{"embeddable":true,"href":"https:\/\/ccoo.app\/ics\/wp-json\/wp\/v2\/media\/32594"}],"wp:attachment":[{"href":"https:\/\/ccoo.app\/ics\/wp-json\/wp\/v2\/media?parent=32593"}],"wp:term":[{"taxonomy":"category","embeddable":true,"href":"https:\/\/ccoo.app\/ics\/wp-json\/wp\/v2\/categories?post=32593"},{"taxonomy":"post_tag","embeddable":true,"href":"https:\/\/ccoo.app\/ics\/wp-json\/wp\/v2\/tags?post=32593"},{"taxonomy":"area","embeddable":true,"href":"https:\/\/ccoo.app\/ics\/wp-json\/wp\/v2\/area?post=32593"}],"curies":[{"name":"wp","href":"https:\/\/api.w.org\/{rel}","templated":true}]}}