{"id":32586,"date":"2025-03-12T07:11:15","date_gmt":"2025-03-12T06:11:15","guid":{"rendered":"https:\/\/ccoo.app\/ics\/?p=32586"},"modified":"2025-03-27T07:12:56","modified_gmt":"2025-03-27T06:12:56","slug":"ccoo-i-ugt-urgeixen-a-funcio-publica-a-implementar-el-dret-a-la-jubilacio-parcial-per-al-personal-funcionari-estatutari-i-laboral","status":"publish","type":"post","link":"https:\/\/ccoo.app\/ics\/noticies\/ccoo-i-ugt-urgeixen-a-funcio-publica-a-implementar-el-dret-a-la-jubilacio-parcial-per-al-personal-funcionari-estatutari-i-laboral\/","title":{"rendered":"CCOO i UGT urgeixen a Funci\u00f3 P\u00fablica a implementar el dret a la jubilaci\u00f3 parcial per al personal funcionari, estatutari i laboral"},"content":{"rendered":"\n<h3 class=\"wp-block-heading\">L\u2019\u00c0rea P\u00fablica de CCOO i UGT Serveis P\u00fablics han enviat una carta al ministre per a la Transformaci\u00f3 Digital i de la Funci\u00f3 P\u00fablica, \u00d3scar L\u00f3pez, en la qual li insten a dur a terme les modificacions legislatives necess\u00e0ries perqu\u00e8 aquest dret pugui ser una realitat al m\u00e9s aviat possible.<\/h3>\n\n\n\n<p>L\u2019\u00c0rea P\u00fablica de CCOO i UGT Serveis P\u00fablics han enviat una carta al ministre per a la Transformaci\u00f3 Digital i de la Funci\u00f3 P\u00fablica, \u00d3scar L\u00f3pez, en la qual li expressen la seva gran inquietud davant la falta d\u2019avan\u00e7os legislatius respecte a la implementaci\u00f3 del dret a la jubilaci\u00f3 parcial amb contracte de relleu per al personal funcionari, estatutari i laboral, tant en el *EBEP, com en la Llei de Seguretat Social o la Llei 53\/1984, de 26 de desembre sobre incompatibilitats.<\/p>\n\n\n\n<p>CCOO i UGT li recorden al ministre que la jubilaci\u00f3 parcial amb contracte de relleu \u00e9s una eina que no sols beneficia als qui s\u2019acullen a aquesta modalitat de jubilaci\u00f3, sin\u00f3 que tamb\u00e9 permet la incorporaci\u00f3 de noves persones professionals que aportin frescor i dinamisme a les nostres institucions, especialment necess\u00e0ries en el context de la digitalitzaci\u00f3. No obstant aix\u00f2, aquesta opci\u00f3 continua sent un recurs limitat i dif\u00edcilment accessible, la qual cosa genera insatisfacci\u00f3 i desmotivaci\u00f3 entre el personal.<\/p>\n\n\n\n<p>L\u2019abs\u00e8ncia de canvis legislatius que facilitin aquest proc\u00e9s no sols afecta a les persones treballadores que desitgen reduir la seva jornada i, alhora, gaudir d\u2019una transici\u00f3 m\u00e9s suau cap a la jubilaci\u00f3, sin\u00f3 que tamb\u00e9 pot repercutir negativament en l\u2019efic\u00e0cia i la qualitat del servei p\u00fablic que s\u2019ofereix a la ciutadania.<\/p>\n\n\n\n<p>Per tant, CCOO i UGT sol\u00b7liciten al ministeri que prioritzi aquesta q\u00fcesti\u00f3 i promogui les reformes necess\u00e0ries perqu\u00e8 la jubilaci\u00f3 parcial amb contracte de relleu es converteixi en una realitat tangible per a totes les persones treballadores de les administracions p\u00fabliques i del sector p\u00fablic, tant personal funcionari, com a estatutari, com a laboral.<\/p>\n\n\n\n<p>A m\u00e9s, des de l\u2019\u00c0rea P\u00fablica de CCOO i UGT Serveis P\u00fablics se sol\u00b7licita una reuni\u00f3 a \u00d3scar L\u00f3pez per a parlar d\u2019aquest i altres assumptes. Quedem a l\u2019espera d\u2019una resposta satisfact\u00f2ria que reflecteixi un comprom\u00eds per part del Govern amb el benestar i els drets de les persones treballadores en l\u2019\u00e0mbit del p\u00fablic.<\/p>\n\n\n\n<p><\/p>\n","protected":false},"excerpt":{"rendered":"<p>L\u2019\u00c0rea P\u00fablica de CCOO i UGT Serveis P\u00fablics han enviat una carta al ministre per a la Transformaci\u00f3 Digital i de la Funci\u00f3 P\u00fablica, \u00d3scar L\u00f3pez, en la qual li &#8230; <a title=\"CCOO i UGT urgeixen a Funci\u00f3 P\u00fablica a implementar el dret a la jubilaci\u00f3 parcial per al personal funcionari, estatutari i laboral\" class=\"read-more\" href=\"https:\/\/ccoo.app\/ics\/noticies\/ccoo-i-ugt-urgeixen-a-funcio-publica-a-implementar-el-dret-a-la-jubilacio-parcial-per-al-personal-funcionari-estatutari-i-laboral\/\" aria-label=\"M\u00e9s informaci\u00f3 sobre CCOO i UGT urgeixen a Funci\u00f3 P\u00fablica a implementar el dret a la jubilaci\u00f3 parcial per al personal funcionari, estatutari i laboral\">Read more<\/a><\/p>\n","protected":false},"author":4386,"featured_media":32587,"comment_status":"closed","ping_status":"closed","sticky":false,"template":"","format":"standard","meta":{"footnotes":""},"categories":[12,1],"tags":[],"area":[],"class_list":["post-32586","post","type-post","status-publish","format-standard","has-post-thumbnail","hentry","category-actualitat","category-noticies","generate-columns","tablet-grid-50","mobile-grid-100","grid-parent","grid-50"],"_links":{"self":[{"href":"https:\/\/ccoo.app\/ics\/wp-json\/wp\/v2\/posts\/32586","targetHints":{"allow":["GET"]}}],"collection":[{"href":"https:\/\/ccoo.app\/ics\/wp-json\/wp\/v2\/posts"}],"about":[{"href":"https:\/\/ccoo.app\/ics\/wp-json\/wp\/v2\/types\/post"}],"author":[{"embeddable":true,"href":"https:\/\/ccoo.app\/ics\/wp-json\/wp\/v2\/users\/4386"}],"replies":[{"embeddable":true,"href":"https:\/\/ccoo.app\/ics\/wp-json\/wp\/v2\/comments?post=32586"}],"version-history":[{"count":1,"href":"https:\/\/ccoo.app\/ics\/wp-json\/wp\/v2\/posts\/32586\/revisions"}],"predecessor-version":[{"id":32588,"href":"https:\/\/ccoo.app\/ics\/wp-json\/wp\/v2\/posts\/32586\/revisions\/32588"}],"wp:featuredmedia":[{"embeddable":true,"href":"https:\/\/ccoo.app\/ics\/wp-json\/wp\/v2\/media\/32587"}],"wp:attachment":[{"href":"https:\/\/ccoo.app\/ics\/wp-json\/wp\/v2\/media?parent=32586"}],"wp:term":[{"taxonomy":"category","embeddable":true,"href":"https:\/\/ccoo.app\/ics\/wp-json\/wp\/v2\/categories?post=32586"},{"taxonomy":"post_tag","embeddable":true,"href":"https:\/\/ccoo.app\/ics\/wp-json\/wp\/v2\/tags?post=32586"},{"taxonomy":"area","embeddable":true,"href":"https:\/\/ccoo.app\/ics\/wp-json\/wp\/v2\/area?post=32586"}],"curies":[{"name":"wp","href":"https:\/\/api.w.org\/{rel}","templated":true}]}}