{"id":32583,"date":"2025-03-14T07:06:01","date_gmt":"2025-03-14T06:06:01","guid":{"rendered":"https:\/\/ccoo.app\/ics\/?p=32583"},"modified":"2025-03-27T07:07:38","modified_gmt":"2025-03-27T06:07:38","slug":"alicia-hernandez-jarque-escollida-secretaria-general-de-la-federacio-de-sanitat-de-ccoo-de-catalunya-amb-el-982-dels-vots","status":"publish","type":"post","link":"https:\/\/ccoo.app\/ics\/noticies\/alicia-hernandez-jarque-escollida-secretaria-general-de-la-federacio-de-sanitat-de-ccoo-de-catalunya-amb-el-982-dels-vots\/","title":{"rendered":"Al\u00edcia Hern\u00e0ndez Jarque, escollida secret\u00e0ria general de la Federaci\u00f3 de Sanitat de CCOO de Catalunya amb el 98,2 % dels vots"},"content":{"rendered":"\n<p>La Federaci\u00f3 de Sanitat de CCOO de Catalunya ha celebrat el seu 13\u00e8 Congr\u00e9s, avui 14 de mar\u00e7 de 2025. Durant el congr\u00e9s s\u2019ha presentat l\u2019Informe de gesti\u00f3 dels \u00faltims quatre anys i el Pla d\u2019acci\u00f3 per al proper mandat, i s\u2019ha escollit el nou equip que dirigir\u00e0 la federaci\u00f3 els propers anys, encap\u00e7alat per l\u2019Al\u00edcia Hern\u00e0ndez, amb continu\u00eftat de l\u2019anterior mandat. L\u2019informe de gesti\u00f3 ha estat aprovat amb un 98,2 % dels vots.<\/p>\n\n\n\n<p>Al congr\u00e9s, hi han assistit 118 delegats i delegades que havien estat escollits per participar en les assemblees i confer\u00e8ncies pr\u00e8vies i que representen les 10.400 persones afiliades a la nostra federaci\u00f3. Aquestes delegades i delegats han debatut i han establert l\u2019estrat\u00e8gia i les pr\u00e0ctiques de l\u2019actuaci\u00f3 sindical futura.<\/p>\n\n\n\n<p>El congr\u00e9s de la Federaci\u00f3 de Sanitat s\u2019emmarca en els processos congressuals de CCOO de Catalunya i d\u2019Espanya, que arriben a la seva 13a. edici\u00f3.<\/p>\n\n\n\n<p>Tot el congr\u00e9s ha transcorregut sense incid\u00e8ncies i hem comptat amb la pres\u00e8ncia i la intervenci\u00f3, entre d\u2019altres, del secretario general de la Federaci\u00f3n de Sanidad y Sectores Sociosanitarios de CCOO, Humberto Mu\u00f1oz, i del secretari general de CCOO de Catalunya, Javier Pacheco.&nbsp;<\/p>\n\n\n\n<p><strong>Oficina de premsa de CCOO<\/strong><\/p>\n\n\n\n<p>14 de mar\u00e7 de 2025<\/p>\n","protected":false},"excerpt":{"rendered":"<p>La Federaci\u00f3 de Sanitat de CCOO de Catalunya ha celebrat el seu 13\u00e8 Congr\u00e9s, avui 14 de mar\u00e7 de 2025. Durant el congr\u00e9s s\u2019ha presentat l\u2019Informe de gesti\u00f3 dels \u00faltims &#8230; <a title=\"Al\u00edcia Hern\u00e0ndez Jarque, escollida secret\u00e0ria general de la Federaci\u00f3 de Sanitat de CCOO de Catalunya amb el 98,2 % dels vots\" class=\"read-more\" href=\"https:\/\/ccoo.app\/ics\/noticies\/alicia-hernandez-jarque-escollida-secretaria-general-de-la-federacio-de-sanitat-de-ccoo-de-catalunya-amb-el-982-dels-vots\/\" aria-label=\"M\u00e9s informaci\u00f3 sobre Al\u00edcia Hern\u00e0ndez Jarque, escollida secret\u00e0ria general de la Federaci\u00f3 de Sanitat de CCOO de Catalunya amb el 98,2 % dels vots\">Read more<\/a><\/p>\n","protected":false},"author":4386,"featured_media":32584,"comment_status":"closed","ping_status":"closed","sticky":false,"template":"","format":"standard","meta":{"footnotes":""},"categories":[12,1],"tags":[],"area":[],"class_list":["post-32583","post","type-post","status-publish","format-standard","has-post-thumbnail","hentry","category-actualitat","category-noticies","generate-columns","tablet-grid-50","mobile-grid-100","grid-parent","grid-50"],"_links":{"self":[{"href":"https:\/\/ccoo.app\/ics\/wp-json\/wp\/v2\/posts\/32583","targetHints":{"allow":["GET"]}}],"collection":[{"href":"https:\/\/ccoo.app\/ics\/wp-json\/wp\/v2\/posts"}],"about":[{"href":"https:\/\/ccoo.app\/ics\/wp-json\/wp\/v2\/types\/post"}],"author":[{"embeddable":true,"href":"https:\/\/ccoo.app\/ics\/wp-json\/wp\/v2\/users\/4386"}],"replies":[{"embeddable":true,"href":"https:\/\/ccoo.app\/ics\/wp-json\/wp\/v2\/comments?post=32583"}],"version-history":[{"count":1,"href":"https:\/\/ccoo.app\/ics\/wp-json\/wp\/v2\/posts\/32583\/revisions"}],"predecessor-version":[{"id":32585,"href":"https:\/\/ccoo.app\/ics\/wp-json\/wp\/v2\/posts\/32583\/revisions\/32585"}],"wp:featuredmedia":[{"embeddable":true,"href":"https:\/\/ccoo.app\/ics\/wp-json\/wp\/v2\/media\/32584"}],"wp:attachment":[{"href":"https:\/\/ccoo.app\/ics\/wp-json\/wp\/v2\/media?parent=32583"}],"wp:term":[{"taxonomy":"category","embeddable":true,"href":"https:\/\/ccoo.app\/ics\/wp-json\/wp\/v2\/categories?post=32583"},{"taxonomy":"post_tag","embeddable":true,"href":"https:\/\/ccoo.app\/ics\/wp-json\/wp\/v2\/tags?post=32583"},{"taxonomy":"area","embeddable":true,"href":"https:\/\/ccoo.app\/ics\/wp-json\/wp\/v2\/area?post=32583"}],"curies":[{"name":"wp","href":"https:\/\/api.w.org\/{rel}","templated":true}]}}