{"id":32581,"date":"2025-03-18T06:53:29","date_gmt":"2025-03-18T05:53:29","guid":{"rendered":"https:\/\/ccoo.app\/ics\/?p=32581"},"modified":"2025-03-27T07:01:19","modified_gmt":"2025-03-27T06:01:19","slug":"salut-aquestes-poques-baixes-per-menstruacio-incapacitant-de-silvia-espinosa-lopez","status":"publish","type":"post","link":"https:\/\/ccoo.app\/ics\/noticies\/salut-aquestes-poques-baixes-per-menstruacio-incapacitant-de-silvia-espinosa-lopez\/","title":{"rendered":"Salut\/ Aquestes poques baixes per menstruaci\u00f3 incapacitant, de Silvia Espinosa L\u00f3pez"},"content":{"rendered":"\n<p>REVISTA TRABAJADORA, 85 (FEBRER DE 2025)<\/p>\n\n\n\n<h3 class=\"wp-block-heading\">LES BAIXES per menstruaci\u00f3 incapacitant estan recollides en la Llei org\u00e0nica 1\/2023, que modifica la 2\/2010 de salut sexual i reproductiva i de la interrupci\u00f3 volunt\u00e0ria de l&#8217;embar\u00e0s. Van entrar en vigor exactament l&#8217;1 de juny de 2023 i amb elles es tracta d&#8217;alleujar les conseq\u00fc\u00e8ncies econ\u00f2miques del s\u00edmptoma de diverses malalties que nom\u00e9s ens afecten les dones, aquest dolor menstrual que no sols \u00e9s una trava per a la nostra salut f\u00edsica i mental, sin\u00f3 tamb\u00e9 per al nostre desenvolupament laboral i professional \u00f2ptim.<\/h3>\n\n\n\n<p>Com a requisit per a demanar aquesta baixa protegida, que es cobreix amb una prestaci\u00f3 econ\u00f2mica abonada per la Seguretat Social des del primer dia, s&#8217;imposa comptar amb un diagn\u00f2stic m\u00e8dic que associ\u00ef la regla dolorosa a alguna malaltia com l&#8217;endometriosi, miomes, adenomiosis, p\u00f2lips, o ovaris poliqu\u00edstics, entre altres.<\/p>\n\n\n\n<p>En un principi les especulacions i l&#8217;espant van ser grans des dels sectors empresarials at\u00e8s que, segons el Ministeri d&#8217;Igualtat, 6 milions de treballadores estan en edat de menstruar. Avui sabem que hi ha hagut 2444 baixes en 15 mesos d&#8217;aplicaci\u00f3, dada que est\u00e0 molt per sota de qualsevol previsi\u00f3.<\/p>\n\n\n\n<p>Per a posar en valor la insignific\u00e0ncia de la incid\u00e8ncia d&#8217;aquestes baixes protegides podem dir que en 2023 (12 mesos) van tenir lloc 8,8 milions de processos de baixes per conting\u00e8ncia comuna. Tamb\u00e9 que tenint en compte que nom\u00e9s una de les diverses malalties que poden produir aquestes regles incapacitants, l&#8217;endometriosi, segons m\u00faltiples estudis, s&#8217;estima que pot afectar entre al 10 i al 15% de les dones en edat f\u00e8rtil. El personal m\u00e8dic coincideix que \u00e9s desproporcionada la difer\u00e8ncia entre les molt\u00edssimes dones que demanen receptes d&#8217;analg\u00e8sics i antiinflamatoris, amb les poqu\u00edssimes que demanen la baixa per regla dolorosa.<\/p>\n\n\n\n<p>La nostra an\u00e0lisi de la situaci\u00f3 \u00e9s, d&#8217;una banda, que les dones es resisteixen a agafar aquestes baixes protegides per por de l&#8217;estigma i a la discriminaci\u00f3, ja que les empreses poden saber la ra\u00f3 de la baixa. Una circumst\u00e0ncia l&#8217;esmena de la qual hem reclamat des de CCOO. D&#8217;altra banda, la ra\u00f3 que als nostres ulls t\u00e9 major pes \u00e9s el infradiagn\u00f2stic de les malalties que produeixen el s\u00edmptoma, sense el qual no es pot accedir a la baixa.<\/p>\n\n\n\n<p>Cal recordar que totes aquestes malalties que afecten nom\u00e9s o de manera molt majorit\u00e0ria a les dones, han tingut molt menor inter\u00e8s per a unes ci\u00e8ncies de la salut exercides durant segles per homes, que no han estat alienes a l&#8217;androcentrisme que reflecteix el desequilibri de poder en una societat patriarcal. El mateix estudi del cicle menstrual en el seu conjunt, i no sols des de la perspectiva de la patologia, continua presentant una recerca i un estudi sorprenentment insuficients, tenint en compte que afecta la meitat de la poblaci\u00f3. Clara mostra d&#8217;aix\u00f2 \u00e9s l&#8217;endometriosi, malaltia els greus s\u00edmptomes de la qual es consideraven en el passat com a hist\u00e8ria o fins i tot bogeria, sent avui dia el seu origen encara incert, amb un temps de diagn\u00f2stic mitj\u00e0 en el nostre sistema sanitari d&#8217;entre 6 i 8 anys. Emmarcant totes aquestes consideracions, tampoc oblidem que hist\u00f2ricament s&#8217;ha pensat que si s&#8217;estudiava el cos de l&#8217;home, les conclusions eren extrapolables al cos de la dona, i no ha estat fins als anys 90 del segle passat quan la ci\u00e8ncia s&#8217;ha adonat que no sols fisiol\u00f2gicament, sin\u00f3 tamb\u00e9 socialment, els homes i les dones tenen molt\u00edssimes difer\u00e8ncies que no es poden continuar ignorant pel b\u00e9 de la salut i la vida de les dones. En aquest sentit, afortunadament, en els \u00faltims anys hem vist un avan\u00e7, encara que l&#8217;infradiagn\u00f2stic d&#8217;aquests problemes de salut que nom\u00e9s ens afecten a nosaltres posen en evid\u00e8ncia que queda molt cam\u00ed per rec\u00f3rrer.<\/p>\n\n\n\n<p>La baixa per menstruaci\u00f3 incapacitant \u00e9s un triomf com a acci\u00f3 positiva, i a m\u00e9s fa visible la nostra diferent realitat, per\u00f2 sobretot \u00e9s justa per a nosaltres, perqu\u00e8 cap dona hauria de normalitzar el patiment en un proc\u00e9s natural, ni molt menys anar a treballar morta de dolor.<\/p>\n\n\n\n<p>Silvia Espinosa (@silviafssccoo) \u00e9s la secret\u00e0ria de Dones i Igualtat de la Federaci\u00f3 Estatal de Sanitat i Sectors Sociosanitaris (@fssccoo).<\/p>\n","protected":false},"excerpt":{"rendered":"<p>REVISTA TRABAJADORA, 85 (FEBRER DE 2025) LES BAIXES per menstruaci\u00f3 incapacitant estan recollides en la Llei org\u00e0nica 1\/2023, que modifica la 2\/2010 de salut sexual i reproductiva i de la &#8230; <a title=\"Salut\/ Aquestes poques baixes per menstruaci\u00f3 incapacitant, de Silvia Espinosa L\u00f3pez\" class=\"read-more\" href=\"https:\/\/ccoo.app\/ics\/noticies\/salut-aquestes-poques-baixes-per-menstruacio-incapacitant-de-silvia-espinosa-lopez\/\" aria-label=\"M\u00e9s informaci\u00f3 sobre Salut\/ Aquestes poques baixes per menstruaci\u00f3 incapacitant, de Silvia Espinosa L\u00f3pez\">Read more<\/a><\/p>\n","protected":false},"author":4386,"featured_media":32057,"comment_status":"closed","ping_status":"closed","sticky":false,"template":"","format":"standard","meta":{"footnotes":""},"categories":[12,9,1],"tags":[],"area":[],"class_list":["post-32581","post","type-post","status-publish","format-standard","has-post-thumbnail","hentry","category-actualitat","category-igualtat","category-noticies","generate-columns","tablet-grid-50","mobile-grid-100","grid-parent","grid-50"],"_links":{"self":[{"href":"https:\/\/ccoo.app\/ics\/wp-json\/wp\/v2\/posts\/32581","targetHints":{"allow":["GET"]}}],"collection":[{"href":"https:\/\/ccoo.app\/ics\/wp-json\/wp\/v2\/posts"}],"about":[{"href":"https:\/\/ccoo.app\/ics\/wp-json\/wp\/v2\/types\/post"}],"author":[{"embeddable":true,"href":"https:\/\/ccoo.app\/ics\/wp-json\/wp\/v2\/users\/4386"}],"replies":[{"embeddable":true,"href":"https:\/\/ccoo.app\/ics\/wp-json\/wp\/v2\/comments?post=32581"}],"version-history":[{"count":1,"href":"https:\/\/ccoo.app\/ics\/wp-json\/wp\/v2\/posts\/32581\/revisions"}],"predecessor-version":[{"id":32582,"href":"https:\/\/ccoo.app\/ics\/wp-json\/wp\/v2\/posts\/32581\/revisions\/32582"}],"wp:featuredmedia":[{"embeddable":true,"href":"https:\/\/ccoo.app\/ics\/wp-json\/wp\/v2\/media\/32057"}],"wp:attachment":[{"href":"https:\/\/ccoo.app\/ics\/wp-json\/wp\/v2\/media?parent=32581"}],"wp:term":[{"taxonomy":"category","embeddable":true,"href":"https:\/\/ccoo.app\/ics\/wp-json\/wp\/v2\/categories?post=32581"},{"taxonomy":"post_tag","embeddable":true,"href":"https:\/\/ccoo.app\/ics\/wp-json\/wp\/v2\/tags?post=32581"},{"taxonomy":"area","embeddable":true,"href":"https:\/\/ccoo.app\/ics\/wp-json\/wp\/v2\/area?post=32581"}],"curies":[{"name":"wp","href":"https:\/\/api.w.org\/{rel}","templated":true}]}}