{"id":32578,"date":"2025-03-23T06:48:48","date_gmt":"2025-03-23T05:48:48","guid":{"rendered":"https:\/\/ccoo.app\/ics\/?p=32578"},"modified":"2025-03-27T07:25:50","modified_gmt":"2025-03-27T06:25:50","slug":"ccoo-reclama-permisos-retribuits-i-un-pacte-de-cures-per-a-una-societat-corresponsable","status":"publish","type":"post","link":"https:\/\/ccoo.app\/ics\/noticies\/ccoo-reclama-permisos-retribuits-i-un-pacte-de-cures-per-a-una-societat-corresponsable\/","title":{"rendered":"CCOO reclama permisos retribu\u00efts i un pacte de cures per a una societat corresponsable"},"content":{"rendered":"\n<h3 class=\"wp-block-heading\">23 Mar\u00e7, Dia de la conciliaci\u00f3 i la corresponsabilitat<\/h3>\n\n\n\n<h3 class=\"wp-block-heading\">Recordem que la remuneraci\u00f3 de les 8 setmanes del perm\u00eds parental \u00e9s imprescindible per a complir correctament la directiva europea de conciliaci\u00f3 i no aprofundir en les bretxes de g\u00e8nere.<\/h3>\n\n\n\n<p>Aquest 23 de mar\u00e7 es parlar\u00e0 molt i en molts escenaris de la conciliaci\u00f3 i la corresponsabilitat. Si parlem d\u2019aix\u00f2 amb realisme i proximitat cal posar el punt de mira en el que falta per fer i en les conseq\u00fc\u00e8ncies dels d\u00e8ficits i mancances: malgrat els avan\u00e7os en normativa, encara hi ha enormes llacunes i conseq\u00fc\u00e8ncies negatives, tant per a les persones que requereixen cures i no els obtenen, com per a les dones, principalment, amb el que implica en engrandiment de les desigualtats de g\u00e8nere i classe.<\/p>\n\n\n\n<p>Des de CCOO venim denunciant de manera reiterada que s\u00f3n milers de dones les que es veuen abocades a reduir la seva jornada o deixar el seu \u00fas perqu\u00e8 manquen de serveis accessibles de cures i aquests recauen sobre elles. Les dones continuen agafant majorit\u00e0riament les exced\u00e8ncies per cura de menors (8 de cada 10 persones que les agafen s\u00f3n dones); s\u00f3n 9 de cada 10 dels qui treballen a temps parcial per cuidar a familiars; s\u00f3n dones 9 de cada 10 persones cuidadores informals de dependents i s\u00f3n tamb\u00e9 9 de cada 10 dels qui cuiden a persones amb discapacitat en les seves llars.<\/p>\n\n\n\n<p>Hem celebrat els avan\u00e7os en<a href=\"https:\/\/conciliacioncorresponsable.ccoo.es\/\">&nbsp;nous permisos de conciliaci\u00f3 corresponsable<\/a>, (5 dies per accident o malaltia greu, 4 dies per causa de for\u00e7a major), derivats de la transposici\u00f3 parcial de la Directiva 2019\/1158. Per\u00f2 continuem reclamant la retribuci\u00f3 total del perm\u00eds parental de 8 setmanes fins que el\/la menor tingui 8 anys, l\u2019incompliment dels quals causa a m\u00e9s sancions di\u00e0ries de la UE a Espanya des d\u2019agost de 2024.<\/p>\n\n\n\n<p>Aix\u00ed mateix, i en relaci\u00f3 a la \u201cEstrat\u00e8gia estatal per a un nou model de cures en la comunitat. Un proc\u00e9s de desinstitucionalitzaci\u00f3 (2024-2030)\u201d,&nbsp;<a href=\"https:\/\/www.ccoo.es\/noticia:697716--CCOO_reclama_una_estrategia_de_cuidados_integral_y_articulada_desde_los_cuidados_profesionales&amp;opc_id=\">CCOO hem reclamat Di\u00e0leg Social i que s\u2019articuli des de les cures professionals<\/a>&nbsp;i amb un marc integral i d\u2019acci\u00f3 coordinada en tots els \u00e0mbits implicats.<\/p>\n\n\n\n<p>\u201cApostem per una redistribuci\u00f3 justa de les cures, perqu\u00e8 no continu\u00ef perpetuant-se la in\u00e8rcia patriarcal que recaiguin en les dones\u201d, indica Carolina Vidal, secret\u00e0ria confederal de Dones, Igualtat i condicions de Treball de CCOO.<\/p>\n\n\n\n<p>Passar de la conciliaci\u00f3 a la corresponsabilitat suposa canviar l\u2019enfocament i articular les pol\u00edtiques p\u00fabliques necess\u00e0ries. Aix\u00ed ho afirma Carolina Vidal: \u201c\u00c9s moment ja de superar les mesures lligades a la conciliaci\u00f3, com a permisos no retribu\u00efts, reduccions de jornada, exced\u00e8ncies\u2026 que causen que siguin les dones les que hagin de buscar solucions que impliquen la seva abs\u00e8ncia de l\u2019ocupaci\u00f3. Cal passar al seg\u00fcent nivell, impulsar pol\u00edtiques i serveis p\u00fablics que cobreixin les necessitats de cures de les persones, aix\u00ed com mesures de corresponsabilitat compartida, que mantenen a pres\u00e8ncia de dones i homes en les seves ocupacions perqu\u00e8 se centren sobretot en l\u2019adaptaci\u00f3 de jornada, la flexibilitat i els permisos remunerats. Un nivell en el qual el Di\u00e0leg Social i la negociaci\u00f3 col\u00b7lectiva s\u00f3n escenaris imprescindibles per a aconseguir avan\u00e7os substantius\u201d.<\/p>\n\n\n\n<p>CCOO apostem per una transformaci\u00f3 profunda del sistema de cures i venim desenvolupant un intens treball confederal cristal\u00b7litzat en la&nbsp;<a href=\"https:\/\/www.ccoo.es\/8788f3fd0193b984c5ab0ca9773d5930000001.pdf\">Proposta de CCOO per a un Pacte estatal i integral de Cures<\/a>&nbsp;i el seu desenvolupament&nbsp;<a href=\"https:\/\/pensionistas.ccoo.es\/144027701802253faf077eb6a97f7d80000066.pdf\">100 Mesures per a un Pacte estatal i integral de Cures<\/a>.<\/p>\n\n\n\n<p><\/p>\n","protected":false},"excerpt":{"rendered":"<p>23 Mar\u00e7, Dia de la conciliaci\u00f3 i la corresponsabilitat Recordem que la remuneraci\u00f3 de les 8 setmanes del perm\u00eds parental \u00e9s imprescindible per a complir correctament la directiva europea de &#8230; <a title=\"CCOO reclama permisos retribu\u00efts i un pacte de cures per a una societat corresponsable\" class=\"read-more\" href=\"https:\/\/ccoo.app\/ics\/noticies\/ccoo-reclama-permisos-retribuits-i-un-pacte-de-cures-per-a-una-societat-corresponsable\/\" aria-label=\"M\u00e9s informaci\u00f3 sobre CCOO reclama permisos retribu\u00efts i un pacte de cures per a una societat corresponsable\">Read more<\/a><\/p>\n","protected":false},"author":4386,"featured_media":32589,"comment_status":"closed","ping_status":"closed","sticky":false,"template":"","format":"standard","meta":{"footnotes":""},"categories":[12,9,1],"tags":[],"area":[],"class_list":["post-32578","post","type-post","status-publish","format-standard","has-post-thumbnail","hentry","category-actualitat","category-igualtat","category-noticies","generate-columns","tablet-grid-50","mobile-grid-100","grid-parent","grid-50"],"_links":{"self":[{"href":"https:\/\/ccoo.app\/ics\/wp-json\/wp\/v2\/posts\/32578","targetHints":{"allow":["GET"]}}],"collection":[{"href":"https:\/\/ccoo.app\/ics\/wp-json\/wp\/v2\/posts"}],"about":[{"href":"https:\/\/ccoo.app\/ics\/wp-json\/wp\/v2\/types\/post"}],"author":[{"embeddable":true,"href":"https:\/\/ccoo.app\/ics\/wp-json\/wp\/v2\/users\/4386"}],"replies":[{"embeddable":true,"href":"https:\/\/ccoo.app\/ics\/wp-json\/wp\/v2\/comments?post=32578"}],"version-history":[{"count":1,"href":"https:\/\/ccoo.app\/ics\/wp-json\/wp\/v2\/posts\/32578\/revisions"}],"predecessor-version":[{"id":32580,"href":"https:\/\/ccoo.app\/ics\/wp-json\/wp\/v2\/posts\/32578\/revisions\/32580"}],"wp:featuredmedia":[{"embeddable":true,"href":"https:\/\/ccoo.app\/ics\/wp-json\/wp\/v2\/media\/32589"}],"wp:attachment":[{"href":"https:\/\/ccoo.app\/ics\/wp-json\/wp\/v2\/media?parent=32578"}],"wp:term":[{"taxonomy":"category","embeddable":true,"href":"https:\/\/ccoo.app\/ics\/wp-json\/wp\/v2\/categories?post=32578"},{"taxonomy":"post_tag","embeddable":true,"href":"https:\/\/ccoo.app\/ics\/wp-json\/wp\/v2\/tags?post=32578"},{"taxonomy":"area","embeddable":true,"href":"https:\/\/ccoo.app\/ics\/wp-json\/wp\/v2\/area?post=32578"}],"curies":[{"name":"wp","href":"https:\/\/api.w.org\/{rel}","templated":true}]}}