{"id":32565,"date":"2025-03-07T09:49:41","date_gmt":"2025-03-07T08:49:41","guid":{"rendered":"https:\/\/ccoo.app\/ics\/?p=32565"},"modified":"2025-03-08T10:16:47","modified_gmt":"2025-03-08T09:16:47","slug":"8-de-marc-del-2025-dia-internacional-de-les-dones-treballadores","status":"publish","type":"post","link":"https:\/\/ccoo.app\/ics\/noticies\/8-de-marc-del-2025-dia-internacional-de-les-dones-treballadores\/","title":{"rendered":"8 de mar\u00e7 del 2025, Dia Internacional de les Dones Treballadores"},"content":{"rendered":"\n<p><em>En un moment en qu\u00e8 s\u2019intenten desmantellar pol\u00edtiques&nbsp;d\u2019igualtat, es neguen les viol\u00e8ncies masclistes i es precaritzen encara m\u00e9s les condicions laborals de les dones, arribem a un nou Dia Internacional de la Dona Treballadora.&nbsp;<\/em><\/p>\n\n\n\n<p><em>El feminisme sindical \u00e9s imprescindible per defensar els drets conquerits i per continuar avan\u00e7ant. No podem permetre cap retroc\u00e9s, perqu\u00e8 la igualtat no \u00e9s una concessi\u00f3, sin\u00f3 una necessitat per a tota la classe treballadora.<\/em><\/p>\n\n\n\n<p><em>Per reflexionar sobre aquest moment crucial, projectarem el documental&nbsp;A\u00fan es tiempo de feminismo, de Towanda Rebels, que recull el testimoni de dones referents en diferents \u00e0mbits, com la nostra Cristina Almeida: advocades, pol\u00edtiques, fil\u00f2sofes i activistes pels drets de les dones. A partir de la hist\u00f2rica&nbsp;Llei org\u00e0nica de mesures de protecci\u00f3 integral contra la viol\u00e8ncia de g\u00e8nere, de l\u2019any 2004, aquest documental ens ofereix eines per entendre millor els reptes actuals del feminisme i les preguntes que ens hem de fer per construir un futur amb m\u00e9s drets i m\u00e9s just\u00edcia social.<\/em><\/p>\n\n\n\n<p><em>Encara \u00e9s temps de feminisme: feminisme sindical. Perqu\u00e8 nom\u00e9s amb un sindicalisme feminista i de classe podrem fer front a l\u2019actual ofensiva reaccion\u00e0ria i garantir drets laborals, econ\u00f2mics i socials per a totes.<\/em><\/p>\n\n\n\n<p><em>Despr\u00e9s del documental hi haur\u00e0 una segona taula, amb veus de dones sindicalistes, parlarem de com CCOO, des del feminisme sindical, fa front a aquesta conjuntura pol\u00edtica, social i laboral.&nbsp;<\/em><\/p>\n\n\n\n<p><em>Us esperem el divendres 7 de mar\u00e7, de 9.30&nbsp;h a 14 h, a la sala d\u2019actes de CCOO de Catalunya (Via Laietana, 16, de Barcelona).<\/em><\/p>\n\n\n\n<figure class=\"wp-block-image\"><img decoding=\"async\" src=\"https:\/\/www.ccoo.cat\/wp-content\/uploads\/2025\/02\/programa-ok-8m-jpg-1-724x1024.jpg\" alt=\"Programa Ok 8m Jpg\" class=\"wp-image-154046\" \/><\/figure>\n\n\n\n<figure class=\"wp-block-table is-style-stripes\"><table class=\"has-background\" style=\"background-color:#e5d3ff\"><thead><tr><th><strong>DATA<\/strong><\/th><th><strong>ACTE<\/strong><\/th><th><strong>ORGANITZA<\/strong><\/th><th><strong>LLOC<\/strong><\/th><th><strong>HORA<\/strong><\/th><\/tr><\/thead><tbody><tr><td>Divendres, 7 de mar\u00e7<\/td><td>Encara \u00e9s temps de feminisme (sindical)<\/td><td><strong>CCOO DE CATALUNYA<\/strong><\/td><td>Via Laietana, 16 (Barcelona)<\/td><td>10 h<\/td><\/tr><tr><td>Dijous, 13 de mar\u00e7<\/td><td>Improshow<\/td><td><strong>IND\u00daSTRIA<\/strong><\/td><td>Via Laietana, 16 (Barcelona) (congr\u00e9s d&#8217;Ind\u00fastria)<\/td><td>9 h<\/td><\/tr><tr><td>Dimarts, 11 de mar\u00e7<\/td><td>Xerrada debat del 8-M<\/td><td><strong>EDUCACI\u00d3<\/strong><\/td><td>Via Laietana, 16 (Barcelona) <\/td><td><\/td><\/tr><tr><td>Dimarts, 11 de mar\u00e7<\/td><td>Dones i cultura de la pau<\/td><td><strong>SERVEIS<\/strong><\/td><td>Via Laietana, 16 (Barcelona) (congr\u00e9s de Serveis)<\/td><td>9 h<\/td><\/tr><tr><td>Dijous, 6 de mar\u00e7<\/td><td>Encara \u00e9s temps de feminisme<\/td><td><strong>BAIX LLOBREGAT &#8211; ALT PENED\u00c8S &#8211; ANOIA &#8211; GARRAF<\/strong><\/td><td>Local de CCOO a Vilafranca (pla\u00e7a del Pened\u00e8s, 4)<\/td><td>10 h<\/td><\/tr><tr><td>Diumenge, 9 de mar\u00e7<\/td><td>Caminada i esmorzar a Collb\u00e0s<\/td><td><strong>BAIX LLOBREGAT &#8211; ALT PENED\u00c8S &#8211; ANOIA &#8211; GARRAF<\/strong><\/td><td>Zona Esportiva Can Tit\u00f3; Vilanova del Cam\u00ed<\/td><td>9h<\/td><\/tr><tr><td>Dilluns, 10 de mar\u00e7<\/td><td>Taller sobre plans d&#8217;igualtat<\/td><td><strong><strong>BAIX LLOBREGAT &#8211; ALT PENED\u00c8S &#8211; ANOIA &#8211; GARRAF<\/strong><\/strong><\/td><td>Local de CCOO a Igualada (passeig de Moss\u00e8n Jacint Verdaguer, 50)<\/td><td>10 h<\/td><\/tr><tr><td>Dimarts, 4 de mar\u00e7<\/td><td>Exposici\u00f3 &#8220;Quin temps tenim?&#8221;<\/td><td><strong><strong>BAIX LLOBREGAT &#8211; ALT PENED\u00c8S &#8211; ANOIA &#8211; GARRAF<\/strong><\/strong><\/td><td>Ctra. d&#8217;Esplugues, 68; Cornell\u00e0 de Llobregat<\/td><td><\/td><\/tr><tr><td>Dimarts, 11 de mar\u00e7<\/td><td>Representaci\u00f3 teatral: &#8220;Diari d&#8217;una dama de Nova York&#8221;<\/td><td><strong>Fundaci\u00f3 Cipriano Garc\u00eda i UI CCOO BLLAPAG<\/strong><\/td><td>Ctra. d&#8217;Esplugues, 68; Cornell\u00e0 de Llobregat<\/td><td>18 h<\/td><\/tr><tr><td>Divendres, 7 de mar\u00e7<\/td><td>Encara \u00e9s temps de feminisme<\/td><td><strong>GIRONA<\/strong><\/td><td>C\/Miquel Blay, 1, 5a planta<\/td><td>9.30 h<\/td><\/tr><tr><td>Divendres, 7 de mar\u00e7<\/td><td>Performance i lectura del manifest al pont de pedra<\/td><td><strong>GIRONA<\/strong><\/td><td>C\/Miquel Blay, 1, 5a planta<\/td><td>13.30 h<\/td><\/tr><tr><td>Dijous, 27 de febrer<\/td><td>CCOOPoly<\/td><td><strong>Amposta<\/strong><\/td><td>Pl. del Mercat<\/td><td>11 h<\/td><\/tr><tr><td>Divendres, 7 de mar\u00e7<\/td><td>Lectura del manifest conjunt de CCOO, UGT i USOC<\/td><td><strong>TORTOSA<\/strong><\/td><td>C\/ Ciutadella, 13<\/td><td>12 h<\/td><\/tr><tr><td>Divendres, 7 de mar\u00e7<\/td><td>Lectura del manifest conjunt de CCOO i UGT<\/td><td><strong>TARRAGONA<\/strong><\/td><td>Pl. de la Dona Treballadora<\/td><td>12 h<\/td><\/tr><tr><td>Divendres, 7 de mar\u00e7<\/td><td>Projecci\u00f3 documental <em>Elles hi eren. La lluita de les dones a les f\u00e0briques de Tarragona<\/em><\/td><td><strong>TARRAGONA<\/strong><\/td><td>C\/ August, 48 (sala d&#8217;actes de la UI)<\/td><td>10 h<\/td><\/tr><tr><td>Dimecres, 5 de mar\u00e7<\/td><td>Projecci\u00f3 del Documental, La KAFALA, esclaves del s. XXI<\/td><td><strong>TORTOSA<\/strong><\/td><td>Museu de Tortosa, Rambla Felip Pedrell, 3, Tortosa<\/td><td>11 h<\/td><\/tr><tr><td>Divendres, 14 de mar\u00e7<\/td><td>Projecci\u00f3 del Documental, La KAFALA, esclaves del s. XXI<\/td><td><strong>TARRAGONA<\/strong><\/td><td>Sala d&#8217;Actes de CCOO Tarragona, C\/ August, 48, Tarragona<\/td><td>18 h<\/td><\/tr><tr><td>Divendres, 7 de mar\u00e7<\/td><td>Lectura del manifest<\/td><td><strong>REUS<\/strong><\/td><td>Pl. de la Dona Treballadora<\/td><td>12 h<\/td><\/tr><tr><td>Divendres, 7 de mar\u00e7<\/td><td>Des de Pl. de la Dona Treballadora, pujant per la Rambla Nova, fins al Passeig de les Palmeres.<\/td><td><strong>TARRAGONA<\/strong><\/td><td>Des de Pl. de la Dona Treballadora, pujant per la Rambla Nova, fins al Passeig de les Palmeres.<\/td><td>12.15 h<\/td><\/tr><tr><td>Divendres, 7 de mar\u00e7<\/td><td>Acte institucional de l\u2019Ajuntament de Tarragona<\/td><td><strong>TARRAGONA<\/strong><\/td><td>Passeig de les Palmeres<\/td><td>13 h<\/td><\/tr><tr><td>Divendres, 7 de mar\u00e7<\/td><td>Encara \u00e9s temps de feminismes. Din\u00e0mica i debat de feminisme sindical<\/td><td><strong>LLEIDA<\/strong><\/td><td>C\/ Enric Granados, 5<\/td><td><\/td><\/tr><tr><td>Dijous, 13 de mar\u00e7<\/td><td>Les dones a la lluita obrera. Trencant invisibilitats<\/td><td><strong>CCOO DEL BARCELON\u00c8S NORD<\/strong><\/td><td>C\/ Font i Escol\u00e0, 6 (Badalona)<\/td><td>10.30 h<\/td><\/tr><tr><td>Dimecres, 12 de mar\u00e7<\/td><td>Un cam\u00ed ple de pedres. Experi\u00e8ncies de dones amb dificultats per accedir al m\u00f3n laboral<\/td><td><strong><strong>VALL\u00c8S ORIENTAL &#8211; MARESME &#8211; OSONA<\/strong><\/strong><\/td><td>C\/ Casta\u00f1os, 120 (Matar\u00f3)<\/td><td>17.30 h<\/td><\/tr><tr><td>Dijous, 6 de mar\u00e7<\/td><td>La precarietat t\u00e9 nom de dona \/ El terra enganxif\u00f3s<\/td><td><strong><strong>VALL\u00c8S ORIENTAL &#8211; MARESME &#8211; OSONA<\/strong><\/strong><\/td><td>Centre C\u00edvic Pla d&#8217;en Boet<br>C\/ Juan Sebasti\u00e1n Elcano, 6 (Matar\u00f3)<\/td><td>19 h<\/td><\/tr><tr><td>Divendres, 7 de mar\u00e7<\/td><td>A qu\u00e8 jugues? \/ Experi\u00e8ncies de dones esportistes<\/td><td><strong><strong>VALL\u00c8S ORIENTAL &#8211; MARESME &#8211; OSONA<\/strong><\/strong><\/td><td>C\/ Pius XII, 5 (Granollers)<\/td><td>10.30 h<\/td><\/tr><tr><td>Dilluns, 3 de mar\u00e7<\/td><td>Pintem de violeta el m\u00f3n<\/td><td><strong>VALL\u00c8S ORIENTAL &#8211; MARESME &#8211; OSONA<\/strong><\/td><td>Pl. de Llu\u00eds Companys, 3 (Vic)<\/td><td>10.30 h<\/td><\/tr><tr><td>Dijous, 6 de mar\u00e7<\/td><td>Taula rodona<\/td><td><strong>CCOO UAB<\/strong><\/td><td>Pla\u00e7a C\u00edvica de la UAB, sala cin\u00e8ma<\/td><td>11 h<\/td><\/tr><\/tbody><\/table><\/figure>\n\n\n\n<p><object><\/object><\/p>\n\n\n\n<div data-wp-interactive=\"core\/file\" class=\"wp-block-file\"><object data-wp-bind--hidden=\"!state.hasPdfPreview\" hidden class=\"wp-block-file__embed\" data=\"https:\/\/ccoo.app\/ics\/wp-content\/blogs.dir\/6\/files\/sites\/200\/2025\/03\/manifest-8-m2025.pdf\" type=\"application\/pdf\" style=\"width:100%;height:710px\" aria-label=\"Incrustaci\u00f3 del fitxer manifest-8-m2025.\"><\/object><a id=\"wp-block-file--media-95e5ee64-0240-46b6-80e3-5b8b7e1e0700\" href=\"https:\/\/ccoo.app\/ics\/wp-content\/blogs.dir\/6\/files\/sites\/200\/2025\/03\/manifest-8-m2025.pdf\">manifest-8-m2025<\/a><a href=\"https:\/\/ccoo.app\/ics\/wp-content\/blogs.dir\/6\/files\/sites\/200\/2025\/03\/manifest-8-m2025.pdf\" class=\"wp-block-file__button wp-element-button\" download aria-describedby=\"wp-block-file--media-95e5ee64-0240-46b6-80e3-5b8b7e1e0700\">Baixa<\/a><\/div>\n\n\n\n<div data-wp-interactive=\"core\/file\" class=\"wp-block-file\"><object data-wp-bind--hidden=\"!state.hasPdfPreview\" hidden class=\"wp-block-file__embed\" data=\"https:\/\/ccoo.app\/ics\/wp-content\/blogs.dir\/6\/files\/sites\/200\/2025\/03\/ugt-cat_ccoo_manifest-8m_a4_2025.pdf\" type=\"application\/pdf\" style=\"width:100%;height:600px\" aria-label=\"Incrustaci\u00f3 del fitxer ugt-cat_ccoo_manifest-8m_a4_2025.\"><\/object><a id=\"wp-block-file--media-21e2981b-672f-46c2-b570-9f82cef0e723\" href=\"https:\/\/ccoo.app\/ics\/wp-content\/blogs.dir\/6\/files\/sites\/200\/2025\/03\/ugt-cat_ccoo_manifest-8m_a4_2025.pdf\">ugt-cat_ccoo_manifest-8m_a4_2025<\/a><a href=\"https:\/\/ccoo.app\/ics\/wp-content\/blogs.dir\/6\/files\/sites\/200\/2025\/03\/ugt-cat_ccoo_manifest-8m_a4_2025.pdf\" class=\"wp-block-file__button wp-element-button\" download aria-describedby=\"wp-block-file--media-21e2981b-672f-46c2-b570-9f82cef0e723\">Baixa<\/a><\/div>\n\n\n\n<div data-wp-interactive=\"core\/file\" class=\"wp-block-file\"><object data-wp-bind--hidden=\"!state.hasPdfPreview\" hidden class=\"wp-block-file__embed\" data=\"https:\/\/ccoo.app\/ics\/wp-content\/blogs.dir\/6\/files\/sites\/200\/2025\/03\/treballadora-65-imprenta.pdf\" type=\"application\/pdf\" style=\"width:100%;height:600px\" aria-label=\"Incrustaci\u00f3 del fitxer treballadora-65-imprenta.\"><\/object><a id=\"wp-block-file--media-c280918c-f2e8-4860-86b0-2c1657589401\" href=\"https:\/\/ccoo.app\/ics\/wp-content\/blogs.dir\/6\/files\/sites\/200\/2025\/03\/treballadora-65-imprenta.pdf\">treballadora-65-imprenta<\/a><a href=\"https:\/\/ccoo.app\/ics\/wp-content\/blogs.dir\/6\/files\/sites\/200\/2025\/03\/treballadora-65-imprenta.pdf\" class=\"wp-block-file__button wp-element-button\" download aria-describedby=\"wp-block-file--media-c280918c-f2e8-4860-86b0-2c1657589401\">Baixa<\/a><\/div>\n","protected":false},"excerpt":{"rendered":"<p>En un moment en qu\u00e8 s\u2019intenten desmantellar pol\u00edtiques&nbsp;d\u2019igualtat, es neguen les viol\u00e8ncies masclistes i es precaritzen encara m\u00e9s les condicions laborals de les dones, arribem a un nou Dia Internacional &#8230; <a title=\"8 de mar\u00e7 del 2025, Dia Internacional de les Dones Treballadores\" class=\"read-more\" href=\"https:\/\/ccoo.app\/ics\/noticies\/8-de-marc-del-2025-dia-internacional-de-les-dones-treballadores\/\" aria-label=\"M\u00e9s informaci\u00f3 sobre 8 de mar\u00e7 del 2025, Dia Internacional de les Dones Treballadores\">Read more<\/a><\/p>\n","protected":false},"author":4386,"featured_media":32569,"comment_status":"closed","ping_status":"closed","sticky":false,"template":"","format":"standard","meta":{"footnotes":""},"categories":[9,1],"tags":[],"area":[],"class_list":["post-32565","post","type-post","status-publish","format-standard","has-post-thumbnail","hentry","category-igualtat","category-noticies","generate-columns","tablet-grid-50","mobile-grid-100","grid-parent","grid-50"],"_links":{"self":[{"href":"https:\/\/ccoo.app\/ics\/wp-json\/wp\/v2\/posts\/32565","targetHints":{"allow":["GET"]}}],"collection":[{"href":"https:\/\/ccoo.app\/ics\/wp-json\/wp\/v2\/posts"}],"about":[{"href":"https:\/\/ccoo.app\/ics\/wp-json\/wp\/v2\/types\/post"}],"author":[{"embeddable":true,"href":"https:\/\/ccoo.app\/ics\/wp-json\/wp\/v2\/users\/4386"}],"replies":[{"embeddable":true,"href":"https:\/\/ccoo.app\/ics\/wp-json\/wp\/v2\/comments?post=32565"}],"version-history":[{"count":1,"href":"https:\/\/ccoo.app\/ics\/wp-json\/wp\/v2\/posts\/32565\/revisions"}],"predecessor-version":[{"id":32570,"href":"https:\/\/ccoo.app\/ics\/wp-json\/wp\/v2\/posts\/32565\/revisions\/32570"}],"wp:featuredmedia":[{"embeddable":true,"href":"https:\/\/ccoo.app\/ics\/wp-json\/wp\/v2\/media\/32569"}],"wp:attachment":[{"href":"https:\/\/ccoo.app\/ics\/wp-json\/wp\/v2\/media?parent=32565"}],"wp:term":[{"taxonomy":"category","embeddable":true,"href":"https:\/\/ccoo.app\/ics\/wp-json\/wp\/v2\/categories?post=32565"},{"taxonomy":"post_tag","embeddable":true,"href":"https:\/\/ccoo.app\/ics\/wp-json\/wp\/v2\/tags?post=32565"},{"taxonomy":"area","embeddable":true,"href":"https:\/\/ccoo.app\/ics\/wp-json\/wp\/v2\/area?post=32565"}],"curies":[{"name":"wp","href":"https:\/\/api.w.org\/{rel}","templated":true}]}}