{"id":32561,"date":"2023-09-14T15:11:00","date_gmt":"2023-09-14T13:11:00","guid":{"rendered":"https:\/\/ccoo.app\/ics\/?p=32561"},"modified":"2025-02-14T15:16:05","modified_gmt":"2025-02-14T14:16:05","slug":"la-fss-ccoo-i-cesur-renoven-el-seu-acord-per-a-la-formacio-de-deu-titulacions-oficials-de-formacio-professional-en-modalitat-en-linia","status":"publish","type":"post","link":"https:\/\/ccoo.app\/ics\/noticies\/la-fss-ccoo-i-cesur-renoven-el-seu-acord-per-a-la-formacio-de-deu-titulacions-oficials-de-formacio-professional-en-modalitat-en-linia\/","title":{"rendered":"La FSS-CCOO i CESUR renoven el seu acord per a la formaci\u00f3 de deu titulacions oficials de Formaci\u00f3 Professional en modalitat en l\u00ednia"},"content":{"rendered":"\n<h4 class=\"wp-block-heading\">La renovaci\u00f3 per al curs 2023-2024 de l\u2019acord signat entre la Federaci\u00f3 de Sanitat i Sectors Sociosanitaris de CCOO (FSS-CCOO) i CESUR fa m\u00e9s accessible l\u2019oferta de titulacions oficials de la branca sanit\u00e0ria en modalitat en l\u00ednia. L\u2019afiliaci\u00f3 de CCOO t\u00e9 la possibilitat de formar-se en deu titulacions oficials de Formaci\u00f3 Professional, en modalitat en l\u00ednia, m\u00e9s el cat\u00e0leg complet en presencial.<\/h4>\n\n\n\n<p>La majoria d\u2019aquests cicles, en la seva modalitat en l\u00ednia, nom\u00e9s requereixen de presencialitat per a la realitzaci\u00f3 de l\u2019examen final, mentre que uns altres requereixen de l\u2019assist\u00e8ncia a determinades sessions que, obligat\u00f2riament i a causa del seu car\u00e0cter oficial, hauran de ser impartides en les instal\u00b7lacions dels centres acreditats per a la impartici\u00f3 d\u2019aquest cicle.<\/p>\n\n\n\n<p>Els t\u00edtols oficials que s\u2019ofereixen s\u00f3n:<\/p>\n\n\n\n<p>T\u00e8cnic Superior en Anatomia Patol\u00f2gica i Citodiagn\u00f3stico.<\/p>\n\n\n\n<p>T\u00e8cnic Superior en Laboratori Cl\u00ednic i Biom\u00e8dic.<\/p>\n\n\n\n<p>T\u00e8cnic Superior en Imatge per al Diagn\u00f2stic i Medicina Nuclear.<\/p>\n\n\n\n<p>T\u00e8cnic Superior en Radioter\u00e0pia i Dosimetria.<\/p>\n\n\n\n<p>T\u00e8cnic Superior en Integraci\u00f3 Social.<\/p>\n\n\n\n<p>T\u00e8cnic en Emerg\u00e8ncies Sanit\u00e0ries.<\/p>\n\n\n\n<p>T\u00e8cnic en Farm\u00e0cia i Parafarm\u00e0cia.<\/p>\n\n\n\n<p>T\u00e8cnic en Cures Auxiliars d\u2019Infermeria.<\/p>\n\n\n\n<p>T\u00e8cnic Superior en Higiene Bucodental.<\/p>\n\n\n\n<p>T\u00e8cnic Superior en Diet\u00e8tica.<\/p>\n\n\n\n<p>El descompte a aplicar en exclusiva a l\u2019afiliaci\u00f3 de CCOO \u00e9s del 7% del preu total del cicle complet ( 1r + 2n).<\/p>\n\n\n\n<p>S\u2019exigir\u00e0 com a condici\u00f3 per a gaudir d\u2019aquesta oferta tenir un m\u00ednim de 3 mesos d\u2019antiguitat en l\u2019afiliaci\u00f3 a CCOO en el moment de la reserva de pla\u00e7a i acreditar al llarg de tot el desenvolupament del curs la condici\u00f3 d\u2019afiliat o afiliada. En cas de ser baixa en l\u2019afiliaci\u00f3 s\u2019haur\u00e0 d\u2019abonar a CESUR la quantitat descomptada per l\u2019aplicaci\u00f3 d\u2019aquesta promoci\u00f3.<\/p>\n\n\n\n<p>Per a con\u00e8ixer la informaci\u00f3 completa i accedir a les inscripcions<\/p>\n\n\n\n<p><a href=\"https:\/\/lider.cesurformacion.com\/descuento-ccoo\/\">PUNXA AQU\u00cd<\/a><\/p>\n\n\n\n<p>LA TEVA FORMACI\u00d3, EL NOSTRE COMPROM\u00cdS<\/p>\n\n\n\n<p><a href=\"https:\/\/www.ccoo.cat\/afiliat\/?_sfm_aff_situation=94\">AFILIA\u2019T A CCOO!<\/a><\/p>\n","protected":false},"excerpt":{"rendered":"<p>La renovaci\u00f3 per al curs 2023-2024 de l\u2019acord signat entre la Federaci\u00f3 de Sanitat i Sectors Sociosanitaris de CCOO (FSS-CCOO) i CESUR fa m\u00e9s accessible l\u2019oferta de titulacions oficials de &#8230; <a title=\"La FSS-CCOO i CESUR renoven el seu acord per a la formaci\u00f3 de deu titulacions oficials de Formaci\u00f3 Professional en modalitat en l\u00ednia\" class=\"read-more\" href=\"https:\/\/ccoo.app\/ics\/noticies\/la-fss-ccoo-i-cesur-renoven-el-seu-acord-per-a-la-formacio-de-deu-titulacions-oficials-de-formacio-professional-en-modalitat-en-linia\/\" aria-label=\"M\u00e9s informaci\u00f3 sobre La FSS-CCOO i CESUR renoven el seu acord per a la formaci\u00f3 de deu titulacions oficials de Formaci\u00f3 Professional en modalitat en l\u00ednia\">Read more<\/a><\/p>\n","protected":false},"author":4386,"featured_media":32562,"comment_status":"closed","ping_status":"closed","sticky":false,"template":"","format":"standard","meta":{"footnotes":""},"categories":[11,1],"tags":[],"area":[],"class_list":["post-32561","post","type-post","status-publish","format-standard","has-post-thumbnail","hentry","category-formacio","category-noticies","generate-columns","tablet-grid-50","mobile-grid-100","grid-parent","grid-50"],"_links":{"self":[{"href":"https:\/\/ccoo.app\/ics\/wp-json\/wp\/v2\/posts\/32561","targetHints":{"allow":["GET"]}}],"collection":[{"href":"https:\/\/ccoo.app\/ics\/wp-json\/wp\/v2\/posts"}],"about":[{"href":"https:\/\/ccoo.app\/ics\/wp-json\/wp\/v2\/types\/post"}],"author":[{"embeddable":true,"href":"https:\/\/ccoo.app\/ics\/wp-json\/wp\/v2\/users\/4386"}],"replies":[{"embeddable":true,"href":"https:\/\/ccoo.app\/ics\/wp-json\/wp\/v2\/comments?post=32561"}],"version-history":[{"count":1,"href":"https:\/\/ccoo.app\/ics\/wp-json\/wp\/v2\/posts\/32561\/revisions"}],"predecessor-version":[{"id":32563,"href":"https:\/\/ccoo.app\/ics\/wp-json\/wp\/v2\/posts\/32561\/revisions\/32563"}],"wp:featuredmedia":[{"embeddable":true,"href":"https:\/\/ccoo.app\/ics\/wp-json\/wp\/v2\/media\/32562"}],"wp:attachment":[{"href":"https:\/\/ccoo.app\/ics\/wp-json\/wp\/v2\/media?parent=32561"}],"wp:term":[{"taxonomy":"category","embeddable":true,"href":"https:\/\/ccoo.app\/ics\/wp-json\/wp\/v2\/categories?post=32561"},{"taxonomy":"post_tag","embeddable":true,"href":"https:\/\/ccoo.app\/ics\/wp-json\/wp\/v2\/tags?post=32561"},{"taxonomy":"area","embeddable":true,"href":"https:\/\/ccoo.app\/ics\/wp-json\/wp\/v2\/area?post=32561"}],"curies":[{"name":"wp","href":"https:\/\/api.w.org\/{rel}","templated":true}]}}