{"id":32556,"date":"2025-02-14T14:51:20","date_gmt":"2025-02-14T13:51:20","guid":{"rendered":"https:\/\/ccoo.app\/ics\/?p=32556"},"modified":"2025-02-14T14:51:21","modified_gmt":"2025-02-14T13:51:21","slug":"preparat-pel-catala","status":"publish","type":"post","link":"https:\/\/ccoo.app\/ics\/noticies\/formacio\/preparat-pel-catala\/","title":{"rendered":"Prepara&#8217;t pel Catal\u00e0"},"content":{"rendered":"\n<figure class=\"wp-block-image size-large\"><img loading=\"lazy\" decoding=\"async\" width=\"1024\" height=\"577\" src=\"https:\/\/ccoo.app\/ics\/wp-content\/blogs.dir\/6\/files\/sites\/200\/2025\/02\/Preparat-Catala-1024x577.png\" alt=\"\" class=\"wp-image-32557\" srcset=\"https:\/\/ccoo.app\/ics\/wp-content\/blogs.dir\/6\/files\/sites\/200\/2025\/02\/Preparat-Catala-1024x577.png 1024w, https:\/\/ccoo.app\/ics\/wp-content\/blogs.dir\/6\/files\/sites\/200\/2025\/02\/Preparat-Catala-300x169.png 300w, https:\/\/ccoo.app\/ics\/wp-content\/blogs.dir\/6\/files\/sites\/200\/2025\/02\/Preparat-Catala-768x433.png 768w, https:\/\/ccoo.app\/ics\/wp-content\/blogs.dir\/6\/files\/sites\/200\/2025\/02\/Preparat-Catala-1536x865.png 1536w, https:\/\/ccoo.app\/ics\/wp-content\/blogs.dir\/6\/files\/sites\/200\/2025\/02\/Preparat-Catala.png 1640w\" sizes=\"auto, (max-width: 1024px) 100vw, 1024px\" \/><\/figure>\n\n\n\n<p>Prepara&#8217;t pel seg\u00fcent nivell de catal\u00e0 C2 amb la <a href=\"https:\/\/fundaciopacopuerto.cat\/cursos-formacio\/idiomes\/catala\/catala-c2-catala-nivell-superior-c2-88329\/\">Fundaci\u00f3 Paco Puerto<\/a>, formaci\u00f3 presencial subvencionada d&#8217;inici inmediat.<\/p>\n\n\n\n<figure class=\"wp-block-table\"><table class=\"has-fixed-layout\"><tbody><tr><td><strong>Encara queden places! Forma\u2019t amb la nostra oferta subvencionada.<\/strong>Aprofita aquesta oportunitat per ampliar els teus coneixements i millorar les teves compet\u00e8ncies professionals amb la formaci\u00f3 de la Fundaci\u00f3\u00a0Paco\u00a0Puerto. Inscripci\u00f3 oberta per als curs de febrer al juliol! No et quedis sense la teva pla\u00e7a!<\/td><\/tr><\/tbody><\/table><\/figure>\n\n\n\n<figure class=\"wp-block-table\"><table class=\"has-fixed-layout\"><tbody><tr><td><img decoding=\"async\" alt=\"\" src=\"https:\/\/ci3.googleusercontent.com\/meips\/ADKq_NbBtTSf95t03V9alzWwvllfdUGRglUwKpo5c0wd_h12pGDoMHI3FltVgDehxeDDeohXv-T6L7m6nQSD7igwVStv1MMNVS1WOfgPrHyQWOiWo7r8vP8LJxRrY9lh41KJCt75-_u1I53APFHYV69fgGUBntyzXJtodbs=s0-d-e1-ft#https:\/\/mcusercontent.com\/8e5c4b48c9a07a03277b4b4fe\/images\/e6c71a2c-4a06-4e97-934f-995dda2cf1b4.png\" width=\"200\"><\/td><\/tr><\/tbody><\/table><\/figure>\n\n\n\n<figure class=\"wp-block-image\"><img decoding=\"async\" src=\"https:\/\/ci3.googleusercontent.com\/meips\/ADKq_NaGu75Nurfx1HMbKvOmDGh9_ZEuIGA3ZZu43uVazENN0P0k9wCmA6qFQIc4LUCkXnkRJP9j7sP_VpuWoHJ6VhQCN89xsseKPYJ-4CMQfKmsnFPPxO2u1KE6brOvOjUCmJX-n3a0nZ_Z69d0ZRZZKcZfKWhjN4RLMF0=s0-d-e1-ft#https:\/\/mcusercontent.com\/8e5c4b48c9a07a03277b4b4fe\/images\/0953e75e-88dc-1008-27ed-72c0c12ed378.jpg\" alt=\"\" \/><\/figure>\n","protected":false},"excerpt":{"rendered":"<p>Prepara&#8217;t pel seg\u00fcent nivell de catal\u00e0 C2 amb la Fundaci\u00f3 Paco Puerto, formaci\u00f3 presencial subvencionada d&#8217;inici inmediat. Encara queden places! Forma\u2019t amb la nostra oferta subvencionada.Aprofita aquesta oportunitat per ampliar &#8230; <a title=\"Prepara&#8217;t pel Catal\u00e0\" class=\"read-more\" href=\"https:\/\/ccoo.app\/ics\/noticies\/formacio\/preparat-pel-catala\/\" aria-label=\"M\u00e9s informaci\u00f3 sobre Prepara&#8217;t pel Catal\u00e0\">Read more<\/a><\/p>\n","protected":false},"author":4386,"featured_media":32557,"comment_status":"closed","ping_status":"closed","sticky":false,"template":"","format":"standard","meta":{"footnotes":""},"categories":[11],"tags":[],"area":[],"class_list":["post-32556","post","type-post","status-publish","format-standard","has-post-thumbnail","hentry","category-formacio","generate-columns","tablet-grid-50","mobile-grid-100","grid-parent","grid-50"],"_links":{"self":[{"href":"https:\/\/ccoo.app\/ics\/wp-json\/wp\/v2\/posts\/32556","targetHints":{"allow":["GET"]}}],"collection":[{"href":"https:\/\/ccoo.app\/ics\/wp-json\/wp\/v2\/posts"}],"about":[{"href":"https:\/\/ccoo.app\/ics\/wp-json\/wp\/v2\/types\/post"}],"author":[{"embeddable":true,"href":"https:\/\/ccoo.app\/ics\/wp-json\/wp\/v2\/users\/4386"}],"replies":[{"embeddable":true,"href":"https:\/\/ccoo.app\/ics\/wp-json\/wp\/v2\/comments?post=32556"}],"version-history":[{"count":1,"href":"https:\/\/ccoo.app\/ics\/wp-json\/wp\/v2\/posts\/32556\/revisions"}],"predecessor-version":[{"id":32560,"href":"https:\/\/ccoo.app\/ics\/wp-json\/wp\/v2\/posts\/32556\/revisions\/32560"}],"wp:featuredmedia":[{"embeddable":true,"href":"https:\/\/ccoo.app\/ics\/wp-json\/wp\/v2\/media\/32557"}],"wp:attachment":[{"href":"https:\/\/ccoo.app\/ics\/wp-json\/wp\/v2\/media?parent=32556"}],"wp:term":[{"taxonomy":"category","embeddable":true,"href":"https:\/\/ccoo.app\/ics\/wp-json\/wp\/v2\/categories?post=32556"},{"taxonomy":"post_tag","embeddable":true,"href":"https:\/\/ccoo.app\/ics\/wp-json\/wp\/v2\/tags?post=32556"},{"taxonomy":"area","embeddable":true,"href":"https:\/\/ccoo.app\/ics\/wp-json\/wp\/v2\/area?post=32556"}],"curies":[{"name":"wp","href":"https:\/\/api.w.org\/{rel}","templated":true}]}}