{"id":32549,"date":"2025-02-28T08:00:00","date_gmt":"2025-02-28T07:00:00","guid":{"rendered":"https:\/\/ccoo.app\/ics\/?p=32549"},"modified":"2025-02-14T11:12:14","modified_gmt":"2025-02-14T10:12:14","slug":"conceptes-basics-en-prevencio-de-riscos-laborals-prl","status":"publish","type":"post","link":"https:\/\/ccoo.app\/ics\/noticies\/salut-laboral\/conceptes-basics-en-prevencio-de-riscos-laborals-prl\/","title":{"rendered":"Conceptes b\u00e0sics en prevenci\u00f3 de riscos laborals (PRL)"},"content":{"rendered":"\n<h2 class=\"wp-block-heading\">Salut<\/h2>\n\n\n\n<p>Segons l\u2019Organitzaci\u00f3 Mundial de la Salut, \u00e9s un estat de complet benestar f\u00edsic, mental i social, i no nom\u00e9s d\u2019abs\u00e8ncia de malalties. El dret que tenim les persones treballadores a una protecci\u00f3 efica\u00e7 de la nostra salut suposa tot un seguit d\u2019obligacions empresarials.<\/p>\n\n\n\n<figure class=\"wp-block-image\"><img decoding=\"async\" src=\"https:\/\/www.ccoo.cat\/wp-content\/uploads\/2023\/11\/targeta-1-conceptes-basics-en-prevencio-de-riscos-laborals-prl.jpg\" alt=\"Targeta 1 Conceptes Basics En Prevencio De Riscos Laborals Prl\" \/><\/figure>\n\n\n\n<h2 class=\"wp-block-heading\">Prevenci\u00f3<\/h2>\n\n\n\n<p>Conjunt d\u2019activitats que l\u2019empresa ha adoptat o t\u00e9 previstes, en cadascuna de les etapes o dels elements de l\u2019activitat productiva, amb la finalitat d\u2019evitar o reduir els riscos laborals fins a nivells tolerables per a la salut.<\/p>\n\n\n\n<h2 class=\"wp-block-heading\">Perill<\/h2>\n\n\n\n<p>Font, situaci\u00f3 o acte que potencialment pot produir una lesi\u00f3 o un dany a la salut de les persones. S\u2019han d\u2019identificar tots els perills laborals i eliminar-los sempre que sigui possible. Per exemple, treballar a una altura determinada \u00e9s, en si mateix, una situaci\u00f3 de perill.<\/p>\n\n\n\n<h2 class=\"wp-block-heading\">Risc laboral<\/h2>\n\n\n\n<p>Possibilitat que un perill concret es materialitzi en un dany a la salut. A difer\u00e8ncia del perill, el risc integra dos elements de valoraci\u00f3 (probabilitat que es produeixi el dany i severitat o magnitud del dany) que s\u2019han de valorar conjuntament per qualificar-ne la gravetat.<\/p>\n\n\n\n<p>Per exemple, la gravetat de la caiguda en altura (risc) dependr\u00e0 de si es disposa d\u2019equips de treball i mesures preventives adequades i de la dist\u00e0ncia de caiguda que s\u2019ha de rec\u00f3rrer.<\/p>\n\n\n\n<p>Segons les diferents disciplines preventives, els riscos poden ser: de&nbsp;<a href=\"https:\/\/www.ccoo.cat\/noticies\/salut-laboral\/prevencio\/seguretat\/\">seguretat<\/a>, higi\u00e8nics (ja siguin&nbsp;<a href=\"https:\/\/www.ccoo.cat\/noticies\/salut-laboral\/prevencio\/riscos-quimics-i-cancerigens\/\">qu\u00edmics<\/a>,&nbsp;<a href=\"https:\/\/www.ccoo.cat\/noticies\/salut-laboral\/prevencio\/riscos-biologics\/\">biol\u00f2gics<\/a>&nbsp;o&nbsp;<a href=\"https:\/\/www.ccoo.cat\/noticies\/salut-laboral\/prevencio\/altres-riscos-higienics\/\">f\u00edsics<\/a>),&nbsp;<a href=\"https:\/\/www.ccoo.cat\/noticies\/salut-laboral\/prevencio\/riscos-ergonomics\/\">ergon\u00f2mics<\/a>&nbsp;o de&nbsp;<a href=\"https:\/\/www.ccoo.cat\/noticies\/salut-laboral\/prevencio\/riscos-derivats-de-organitzacio-del-treball\/\">l\u2019organitzaci\u00f3 del treball o psicosocials.&nbsp;<\/a>&nbsp;<\/p>\n\n\n\n<figure class=\"wp-block-image\"><img decoding=\"async\" src=\"https:\/\/www.ccoo.cat\/wp-content\/uploads\/2023\/11\/targeta-2-conceptes-basics-en-prevencio-de-riscos-laborals-prl.jpg\" alt=\"Targeta 2 Conceptes Basics En Prevencio De Riscos Laborals Prl\" \/><\/figure>\n\n\n\n<h2 class=\"wp-block-heading\">Risc laboral greu i imminent<\/h2>\n\n\n\n<p>Aquell que es pot materialitzar de manera probable en un futur immediat i pot suposar un dany greu per a la salut de les persones treballadores. Per exemple, treballar amb una m\u00e0quina que pot produir amputacions o atrapaments, sense mecanismes de seguretat, o treballar amb amiant sense mesures preventives.<\/p>\n\n\n\n<h2 class=\"wp-block-heading\">Condici\u00f3 de treball<\/h2>\n\n\n\n<p>Qualsevol caracter\u00edstica de la feina que pugui tenir una influ\u00e8ncia significativa en la generaci\u00f3 de riscos laborals (locals, instal\u00b7lacions, equips de treball, productes que s\u2019utilitzen, condicions ambientals, procediments, organitzaci\u00f3 i ordenaci\u00f3 del treball, etc.).<\/p>\n\n\n\n<h2 class=\"wp-block-heading\">Equip de treball<\/h2>\n\n\n\n<p>Qualsevol instal\u00b7laci\u00f3, m\u00e0quina o instrument que s\u2019utilitzi a la feina.<\/p>\n\n\n\n<h2 class=\"wp-block-heading\">Avaluaci\u00f3 de riscos<\/h2>\n\n\n\n<p>Proc\u00e9s dirigit a estimar la magnitud dels riscos que no s\u2019hagin pogut evitar, obtenint la informaci\u00f3 necess\u00e0ria perqu\u00e8 l\u2019empresari o empres\u00e0ria estigui en condicions de prendre decisions adequades sobre les mesures preventives que cal adoptar. Cada tipus de risc s\u2019ha d\u2019avaluar amb un m\u00e8tode i una t\u00e8cnica diferents, i per valorar-los s\u2019ha d\u2019integrar la&nbsp;<a href=\"https:\/\/www.ccoo.cat\/noticies\/salut-laboral\/prevencio\/salut-laboral-i-perspectiva-de-genere\/\">perspectiva de g\u00e8nere<\/a>&nbsp;en el proc\u00e9s.<\/p>\n\n\n\n<figure class=\"wp-block-image\"><img decoding=\"async\" src=\"https:\/\/www.ccoo.cat\/wp-content\/uploads\/2023\/11\/targeta-3-conceptes-basics-en-prevencio-de-riscos-laborals-prl.jpg\" alt=\"Targeta 3 Conceptes Basics En Prevencio De Riscos Laborals Prl\" \/><\/figure>\n\n\n\n<h2 class=\"wp-block-heading\">Planificaci\u00f3 preventiva<\/h2>\n\n\n\n<p>Conjunt d\u2019actuacions i mesures preventives que l\u2019empresa ha d\u2019implementar per eliminar o controlar els riscos laborals, planificant-les i identificant-ne l\u2019ordre de prioritats en funci\u00f3 de la magnitud i del nombre de persones treballadores exposades. Ha de complir els&nbsp;<a href=\"https:\/\/www.ccoo.cat\/wp-content\/uploads\/2021\/12\/llista-control-avaluacio-riscos-laborals-planificacio-mesures-preventives.pdf\">requisits establerts legalment<\/a>, i conjuntament amb l\u2019avaluaci\u00f3 de riscos \u00e9s un instrument clau per fer efectiva la prevenci\u00f3.<\/p>\n\n\n\n<h2 class=\"wp-block-heading\">Mesures de prevenci\u00f3<\/h2>\n\n\n\n<p>Aquelles que eliminen o disminueixen el risc a l\u2019origen minimitzant la probabilitat que es materialitzi. Per exemple, substituir una m\u00e0quina que fa soroll o un producte qu\u00edmic perill\u00f3s per un altre que no ho sigui, dissenyar ritmes de treball adequats, etc.<\/p>\n\n\n\n<h2 class=\"wp-block-heading\">Mesures de protecci\u00f3<\/h2>\n\n\n\n<p>No actuen sobre la probabilitat del risc, sin\u00f3 que redueixen els seus possibles efectes negatius. Poden ser de:<\/p>\n\n\n\n<ul class=\"wp-block-list\">\n<li>Protecci\u00f3 col\u00b7lectiva per protegir simult\u00e0niament diversos treballadors o treballadores, com ara baranes o xarxes de seguretat per a les caigudes en altura, extintors d\u2019incendi, apantallaments i tancaments ac\u00fastics, etc.<\/li>\n\n\n\n<li>Protecci\u00f3 personal o individual (orelleres o taps contra el soroll, guants, mascaretes, botes, cinturons o arnesos, casc, etc.).<\/li>\n<\/ul>\n\n\n\n<p><strong><em>Sempre s\u2019ha d\u2019anteposar la protecci\u00f3 col\u00b7lectiva a la individual.<\/em><\/strong><\/p>\n\n\n\n<figure class=\"wp-block-image\"><img decoding=\"async\" src=\"https:\/\/www.ccoo.cat\/wp-content\/uploads\/2023\/11\/targeta-4-conceptes-basics-en-prevencio-de-riscos-laborals-prl.jpg\" alt=\"Targeta 4 Conceptes Basics En Prevencio De Riscos Laborals Prl\" \/><\/figure>\n\n\n\n<h2 class=\"wp-block-heading\">Danys derivats del treball<\/h2>\n\n\n\n<p>Malalties, patologies o lesions sofertes amb motiu o ocasi\u00f3 del treball. Es produeixen perqu\u00e8 no s\u2019ha fet una prevenci\u00f3 adequada.<\/p>\n\n\n\n<p>Si vols saber m\u00e9s sobre els accidents de treball i les malalties professionals, consulta la nostra&nbsp;<a href=\"https:\/\/www.ccoo.cat\/noticies\/treballar-sense-prevencio-danys-a-la-salut\/\">p\u00edndola<\/a>.<\/p>\n\n\n\n<div data-wp-interactive=\"core\/file\" class=\"wp-block-file\"><object data-wp-bind--hidden=\"!state.hasPdfPreview\" hidden class=\"wp-block-file__embed\" data=\"https:\/\/ccoo.app\/ics\/wp-content\/blogs.dir\/6\/files\/sites\/200\/2025\/02\/infografia_sl_1.pdf\" type=\"application\/pdf\" style=\"width:100%;height:600px\" aria-label=\"Incrustaci\u00f3 del fitxer infografia_sl_1.\"><\/object><a id=\"wp-block-file--media-e27d0bfc-7e3e-40ac-a738-aef091807b48\" href=\"https:\/\/ccoo.app\/ics\/wp-content\/blogs.dir\/6\/files\/sites\/200\/2025\/02\/infografia_sl_1.pdf\">infografia_sl_1<\/a><a href=\"https:\/\/ccoo.app\/ics\/wp-content\/blogs.dir\/6\/files\/sites\/200\/2025\/02\/infografia_sl_1.pdf\" class=\"wp-block-file__button wp-element-button\" download aria-describedby=\"wp-block-file--media-e27d0bfc-7e3e-40ac-a738-aef091807b48\">Baixa<\/a><\/div>\n\n\n\n<p><\/p>\n\n\n\n<p>Feu clic per veure la&nbsp;<a href=\"https:\/\/www.ccoo.cat\/wp-content\/uploads\/2023\/11\/conceptes-basics-en-prevencio-de-riscos-laborals-prl.pdf\">infografia \u201cConceptes b\u00e0sics en prevenci\u00f3 de riscos laborals (PRL)\u201d en catal\u00e0<\/a>&nbsp;o la&nbsp;<a href=\"https:\/\/www.ccoo.cat\/wp-content\/uploads\/2023\/11\/conceptos-basicos-en-prevencion-de-riesgos-laborales-prl.pdf\">infografia \u201cConceptos b\u00e1sicos en prevenci\u00f3n de riesgos laborales (PRL)\u201d en castell\u00e0<\/a><\/p>\n\n\n\n<h2 class=\"wp-block-heading\">Recorda: el perill \u00e9s inherent a una feina determinada. En canvi, el risc es tria i suposa l\u2019abs\u00e8ncia d\u2019activitats preventives adequades per part de l\u2019empresa.<\/h2>\n\n\n\n<h2 class=\"wp-block-heading\">Per a m\u00e9s informaci\u00f3, contacta amb els teus delegats i delegades de CCOO o&nbsp;<a href=\"https:\/\/www.ccoo.cat\/contacta\/\">consulta\u2019ns<\/a><\/h2>\n\n\n\n<p>Amb el suport de:<\/p>\n\n\n\n<figure class=\"wp-block-image\"><img decoding=\"async\" src=\"https:\/\/www.ccoo.cat\/wp-content\/uploads\/2022\/11\/logo-departament-empresa-treball-a-la-feina-cap-risc-2022-490x78.png\" alt=\"Logo Departament Empresa Treball A La Feina Cap Risc 2022\" \/><\/figure>\n\n\n\n<p><\/p>\n","protected":false},"excerpt":{"rendered":"<p>Salut Segons l\u2019Organitzaci\u00f3 Mundial de la Salut, \u00e9s un estat de complet benestar f\u00edsic, mental i social, i no nom\u00e9s d\u2019abs\u00e8ncia de malalties. El dret que tenim les persones treballadores &#8230; <a title=\"Conceptes b\u00e0sics en prevenci\u00f3 de riscos laborals (PRL)\" class=\"read-more\" href=\"https:\/\/ccoo.app\/ics\/noticies\/salut-laboral\/conceptes-basics-en-prevencio-de-riscos-laborals-prl\/\" aria-label=\"M\u00e9s informaci\u00f3 sobre Conceptes b\u00e0sics en prevenci\u00f3 de riscos laborals (PRL)\">Read more<\/a><\/p>\n","protected":false},"author":4386,"featured_media":32551,"comment_status":"closed","ping_status":"closed","sticky":false,"template":"","format":"standard","meta":{"footnotes":""},"categories":[8],"tags":[],"area":[],"class_list":["post-32549","post","type-post","status-publish","format-standard","has-post-thumbnail","hentry","category-salut-laboral","generate-columns","tablet-grid-50","mobile-grid-100","grid-parent","grid-50"],"_links":{"self":[{"href":"https:\/\/ccoo.app\/ics\/wp-json\/wp\/v2\/posts\/32549","targetHints":{"allow":["GET"]}}],"collection":[{"href":"https:\/\/ccoo.app\/ics\/wp-json\/wp\/v2\/posts"}],"about":[{"href":"https:\/\/ccoo.app\/ics\/wp-json\/wp\/v2\/types\/post"}],"author":[{"embeddable":true,"href":"https:\/\/ccoo.app\/ics\/wp-json\/wp\/v2\/users\/4386"}],"replies":[{"embeddable":true,"href":"https:\/\/ccoo.app\/ics\/wp-json\/wp\/v2\/comments?post=32549"}],"version-history":[{"count":1,"href":"https:\/\/ccoo.app\/ics\/wp-json\/wp\/v2\/posts\/32549\/revisions"}],"predecessor-version":[{"id":32552,"href":"https:\/\/ccoo.app\/ics\/wp-json\/wp\/v2\/posts\/32549\/revisions\/32552"}],"wp:featuredmedia":[{"embeddable":true,"href":"https:\/\/ccoo.app\/ics\/wp-json\/wp\/v2\/media\/32551"}],"wp:attachment":[{"href":"https:\/\/ccoo.app\/ics\/wp-json\/wp\/v2\/media?parent=32549"}],"wp:term":[{"taxonomy":"category","embeddable":true,"href":"https:\/\/ccoo.app\/ics\/wp-json\/wp\/v2\/categories?post=32549"},{"taxonomy":"post_tag","embeddable":true,"href":"https:\/\/ccoo.app\/ics\/wp-json\/wp\/v2\/tags?post=32549"},{"taxonomy":"area","embeddable":true,"href":"https:\/\/ccoo.app\/ics\/wp-json\/wp\/v2\/area?post=32549"}],"curies":[{"name":"wp","href":"https:\/\/api.w.org\/{rel}","templated":true}]}}