{"id":32545,"date":"2025-02-14T11:03:44","date_gmt":"2025-02-14T10:03:44","guid":{"rendered":"https:\/\/ccoo.app\/ics\/?p=32545"},"modified":"2025-02-14T11:03:45","modified_gmt":"2025-02-14T10:03:45","slug":"comite-de-seguretat-i-salut-tot-el-que-has-saber","status":"publish","type":"post","link":"https:\/\/ccoo.app\/ics\/noticies\/salut-laboral\/comite-de-seguretat-i-salut-tot-el-que-has-saber\/","title":{"rendered":"Comit\u00e8 de seguretat i salut: tot el que has saber"},"content":{"rendered":"\n<h2 class=\"wp-block-heading\">Qu\u00e8 \u00e9s un comit\u00e8 de seguretat i salut (CSS)?<\/h2>\n\n\n\n<p>\u00c9s l\u2019\u00f2rgan de participaci\u00f3 intern on l\u2019empresa ha de realitzar als delegats i delegades de prevenci\u00f3 la consulta regular i peri\u00f2dica de totes les q\u00fcestions relacionades amb la protecci\u00f3 de la salut de les persones treballadores i dels riscos laborals.<\/p>\n\n\n\n<p>\u00c9s un \u00f2rgan consultiu i col\u00b7legiat, \u00e9s a dir, creat formalment i amb unes funcions definides legalment, on la representaci\u00f3 de les persones treballadores poden comunicar les seves propostes i promoure millores de les condicions de treball.<\/p>\n\n\n\n<figure class=\"wp-block-image\"><img decoding=\"async\" src=\"https:\/\/www.ccoo.cat\/wp-content\/uploads\/2023\/12\/targeta-1-comite-de-seguretat-i-salut-tot-el-que-necessites-saber.jpg\" alt=\"Targeta 1 Comite De Seguretat I Salut Tot El Que Necessites Saber\" \/><\/figure>\n\n\n\n<h2 class=\"wp-block-heading\">Composici\u00f3 i constituci\u00f3<\/h2>\n\n\n\n<p>Est\u00e0 format en mateix nombre pels:<\/p>\n\n\n\n<ul class=\"wp-block-list\">\n<li>Delegats i delegades de prevenci\u00f3.<\/li>\n\n\n\n<li>Representants de l\u2019empresa.<\/li>\n<\/ul>\n\n\n\n<p>S\u2019ha de constituir a totes les empreses o centres de treball que tinguin 50 persones treballadores o m\u00e9s.<\/p>\n\n\n\n<h2 class=\"wp-block-heading\">Periodicitat<\/h2>\n\n\n\n<p>El CSS s\u2019ha de reunir:<\/p>\n\n\n\n<ul class=\"wp-block-list\">\n<li>Com a m\u00ednim, trimestralment.<\/li>\n\n\n\n<li>Sempre que alguna de les parts ho sol\u00b7liciti.<\/li>\n<\/ul>\n\n\n\n<h2 class=\"wp-block-heading\">Participaci\u00f3<\/h2>\n\n\n\n<p>A les reunions poden participar amb veu i sense vot:<\/p>\n\n\n\n<ul class=\"wp-block-list\">\n<li>Delegats i delegades sindicals.<\/li>\n\n\n\n<li>T\u00e8cnics i t\u00e8cniques de prevenci\u00f3 de l\u2019empresa.<\/li>\n\n\n\n<li>Persones treballadores de l\u2019empresa amb informaci\u00f3 sobre les q\u00fcestions concretes que s\u2019hi debatin.<\/li>\n\n\n\n<li>Persones que assessoren els delegats i delegades o t\u00e8cnics i t\u00e8cniques aliens a l\u2019empresa.<\/li>\n<\/ul>\n\n\n\n<figure class=\"wp-block-image\"><img decoding=\"async\" src=\"https:\/\/www.ccoo.cat\/wp-content\/uploads\/2023\/12\/targeta-2-comite-de-seguretat-i-salut-tot-el-que-necessites-saber.jpg\" alt=\"Targeta 2 Comite De Seguretat I Salut Tot El Que Necessites Saber\" \/><\/figure>\n\n\n\n<h2 class=\"wp-block-heading\">Compet\u00e8ncies<\/h2>\n\n\n\n<ul class=\"wp-block-list\">\n<li>Participar en l\u2019elaboraci\u00f3, la posada en pr\u00e0ctica i l\u2019avaluaci\u00f3 dels plans i dels programes de prevenci\u00f3 de riscos a l\u2019empresa.<\/li>\n\n\n\n<li>Debatre l\u2019organitzaci\u00f3 preventiva de l\u2019empresa i els projectes sobre l\u2019organitzaci\u00f3 del treball i les noves tecnologies.<\/li>\n\n\n\n<li>Promoure iniciatives sobre m\u00e8todes i procediments preventius i proposar a l\u2019empresa la millora de les condicions o la correcci\u00f3 de les defici\u00e8ncies existents.<\/li>\n<\/ul>\n\n\n\n<p>A les empreses de menys de 50 persones treballadores, aquestes compet\u00e8ncies les han d\u2019exercir els delegats i delegades de prevenci\u00f3.<\/p>\n\n\n\n<h2 class=\"wp-block-heading\">Facultats<\/h2>\n\n\n\n<ul class=\"wp-block-list\">\n<li>Con\u00e8ixer directament la situaci\u00f3 preventiva de l\u2019empresa, realitzant les visites que es considerin oportunes.<\/li>\n\n\n\n<li>Con\u00e8ixer tota la documentaci\u00f3 i els informes relatius a les condicions de treball i a l\u2019activitat preventiva.<\/li>\n\n\n\n<li>Con\u00e8ixer i analitzar els danys produ\u00efts en la salut de les persones treballadores per proposar accions preventives amb l\u2019objectiu d\u2019evitar que es repeteixin.<\/li>\n<\/ul>\n\n\n\n<figure class=\"wp-block-image\"><img decoding=\"async\" src=\"https:\/\/www.ccoo.cat\/wp-content\/uploads\/2023\/12\/targeta-3-comite-de-seguretat-i-salut-tot-el-que-necessites-saber.jpg\" alt=\"Targeta 3 Comite De Seguretat I Salut Tot El Que Necessites Saber\" \/><\/figure>\n\n\n\n<h2 class=\"wp-block-heading\">Per qu\u00e8 el CSS \u00e9s important per als treballadors i treballadores?<\/h2>\n\n\n\n<p>\u00c9s l\u2019\u00f2rgan que canalitza a l\u2019empresa la participaci\u00f3 de les persones treballadores en mat\u00e8ria de salut laboral. \u00c9s, per tant, un instrument clau per a&nbsp;<strong>l\u2019expressi\u00f3 col\u00b7lectiva dels interessos i dels drets de les persones treballadores en aquesta mat\u00e8ria<\/strong>&nbsp;amb el qual els delegats i delegades de prevenci\u00f3 poden expressar les opinions i les reivindicacions de la plantilla.<\/p>\n\n\n\n<p>Per fer-ho, la representaci\u00f3 de les persones treballadores pot accedir a tota la documentaci\u00f3 preventiva i relativa a les teves condicions de treball, incloses les relacionades amb la seva organitzaci\u00f3 (horaris, torns, ritme i c\u00e0rregues de treball, assetjament, etc.), i analitzar-la.<\/p>\n\n\n\n<p>La participaci\u00f3 activa dels delegats i delegades de prevenci\u00f3 al CSS contribueix a:<\/p>\n\n\n\n<ul class=\"wp-block-list\">\n<li>Promoure m\u00e9s activitats preventives i de m\u00e9s qualitat a les empreses.<\/li>\n\n\n\n<li>Posar fre a la precarietat a les empreses i millorar les condicions de treball i la qualitat de vida de les persones.<\/li>\n\n\n\n<li>Reduir els accidents de treball i les malalties professionals.<\/li>\n\n\n\n<li>Millorar la salut dels treballadors i treballadores.<\/li>\n<\/ul>\n\n\n\n<figure class=\"wp-block-image\"><img decoding=\"async\" src=\"https:\/\/www.ccoo.cat\/wp-content\/uploads\/2023\/12\/targeta-4-comite-de-seguretat-i-salut-tot-el-que-necessites-saber.jpg\" alt=\"Targeta 4 Comite De Seguretat I Salut Tot El Que Necessites Saber\" \/><\/figure>\n\n\n\n<div data-wp-interactive=\"core\/file\" class=\"wp-block-file\"><object data-wp-bind--hidden=\"!state.hasPdfPreview\" hidden class=\"wp-block-file__embed\" data=\"https:\/\/ccoo.app\/ics\/wp-content\/blogs.dir\/6\/files\/sites\/200\/2025\/02\/infografia_sl.pdf\" type=\"application\/pdf\" style=\"width:100%;height:1350px\" aria-label=\"Incrustaci\u00f3 del fitxer infografia_sl.\"><\/object><a id=\"wp-block-file--media-5d52357a-0c17-480f-a1d9-6ba0258c04a5\" href=\"https:\/\/ccoo.app\/ics\/wp-content\/blogs.dir\/6\/files\/sites\/200\/2025\/02\/infografia_sl.pdf\">infografia_sl<\/a><a href=\"https:\/\/ccoo.app\/ics\/wp-content\/blogs.dir\/6\/files\/sites\/200\/2025\/02\/infografia_sl.pdf\" class=\"wp-block-file__button wp-element-button\" download aria-describedby=\"wp-block-file--media-5d52357a-0c17-480f-a1d9-6ba0258c04a5\">Baixa<\/a><\/div>\n\n\n\n<p><\/p>\n\n\n\n<p>Feu clic per veure la&nbsp;<a href=\"https:\/\/www.ccoo.cat\/wp-content\/uploads\/2023\/12\/infografia-comite-de-seguretat-i-salut-tot-el-que-necessites-saber.pdf\">infografia \u201cComit\u00e8 de seguretat i salut: tot el que necessites saber\u201d en catal\u00e0<\/a>&nbsp;o la&nbsp;<a href=\"https:\/\/www.ccoo.cat\/wp-content\/uploads\/2023\/12\/infografia-comite-de-seguridad-y-salud-todo-lo-que-necesitas-saber.pdf\">infografia \u201cComit\u00e9 de seguridad y salud: todo lo que necesitas saber\u201d en castellano<\/a><\/p>\n\n\n\n<h2 class=\"wp-block-heading\">Per a m\u00e9s informaci\u00f3, contacta amb els teus delegats i delegades de CCOO o&nbsp;<a href=\"https:\/\/www.ccoo.cat\/contacta\/\">consulta\u2019ns<\/a>.<\/h2>\n\n\n\n<p>Amb el suport de:<\/p>\n\n\n\n<figure class=\"wp-block-image\"><img decoding=\"async\" src=\"https:\/\/www.ccoo.cat\/wp-content\/uploads\/2022\/11\/logo-departament-empresa-treball-a-la-feina-cap-risc-2022-490x78.png\" alt=\"Logo Departament Empresa Treball A La Feina Cap Risc 2022\" \/><\/figure>\n","protected":false},"excerpt":{"rendered":"<p>Qu\u00e8 \u00e9s un comit\u00e8 de seguretat i salut (CSS)? \u00c9s l\u2019\u00f2rgan de participaci\u00f3 intern on l\u2019empresa ha de realitzar als delegats i delegades de prevenci\u00f3 la consulta regular i peri\u00f2dica &#8230; <a title=\"Comit\u00e8 de seguretat i salut: tot el que has saber\" class=\"read-more\" href=\"https:\/\/ccoo.app\/ics\/noticies\/salut-laboral\/comite-de-seguretat-i-salut-tot-el-que-has-saber\/\" aria-label=\"M\u00e9s informaci\u00f3 sobre Comit\u00e8 de seguretat i salut: tot el que has saber\">Read more<\/a><\/p>\n","protected":false},"author":4386,"featured_media":32547,"comment_status":"closed","ping_status":"closed","sticky":false,"template":"","format":"standard","meta":{"footnotes":""},"categories":[8],"tags":[],"area":[],"class_list":["post-32545","post","type-post","status-publish","format-standard","has-post-thumbnail","hentry","category-salut-laboral","generate-columns","tablet-grid-50","mobile-grid-100","grid-parent","grid-50"],"_links":{"self":[{"href":"https:\/\/ccoo.app\/ics\/wp-json\/wp\/v2\/posts\/32545","targetHints":{"allow":["GET"]}}],"collection":[{"href":"https:\/\/ccoo.app\/ics\/wp-json\/wp\/v2\/posts"}],"about":[{"href":"https:\/\/ccoo.app\/ics\/wp-json\/wp\/v2\/types\/post"}],"author":[{"embeddable":true,"href":"https:\/\/ccoo.app\/ics\/wp-json\/wp\/v2\/users\/4386"}],"replies":[{"embeddable":true,"href":"https:\/\/ccoo.app\/ics\/wp-json\/wp\/v2\/comments?post=32545"}],"version-history":[{"count":1,"href":"https:\/\/ccoo.app\/ics\/wp-json\/wp\/v2\/posts\/32545\/revisions"}],"predecessor-version":[{"id":32548,"href":"https:\/\/ccoo.app\/ics\/wp-json\/wp\/v2\/posts\/32545\/revisions\/32548"}],"wp:featuredmedia":[{"embeddable":true,"href":"https:\/\/ccoo.app\/ics\/wp-json\/wp\/v2\/media\/32547"}],"wp:attachment":[{"href":"https:\/\/ccoo.app\/ics\/wp-json\/wp\/v2\/media?parent=32545"}],"wp:term":[{"taxonomy":"category","embeddable":true,"href":"https:\/\/ccoo.app\/ics\/wp-json\/wp\/v2\/categories?post=32545"},{"taxonomy":"post_tag","embeddable":true,"href":"https:\/\/ccoo.app\/ics\/wp-json\/wp\/v2\/tags?post=32545"},{"taxonomy":"area","embeddable":true,"href":"https:\/\/ccoo.app\/ics\/wp-json\/wp\/v2\/area?post=32545"}],"curies":[{"name":"wp","href":"https:\/\/api.w.org\/{rel}","templated":true}]}}