{"id":32535,"date":"2024-12-17T10:47:41","date_gmt":"2024-12-17T09:47:41","guid":{"rendered":"https:\/\/ccoo.app\/ics\/?p=32535"},"modified":"2025-02-14T10:53:36","modified_gmt":"2025-02-14T09:53:36","slug":"treballes-amb-soroll","status":"publish","type":"post","link":"https:\/\/ccoo.app\/ics\/noticies\/salut-laboral\/treballes-amb-soroll\/","title":{"rendered":"Treballes amb soroll?"},"content":{"rendered":"\n<p>El soroll \u00e9s un risc laboral que pot afectar la salut de diferents maneres i que est\u00e0 present en moltes professions. Hi ha sectors que s\u2019identifiquen f\u00e0cilment com a sorollosos. Altres poden semblar lliures de sorollosos. Altres poden semblar lliures de soroll, per\u00f2 tamb\u00e9 poden ser activitats de risc.<\/p>\n\n\n\n<p>Es considera que l\u2019audici\u00f3 est\u00e0 en risc a patir de 80 decibels durant una jornada laboral de 8 hores.<\/p>\n\n\n\n<p><strong>PER QU\u00c8 \u00c9S PERILL\u00d3S EL SOROLL?<\/strong><\/p>\n\n\n\n<ul class=\"wp-block-list\">\n<li>Pot ser una font de mol\u00e8sties i generar fatiga, irritabilitat, insomni, ansietat\u2026<\/li>\n\n\n\n<li>Pot produir lesions i danys a la salut: trauma ac\u00fastic immediat (lesi\u00f3 al timp\u00e0), p\u00e8rdua progressiva de la capacitat auditiva, vert\u00edgens, alteracions del sistema nervi\u00f3s, cardiovascular o digestiu, etc. En les treballadores embarassades pot ser perjudicial per a la dona i produir lesions auditives al fetus.<\/li>\n\n\n\n<li>Pot contribuir a generar accidents de treball quan dificulta la concentraci\u00f3 i interfereix en la comunicaci\u00f3 o en els senyals ac\u00fastics.<\/li>\n<\/ul>\n\n\n\n<p><strong>ON POT HAVER-HI EXPOSICI\u00d3?<\/strong><\/p>\n\n\n\n<ul class=\"wp-block-list\">\n<li>Processos industrials i manufacturers<\/li>\n\n\n\n<li>Construcci\u00f3, agricultura i fusteries<\/li>\n\n\n\n<li>Escoles<\/li>\n\n\n\n<li>Discoteques, sales de concerts i bars musicals<\/li>\n\n\n\n<li>Parcs tem\u00e0tics i altres centres d\u2019oci<\/li>\n\n\n\n<li>Transport urb\u00e0 i treballs de plataforma (persones repartidores)<\/li>\n<\/ul>\n\n\n\n<p><strong>QU\u00c8 HA DE FER L\u2019EMPRESA?<\/strong><\/p>\n\n\n\n<ul class=\"wp-block-list\">\n<li>Avaluar el risc i valorar si estem en situaci\u00f3 d\u2019incomoditat ac\u00fastica o en situaci\u00f3 de perill per a l\u2019audici\u00f3.<\/li>\n\n\n\n<li>Eliminar el soroll perill\u00f3s i evitar condicions ambientals molestes per a les persones treballadores (per exemple escollint m\u00e8todes de<br>treball o m\u00e0quines que generin el nivell m\u00e9s baix possible de soroll).<\/li>\n\n\n\n<li>Si no el pot eliminar, haur\u00e0 de reduir-lo fins a nivells que no siguin perillosos prioritzant les mesures col\u00b7lectives (cabines o pantalles, recobriments amb materials ac\u00fasticament absorbents, mesures organitzatives per reduir el temps d\u2019exposici\u00f3, etc. ).<\/li>\n\n\n\n<li>Garantir reconeixements m\u00e8dics peri\u00f2dics que incloguin una revisi\u00f3 auditiva a les persones treballadores exposades i assegurar una<br>protecci\u00f3 espec\u00edfica a les treballadores embarassades.<\/li>\n<\/ul>\n\n\n\n<p>Per saber si existeix un risc laboral, cal fer mesuraments i considerar el temps d\u2019exposici\u00f3 al soroll.<\/p>\n\n\n\n<p>Els protectors auditius (orelleres, taps, cascos antisoroll, etc.) nom\u00e9s s\u2019han d\u2019utilitzar quan les mesures t\u00e8cniques o col\u00b7lectives s\u00f3n insuficients.<\/p>\n\n\n\n<p>La hipoac\u00fasia o la sordesa estan catalogades com a malaltia professional en algunes activitats laborals (sanejament urb\u00e0, construcci\u00f3, t\u00e8cnics de so, m\u00fasics, ind\u00fastria, etc.). En altres ocupacions s\u2019haur\u00e0 de declarar com a accident de treball (educadors, restauraci\u00f3 i comer\u00e7, etc.).<\/p>\n\n\n\n<div data-wp-interactive=\"core\/file\" class=\"wp-block-file\"><object data-wp-bind--hidden=\"!state.hasPdfPreview\" hidden class=\"wp-block-file__embed\" data=\"https:\/\/ccoo.app\/ics\/wp-content\/blogs.dir\/6\/files\/sites\/200\/2025\/02\/infografia_sl_122024.pdf\" type=\"application\/pdf\" style=\"width:100%;height:1340px\" aria-label=\"Incrustaci\u00f3 del fitxer infografia_sl_122024.\"><\/object><a id=\"wp-block-file--media-8f09f4a6-7b1d-4b91-9145-47ab94d504f3\" href=\"https:\/\/ccoo.app\/ics\/wp-content\/blogs.dir\/6\/files\/sites\/200\/2025\/02\/infografia_sl_122024.pdf\">infografia_sl_122024<\/a><a href=\"https:\/\/ccoo.app\/ics\/wp-content\/blogs.dir\/6\/files\/sites\/200\/2025\/02\/infografia_sl_122024.pdf\" class=\"wp-block-file__button wp-element-button\" download aria-describedby=\"wp-block-file--media-8f09f4a6-7b1d-4b91-9145-47ab94d504f3\">Baixa<\/a><\/div>\n\n\n\n<p><\/p>\n\n\n\n<p><strong>Amb el suport de:<\/strong><\/p>\n\n\n\n<figure class=\"wp-block-image\"><img decoding=\"async\" src=\"https:\/\/www.ccoo.cat\/wp-content\/uploads\/2024\/05\/image.png?_t=1734515903\" alt=\"Image\" class=\"wp-image-148803\" \/><\/figure>\n\n\n\n<p><\/p>\n","protected":false},"excerpt":{"rendered":"<p>El soroll \u00e9s un risc laboral que pot afectar la salut de diferents maneres i que est\u00e0 present en moltes professions. Hi ha sectors que s\u2019identifiquen f\u00e0cilment com a sorollosos. &#8230; <a title=\"Treballes amb soroll?\" class=\"read-more\" href=\"https:\/\/ccoo.app\/ics\/noticies\/salut-laboral\/treballes-amb-soroll\/\" aria-label=\"M\u00e9s informaci\u00f3 sobre Treballes amb soroll?\">Read more<\/a><\/p>\n","protected":false},"author":4386,"featured_media":32537,"comment_status":"closed","ping_status":"closed","sticky":false,"template":"","format":"standard","meta":{"footnotes":""},"categories":[8],"tags":[],"area":[],"class_list":["post-32535","post","type-post","status-publish","format-standard","has-post-thumbnail","hentry","category-salut-laboral","generate-columns","tablet-grid-50","mobile-grid-100","grid-parent","grid-50"],"_links":{"self":[{"href":"https:\/\/ccoo.app\/ics\/wp-json\/wp\/v2\/posts\/32535","targetHints":{"allow":["GET"]}}],"collection":[{"href":"https:\/\/ccoo.app\/ics\/wp-json\/wp\/v2\/posts"}],"about":[{"href":"https:\/\/ccoo.app\/ics\/wp-json\/wp\/v2\/types\/post"}],"author":[{"embeddable":true,"href":"https:\/\/ccoo.app\/ics\/wp-json\/wp\/v2\/users\/4386"}],"replies":[{"embeddable":true,"href":"https:\/\/ccoo.app\/ics\/wp-json\/wp\/v2\/comments?post=32535"}],"version-history":[{"count":2,"href":"https:\/\/ccoo.app\/ics\/wp-json\/wp\/v2\/posts\/32535\/revisions"}],"predecessor-version":[{"id":32540,"href":"https:\/\/ccoo.app\/ics\/wp-json\/wp\/v2\/posts\/32535\/revisions\/32540"}],"wp:featuredmedia":[{"embeddable":true,"href":"https:\/\/ccoo.app\/ics\/wp-json\/wp\/v2\/media\/32537"}],"wp:attachment":[{"href":"https:\/\/ccoo.app\/ics\/wp-json\/wp\/v2\/media?parent=32535"}],"wp:term":[{"taxonomy":"category","embeddable":true,"href":"https:\/\/ccoo.app\/ics\/wp-json\/wp\/v2\/categories?post=32535"},{"taxonomy":"post_tag","embeddable":true,"href":"https:\/\/ccoo.app\/ics\/wp-json\/wp\/v2\/tags?post=32535"},{"taxonomy":"area","embeddable":true,"href":"https:\/\/ccoo.app\/ics\/wp-json\/wp\/v2\/area?post=32535"}],"curies":[{"name":"wp","href":"https:\/\/api.w.org\/{rel}","templated":true}]}}