{"id":32531,"date":"2025-01-29T10:35:59","date_gmt":"2025-01-29T09:35:59","guid":{"rendered":"https:\/\/ccoo.app\/ics\/?p=32531"},"modified":"2025-02-14T10:40:56","modified_gmt":"2025-02-14T09:40:56","slug":"protocols-de-vigilancia-de-la-salut-pantalles-de-visualitzacio-de-dades","status":"publish","type":"post","link":"https:\/\/ccoo.app\/ics\/noticies\/salut-laboral\/protocols-de-vigilancia-de-la-salut-pantalles-de-visualitzacio-de-dades\/","title":{"rendered":"Protocols de vigil\u00e0ncia de la salut: pantalles de visualitzaci\u00f3 de dades"},"content":{"rendered":"\n<p><strong>Les persones treballadores que utilitzen de manera habitual pantalles de visualitzaci\u00f3 de dades (PVD) tenen dret a sotmetre\u2019s a reconeixements m\u00e8dics voluntaris i espec\u00edfics ajustats als resultats de l\u2019avaluaci\u00f3 de riscos i al protocol m\u00e8dic definit pel Ministeri de Sanitat.<\/strong><\/p>\n\n\n\n<p>Es considera usuari o usu\u00e0ria de PVD qualsevol persona treballadora que habitualment i durant una part rellevant de la seva feina utilitzi un equip amb pantalla de visualitzaci\u00f3.<\/p>\n\n\n\n<p>No obstant aix\u00f2, aquesta consideraci\u00f3 no es basa nom\u00e9s en el nombre d\u2019hores di\u00e0ries o setmanals en les quals es fa servir una pantalla. Dep\u00e8n tamb\u00e9 d\u2019altres condicions de treball i riscos detectats (ritme i c\u00e0rrega de treball, intensitat i complexitat de les tasques, condicions ambientals i ergon\u00f2miques\u2026), aix\u00ed com de les condicions de salut de la persona treballadora.<\/p>\n\n\n\n<p><strong>Principals efectes del treball amb PVD sobre la salut<\/strong><\/p>\n\n\n\n<ul class=\"wp-block-list\">\n<li>Trastorns i mol\u00e8sties oculars.<\/li>\n\n\n\n<li>Alteracions osteomusculars.<\/li>\n\n\n\n<li>Fatiga mental, amb manifestacions psicosom\u00e0tiques o sense (cefalees, vertigen, trastorns digestius, ansietat, insomni\u2026).<\/li>\n\n\n\n<li>Alteracions cut\u00e0nies (irritacions o al\u00b7l\u00e8rgies, lipoatr\u00f2fia semicircular\u2026).<\/li>\n<\/ul>\n\n\n\n<p><strong>Quan t\u2019han d\u2019oferir ex\u00e0mens de salut?<\/strong><\/p>\n\n\n\n<ul class=\"wp-block-list\">\n<li>Un cop t\u2019has incorporat a l\u2019empresa, abans de comen\u00e7ar a treballar amb PVD i quan t\u2019assignin noves tasques que suposin nous riscos.<\/li>\n\n\n\n<li>Peri\u00f2dicament, segons els resultats de l\u2019avaluaci\u00f3 de riscos i seguint criteri m\u00e8dic.<\/li>\n\n\n\n<li>A petici\u00f3 de la persona treballadora i quan apareguin trastorns deguts a aquesta feina.<\/li>\n\n\n\n<li>Despr\u00e9s d\u2019una baixa m\u00e8dica prolongada.<\/li>\n<\/ul>\n\n\n\n<p><strong>Quin \u00e9s el contingut m\u00ednim d\u2019aquests reconeixements m\u00e8dics?<\/strong><\/p>\n\n\n\n<ul class=\"wp-block-list\">\n<li>Estudi i an\u00e0lisi de les condicions de treball (descripci\u00f3 del lloc de treball, riscos detectats, mesures preventives adoptades\u2026).<\/li>\n\n\n\n<li>Recollida de dades o anamnesi (hist\u00f2ria cl\u00ednica i hist\u00f2ria laboral).<\/li>\n\n\n\n<li>Reconeixement oftalmol\u00f2gic (inspecci\u00f3 ocular, control de l\u2019agudesa visual, reflexos pupil\u00b7lars, equilibri muscular\u2026).<\/li>\n\n\n\n<li>Examen osteomuscular (detecci\u00f3 de desviacions de l\u2019eix de la columna vertebral, mol\u00e8sties o dolor\u2026).<\/li>\n\n\n\n<li>Valoraci\u00f3 de la c\u00e0rrega mental.<\/li>\n<\/ul>\n\n\n\n<p><strong>Recorda:<\/strong><\/p>\n\n\n\n<ul class=\"wp-block-list\">\n<li>Si els resultats d\u2019aquest reconeixement m\u00e8dic indiquen la necessitat d\u2019utilitzar ulleres graduades o lents de contacte per corregir o prevenir un trastorn visual relacionat amb el treball, te les ha de proporcionar l\u2019empresa.<\/li>\n\n\n\n<li>Per prevenir l\u2019aparici\u00f3 de problemes de salut, l\u2019empresa ha d\u2019organitzar la feina alternant-la amb altres tasques que no suposin l\u2019\u00fas de pantalles o establint les pauses visuals necess\u00e0ries quan aquesta alternan\u00e7a no sigui possible o suficient per reduir el risc.<\/li>\n<\/ul>\n\n\n\n<p><strong>Per a m\u00e9s informaci\u00f3, consulta:<\/strong><\/p>\n\n\n\n<ul class=\"wp-block-list\">\n<li><a href=\"https:\/\/www.sanidad.gob.es\/ca\/areas\/saludLaboral\/guiasVigiTrabajadores\/protocolosVigilancia\/docs\/datos.pdf\">Protocol de vigil\u00e0ncia sanit\u00e0ria espec\u00edfica per a PVD del Ministeri de Sanitat<\/a><\/li>\n\n\n\n<li>P\u00edndola informativa:\u00a0<a href=\"https:\/\/www.ccoo.cat\/noticies\/salut-laboral\/pindoles-salut-laboral\/vigilancia-de-la-salut-que-hem-de-saber\/\">Vigil\u00e0ncia de la salut, qu\u00e8 hem de saber?<\/a><\/li>\n<\/ul>\n\n\n\n<div data-wp-interactive=\"core\/file\" class=\"wp-block-file\"><object data-wp-bind--hidden=\"!state.hasPdfPreview\" hidden class=\"wp-block-file__embed\" data=\"https:\/\/ccoo.app\/ics\/wp-content\/blogs.dir\/6\/files\/sites\/200\/2025\/02\/infografia_sl_012025-1.pdf\" type=\"application\/pdf\" style=\"width:100%;height:1340px\" aria-label=\"Incrustaci\u00f3 del fitxer infografia_sl_012025-1.\"><\/object><a id=\"wp-block-file--media-7e9fe947-9ff2-457d-b663-b9aa08581d51\" href=\"https:\/\/ccoo.app\/ics\/wp-content\/blogs.dir\/6\/files\/sites\/200\/2025\/02\/infografia_sl_012025-1.pdf\">infografia_sl_012025-1<\/a><a href=\"https:\/\/ccoo.app\/ics\/wp-content\/blogs.dir\/6\/files\/sites\/200\/2025\/02\/infografia_sl_012025-1.pdf\" class=\"wp-block-file__button wp-element-button\" download aria-describedby=\"wp-block-file--media-7e9fe947-9ff2-457d-b663-b9aa08581d51\">Baixa<\/a><\/div>\n\n\n\n<p><\/p>\n\n\n\n<p>Amb el suport de:<\/p>\n\n\n\n<figure class=\"wp-block-image\"><img decoding=\"async\" src=\"https:\/\/www.ccoo.cat\/wp-content\/uploads\/2024\/06\/image-1.png?_t=1738138850\" alt=\"salut laboral\" class=\"wp-image-149390\" \/><\/figure>\n\n\n\n<p><\/p>\n","protected":false},"excerpt":{"rendered":"<p>Les persones treballadores que utilitzen de manera habitual pantalles de visualitzaci\u00f3 de dades (PVD) tenen dret a sotmetre\u2019s a reconeixements m\u00e8dics voluntaris i espec\u00edfics ajustats als resultats de l\u2019avaluaci\u00f3 de &#8230; <a title=\"Protocols de vigil\u00e0ncia de la salut: pantalles de visualitzaci\u00f3 de dades\" class=\"read-more\" href=\"https:\/\/ccoo.app\/ics\/noticies\/salut-laboral\/protocols-de-vigilancia-de-la-salut-pantalles-de-visualitzacio-de-dades\/\" aria-label=\"M\u00e9s informaci\u00f3 sobre Protocols de vigil\u00e0ncia de la salut: pantalles de visualitzaci\u00f3 de dades\">Read more<\/a><\/p>\n","protected":false},"author":4386,"featured_media":32533,"comment_status":"closed","ping_status":"closed","sticky":false,"template":"","format":"standard","meta":{"footnotes":""},"categories":[8],"tags":[],"area":[],"class_list":["post-32531","post","type-post","status-publish","format-standard","has-post-thumbnail","hentry","category-salut-laboral","generate-columns","tablet-grid-50","mobile-grid-100","grid-parent","grid-50"],"_links":{"self":[{"href":"https:\/\/ccoo.app\/ics\/wp-json\/wp\/v2\/posts\/32531","targetHints":{"allow":["GET"]}}],"collection":[{"href":"https:\/\/ccoo.app\/ics\/wp-json\/wp\/v2\/posts"}],"about":[{"href":"https:\/\/ccoo.app\/ics\/wp-json\/wp\/v2\/types\/post"}],"author":[{"embeddable":true,"href":"https:\/\/ccoo.app\/ics\/wp-json\/wp\/v2\/users\/4386"}],"replies":[{"embeddable":true,"href":"https:\/\/ccoo.app\/ics\/wp-json\/wp\/v2\/comments?post=32531"}],"version-history":[{"count":1,"href":"https:\/\/ccoo.app\/ics\/wp-json\/wp\/v2\/posts\/32531\/revisions"}],"predecessor-version":[{"id":32534,"href":"https:\/\/ccoo.app\/ics\/wp-json\/wp\/v2\/posts\/32531\/revisions\/32534"}],"wp:featuredmedia":[{"embeddable":true,"href":"https:\/\/ccoo.app\/ics\/wp-json\/wp\/v2\/media\/32533"}],"wp:attachment":[{"href":"https:\/\/ccoo.app\/ics\/wp-json\/wp\/v2\/media?parent=32531"}],"wp:term":[{"taxonomy":"category","embeddable":true,"href":"https:\/\/ccoo.app\/ics\/wp-json\/wp\/v2\/categories?post=32531"},{"taxonomy":"post_tag","embeddable":true,"href":"https:\/\/ccoo.app\/ics\/wp-json\/wp\/v2\/tags?post=32531"},{"taxonomy":"area","embeddable":true,"href":"https:\/\/ccoo.app\/ics\/wp-json\/wp\/v2\/area?post=32531"}],"curies":[{"name":"wp","href":"https:\/\/api.w.org\/{rel}","templated":true}]}}