{"id":32527,"date":"2025-02-10T10:31:03","date_gmt":"2025-02-10T09:31:03","guid":{"rendered":"https:\/\/ccoo.app\/ics\/?p=32527"},"modified":"2025-02-14T10:33:27","modified_gmt":"2025-02-14T09:33:27","slug":"ccoo-mante-la-seva-lluita-per-la-reclassificacio-al-grup-b-del-collectiu-tecnic-superior-sanitari","status":"publish","type":"post","link":"https:\/\/ccoo.app\/ics\/noticies\/actualitat\/ccoo-mante-la-seva-lluita-per-la-reclassificacio-al-grup-b-del-collectiu-tecnic-superior-sanitari\/","title":{"rendered":"CCOO mant\u00e9 la seva lluita per la reclassificaci\u00f3 al grup B del col\u00b7lectiu T\u00e8cnic Superior Sanitari"},"content":{"rendered":"\n<h3 class=\"wp-block-heading\">Aquest sindicat continua amb el seu treball per a desbloquejar l\u2019Acord marc per a una Administraci\u00f3 del segle XXI i que, d\u2019aquesta manera, el col\u00b7lectiu T\u00e8cnic Superior Sanitari obtingui la seva reclassificaci\u00f3 al grup B. Aix\u00ed mateix, CCOO trasllada al Ministeri la necessitat de l\u2019equiparaci\u00f3 dels Estudis Universitaris amb Europa per a aquest col\u00b7lectiu.<\/h3>\n\n\n\n<p>CCOO continua treballant pel desbloqueig del \u2018Acord marc per a una Administraci\u00f3 del segle XXI, pel qual el col\u00b7lectiu T\u00e8cnic Superior Sanitari obtindr\u00e0 la seva reclassificaci\u00f3 al grup B.<br>Aquest sindicat fa arribar al Ministeri de Sanitat l\u2019estudi sobre avaluacions i an\u00e0lisi realitzada pel nostre sindicat, en el qual es reflecteixen les necessitats per a l\u2019equiparaci\u00f3 dels Estudis Universitaris amb Europa per al grup de T\u00e8cnics Superiors Sanitaris (grau de 240 cr\u00e8dits).<\/p>\n\n\n\n<p><br>Des de CCOO exigim respostes davant la problem\u00e0tica del col\u00b7lectiu T\u00e8cnic Superior, com ara, els actuals conflictes funcionals que es donen en els centres de treball, els problemes de reconeixement professional, les cada vegada majors c\u00e0rregues de treball ocasionades per contractacions insuficients o els continus canvis en els torns de treball; els problemes de salut laboral, que incideixen tant en els riscos m\u00fascul-esquel\u00e8tics com en els riscos psicosocials; o la necessitat del desenvolupament de titulacions universit\u00e0ries davant l\u2019actual formaci\u00f3 reglada, que gradualment es distancia de les exig\u00e8ncies competencials que es requereixen en els centres de treball.<\/p>\n\n\n\n<div data-wp-interactive=\"core\/file\" class=\"wp-block-file\"><object data-wp-bind--hidden=\"!state.hasPdfPreview\" hidden class=\"wp-block-file__embed\" data=\"https:\/\/ccoo.app\/ics\/wp-content\/blogs.dir\/6\/files\/sites\/200\/2025\/02\/CCOO-Mante-la-lluita-per-la-reclassificacio-al-grup-B-TGS.pdf\" type=\"application\/pdf\" style=\"width:100%;height:1240px\" aria-label=\"Incrustaci\u00f3 del fitxer CCOO Mant\u00e9 la lluita per la reclassificaci\u00f3 al grup B TGS.\"><\/object><a id=\"wp-block-file--media-aacac5e0-55d9-4f04-9079-c408e5c0fda7\" href=\"https:\/\/ccoo.app\/ics\/wp-content\/blogs.dir\/6\/files\/sites\/200\/2025\/02\/CCOO-Mante-la-lluita-per-la-reclassificacio-al-grup-B-TGS.pdf\">CCOO Mant\u00e9 la lluita per la reclassificaci\u00f3 al grup B TGS<\/a><a href=\"https:\/\/ccoo.app\/ics\/wp-content\/blogs.dir\/6\/files\/sites\/200\/2025\/02\/CCOO-Mante-la-lluita-per-la-reclassificacio-al-grup-B-TGS.pdf\" class=\"wp-block-file__button wp-element-button\" download aria-describedby=\"wp-block-file--media-aacac5e0-55d9-4f04-9079-c408e5c0fda7\">Baixa<\/a><\/div>\n","protected":false},"excerpt":{"rendered":"<p>Aquest sindicat continua amb el seu treball per a desbloquejar l\u2019Acord marc per a una Administraci\u00f3 del segle XXI i que, d\u2019aquesta manera, el col\u00b7lectiu T\u00e8cnic Superior Sanitari obtingui la &#8230; <a title=\"CCOO mant\u00e9 la seva lluita per la reclassificaci\u00f3 al grup B del col\u00b7lectiu T\u00e8cnic Superior Sanitari\" class=\"read-more\" href=\"https:\/\/ccoo.app\/ics\/noticies\/actualitat\/ccoo-mante-la-seva-lluita-per-la-reclassificacio-al-grup-b-del-collectiu-tecnic-superior-sanitari\/\" aria-label=\"M\u00e9s informaci\u00f3 sobre CCOO mant\u00e9 la seva lluita per la reclassificaci\u00f3 al grup B del col\u00b7lectiu T\u00e8cnic Superior Sanitari\">Read more<\/a><\/p>\n","protected":false},"author":4386,"featured_media":32529,"comment_status":"closed","ping_status":"closed","sticky":false,"template":"","format":"standard","meta":{"footnotes":""},"categories":[12,10],"tags":[],"area":[],"class_list":["post-32527","post","type-post","status-publish","format-standard","has-post-thumbnail","hentry","category-actualitat","category-comunicats","generate-columns","tablet-grid-50","mobile-grid-100","grid-parent","grid-50"],"_links":{"self":[{"href":"https:\/\/ccoo.app\/ics\/wp-json\/wp\/v2\/posts\/32527","targetHints":{"allow":["GET"]}}],"collection":[{"href":"https:\/\/ccoo.app\/ics\/wp-json\/wp\/v2\/posts"}],"about":[{"href":"https:\/\/ccoo.app\/ics\/wp-json\/wp\/v2\/types\/post"}],"author":[{"embeddable":true,"href":"https:\/\/ccoo.app\/ics\/wp-json\/wp\/v2\/users\/4386"}],"replies":[{"embeddable":true,"href":"https:\/\/ccoo.app\/ics\/wp-json\/wp\/v2\/comments?post=32527"}],"version-history":[{"count":1,"href":"https:\/\/ccoo.app\/ics\/wp-json\/wp\/v2\/posts\/32527\/revisions"}],"predecessor-version":[{"id":32530,"href":"https:\/\/ccoo.app\/ics\/wp-json\/wp\/v2\/posts\/32527\/revisions\/32530"}],"wp:featuredmedia":[{"embeddable":true,"href":"https:\/\/ccoo.app\/ics\/wp-json\/wp\/v2\/media\/32529"}],"wp:attachment":[{"href":"https:\/\/ccoo.app\/ics\/wp-json\/wp\/v2\/media?parent=32527"}],"wp:term":[{"taxonomy":"category","embeddable":true,"href":"https:\/\/ccoo.app\/ics\/wp-json\/wp\/v2\/categories?post=32527"},{"taxonomy":"post_tag","embeddable":true,"href":"https:\/\/ccoo.app\/ics\/wp-json\/wp\/v2\/tags?post=32527"},{"taxonomy":"area","embeddable":true,"href":"https:\/\/ccoo.app\/ics\/wp-json\/wp\/v2\/area?post=32527"}],"curies":[{"name":"wp","href":"https:\/\/api.w.org\/{rel}","templated":true}]}}