{"id":32517,"date":"2025-01-16T14:03:14","date_gmt":"2025-01-16T13:03:14","guid":{"rendered":"https:\/\/ccoo.app\/ics\/?p=32517"},"modified":"2025-01-23T14:06:44","modified_gmt":"2025-01-23T13:06:44","slug":"les-empleades-i-empleats-publics-cobraran-el-05-addicional-de-2024-compromes-en-lacord-amb-ccoo-i-ugt","status":"publish","type":"post","link":"https:\/\/ccoo.app\/ics\/noticies\/les-empleades-i-empleats-publics-cobraran-el-05-addicional-de-2024-compromes-en-lacord-amb-ccoo-i-ugt\/","title":{"rendered":"Les empleades i empleats p\u00fablics cobraran el 0,5% addicional de 2024 comprom\u00e8s en l&#8217;acord amb CCOO i UGT"},"content":{"rendered":"\n<h3 class=\"wp-block-heading\">L&#8217;\u00c0rea P\u00fablica de CCOO i UGT Serveis P\u00fablics valoren que es faci efectiva la pujada salarial pendent del 0,5% addicional per a l&#8217;any 2024 compromesa en l&#8217;Acord marc per a una Administraci\u00f3 del Segle XXI i insten el Govern a iniciar la negociaci\u00f3 d&#8217;un nou pacte: un acord que avanci en \u00e0rees essencials com a ocupaci\u00f3, drets i retribucions per a millorar les condicions laborals de les empleades i els empleats p\u00fablics i el servei que es presta a la ciutadania.<\/h3>\n\n\n\n<p>L&#8217;augment del 0,5% addicional i consolidable ser\u00e0 efectiu una vegada quedi publicat en el BOE l&#8217;acord del Consell de Ministres. Aquest increment \u00e9s aplicable a les retribucions vigents a 31 de desembre de 2023 i culmina els compromisos salarials de l&#8217;acord actual. L&#8217;augment salarial addicional del 0,5% per a 2024 estava condicionat al compliment d&#8217;un requisit macroecon\u00f2mic: que la variaci\u00f3 acumulada de l&#8217;IPC harmonitzat (14,6% entre 2022 i 2024) super\u00e9s l&#8217;increment retributiu fix d&#8217;aquest per\u00edode (8%). El requisit s&#8217;ha complert i, una vegada salvada la referida publicaci\u00f3 en el BOE, l&#8217;augment retributiu s&#8217;hauria de dur a terme com m\u00e9s aviat millor per part de les diferents Administracions P\u00fabliques.<\/p>\n\n\n\n<p>Amb aquest \u00faltim increment, l&#8217;acord signat per UGT i CCOO situa la pujada salarial per als empleats i empleades p\u00fabliques entre 2022 i 2024 a l&#8217;entorn del 10%. A m\u00e9s, tamb\u00e9 ha fet realitat la recuperaci\u00f3 i millora de drets laborals i ha modernitzat i avan\u00e7at en \u00e0mbits com l&#8217;ocupaci\u00f3 p\u00fablica, la jornada laboral, la incapacitat laboral i la jubilaci\u00f3 parcial anticipada per a les i els funcionaris.<\/p>\n\n\n\n<p>Un comprom\u00eds amb el servei p\u00fablic i els seus empleats i empleades<\/p>\n\n\n\n<p>Tots dos sindicats consideren que els resultats d&#8217;aquest acord reforcen el paper de la negociaci\u00f3 col\u00b7lectiva en la Funci\u00f3 P\u00fablica, sent urgent culminar la classificaci\u00f3 professional de les persones treballadores en les diferents administracions. Per tot aix\u00f2, i per l&#8217;estabilitat que suposa arribar a acords per al bon funcionament de l&#8217;Administraci\u00f3, tots dos sindicats insten el Govern a iniciar immediatament la negociaci\u00f3 d&#8217;un nou pacte que permeti continuar avan\u00e7ant en la modernitzaci\u00f3 de l&#8217;Administraci\u00f3 a trav\u00e9s dels pilars fonamentals per a les i els empleats p\u00fablics, com s\u00f3n l&#8217;ocupaci\u00f3, els drets i les retribucions. Aquest futur acord ha de garantir no sols millors condicions laborals per a les empleades i els empleats p\u00fablics, sin\u00f3 tamb\u00e9 una Funci\u00f3 P\u00fablica que respongui a les necessitats de la ciutadania.<\/p>\n\n\n\n<p>CCOO i UGT subratllen la import\u00e0ncia d&#8217;aconseguir acords que garanteixin serveis p\u00fablics de qualitat en un context pol\u00edtic i social complex.<\/p>\n","protected":false},"excerpt":{"rendered":"<p>L&#8217;\u00c0rea P\u00fablica de CCOO i UGT Serveis P\u00fablics valoren que es faci efectiva la pujada salarial pendent del 0,5% addicional per a l&#8217;any 2024 compromesa en l&#8217;Acord marc per a &#8230; <a title=\"Les empleades i empleats p\u00fablics cobraran el 0,5% addicional de 2024 comprom\u00e8s en l&#8217;acord amb CCOO i UGT\" class=\"read-more\" href=\"https:\/\/ccoo.app\/ics\/noticies\/les-empleades-i-empleats-publics-cobraran-el-05-addicional-de-2024-compromes-en-lacord-amb-ccoo-i-ugt\/\" aria-label=\"M\u00e9s informaci\u00f3 sobre Les empleades i empleats p\u00fablics cobraran el 0,5% addicional de 2024 comprom\u00e8s en l&#8217;acord amb CCOO i UGT\">Read more<\/a><\/p>\n","protected":false},"author":4386,"featured_media":32246,"comment_status":"closed","ping_status":"closed","sticky":false,"template":"","format":"standard","meta":{"footnotes":""},"categories":[1],"tags":[],"area":[],"class_list":["post-32517","post","type-post","status-publish","format-standard","has-post-thumbnail","hentry","category-noticies","generate-columns","tablet-grid-50","mobile-grid-100","grid-parent","grid-50"],"_links":{"self":[{"href":"https:\/\/ccoo.app\/ics\/wp-json\/wp\/v2\/posts\/32517","targetHints":{"allow":["GET"]}}],"collection":[{"href":"https:\/\/ccoo.app\/ics\/wp-json\/wp\/v2\/posts"}],"about":[{"href":"https:\/\/ccoo.app\/ics\/wp-json\/wp\/v2\/types\/post"}],"author":[{"embeddable":true,"href":"https:\/\/ccoo.app\/ics\/wp-json\/wp\/v2\/users\/4386"}],"replies":[{"embeddable":true,"href":"https:\/\/ccoo.app\/ics\/wp-json\/wp\/v2\/comments?post=32517"}],"version-history":[{"count":1,"href":"https:\/\/ccoo.app\/ics\/wp-json\/wp\/v2\/posts\/32517\/revisions"}],"predecessor-version":[{"id":32518,"href":"https:\/\/ccoo.app\/ics\/wp-json\/wp\/v2\/posts\/32517\/revisions\/32518"}],"wp:featuredmedia":[{"embeddable":true,"href":"https:\/\/ccoo.app\/ics\/wp-json\/wp\/v2\/media\/32246"}],"wp:attachment":[{"href":"https:\/\/ccoo.app\/ics\/wp-json\/wp\/v2\/media?parent=32517"}],"wp:term":[{"taxonomy":"category","embeddable":true,"href":"https:\/\/ccoo.app\/ics\/wp-json\/wp\/v2\/categories?post=32517"},{"taxonomy":"post_tag","embeddable":true,"href":"https:\/\/ccoo.app\/ics\/wp-json\/wp\/v2\/tags?post=32517"},{"taxonomy":"area","embeddable":true,"href":"https:\/\/ccoo.app\/ics\/wp-json\/wp\/v2\/area?post=32517"}],"curies":[{"name":"wp","href":"https:\/\/api.w.org\/{rel}","templated":true}]}}