{"id":32504,"date":"2024-11-28T12:40:19","date_gmt":"2024-11-28T11:40:19","guid":{"rendered":"https:\/\/ccoo.app\/ics\/?p=32504"},"modified":"2024-12-06T12:45:23","modified_gmt":"2024-12-06T11:45:23","slug":"participa-al-voluntariat-per-la-llengua","status":"publish","type":"post","link":"https:\/\/ccoo.app\/ics\/noticies\/participa-al-voluntariat-per-la-llengua\/","title":{"rendered":"Participa al \u201cVoluntariat per la llengua\u201d!"},"content":{"rendered":"\n<p>Des del Servei Ling\u00fc\u00edstic i el Centre de Formaci\u00f3 d\u2019Adults Manuel Sacrist\u00e1n hem repr\u00e8s la campanya del \u201cVoluntariat per la llengua\u201d amb la finalitat de fomentar l\u2019\u00fas del catal\u00e0 entre les persones nouvingudes o entre les que en tenen coneixements, per\u00f2 no l\u2019usen.&nbsp;<\/p>\n\n\n\n<p>El funcionament d\u2019aquest programa \u00e9s molt senzill: cal que una persona catalanoparlant i una altra que vol aprendre catal\u00e0 disposin d\u2019una hora a la setmana per quedar. Un cop es troben nom\u00e9s han de fer una cosa: xerrar! (Sobretot, la persona no catalanoparlant, que \u00e9s la que s\u2019ha de llan\u00e7ar, la que ha de perdre la por.)<\/p>\n\n\n\n<p>Totes les persones que estigueu interessades a participar en aquesta campanya, com a voluntaris o com a aprenents, us podeu posar en contacte amb el Servei Ling\u00fc\u00edstic a trav\u00e9s del tel\u00e8fon 93 481 29 20 o de l\u2019adre\u00e7a electr\u00f2nica&nbsp;<a href=\"mailto:sl@ccoo.cat\">sl@ccoo.cat<\/a>.&nbsp;<\/p>\n\n\n<div class=\"wp-block-image\">\n<figure class=\"aligncenter size-full\"><img loading=\"lazy\" decoding=\"async\" width=\"574\" height=\"542\" src=\"https:\/\/ccoo.app\/ics\/wp-content\/blogs.dir\/6\/files\/sites\/200\/2024\/11\/imagen.png\" alt=\"\" class=\"wp-image-32508\" srcset=\"https:\/\/ccoo.app\/ics\/wp-content\/blogs.dir\/6\/files\/sites\/200\/2024\/11\/imagen.png 574w, https:\/\/ccoo.app\/ics\/wp-content\/blogs.dir\/6\/files\/sites\/200\/2024\/11\/imagen-300x283.png 300w\" sizes=\"auto, (max-width: 574px) 100vw, 574px\" \/><\/figure>\n<\/div>\n\n<div class=\"wp-block-image\">\n<figure class=\"aligncenter size-full\"><img loading=\"lazy\" decoding=\"async\" width=\"549\" height=\"527\" src=\"https:\/\/ccoo.app\/ics\/wp-content\/blogs.dir\/6\/files\/sites\/200\/2024\/12\/imagen.png\" alt=\"\" class=\"wp-image-32506\" srcset=\"https:\/\/ccoo.app\/ics\/wp-content\/blogs.dir\/6\/files\/sites\/200\/2024\/12\/imagen.png 549w, https:\/\/ccoo.app\/ics\/wp-content\/blogs.dir\/6\/files\/sites\/200\/2024\/12\/imagen-300x288.png 300w\" sizes=\"auto, (max-width: 549px) 100vw, 549px\" \/><\/figure>\n<\/div>","protected":false},"excerpt":{"rendered":"<p>Des del Servei Ling\u00fc\u00edstic i el Centre de Formaci\u00f3 d\u2019Adults Manuel Sacrist\u00e1n hem repr\u00e8s la campanya del \u201cVoluntariat per la llengua\u201d amb la finalitat de fomentar l\u2019\u00fas del catal\u00e0 entre &#8230; <a title=\"Participa al \u201cVoluntariat per la llengua\u201d!\" class=\"read-more\" href=\"https:\/\/ccoo.app\/ics\/noticies\/participa-al-voluntariat-per-la-llengua\/\" aria-label=\"M\u00e9s informaci\u00f3 sobre Participa al \u201cVoluntariat per la llengua\u201d!\">Read more<\/a><\/p>\n","protected":false},"author":4386,"featured_media":32505,"comment_status":"closed","ping_status":"closed","sticky":false,"template":"","format":"standard","meta":{"footnotes":""},"categories":[13,1],"tags":[],"area":[],"class_list":["post-32504","post","type-post","status-publish","format-standard","has-post-thumbnail","hentry","category-accions-sindicals","category-noticies","generate-columns","tablet-grid-50","mobile-grid-100","grid-parent","grid-50"],"_links":{"self":[{"href":"https:\/\/ccoo.app\/ics\/wp-json\/wp\/v2\/posts\/32504","targetHints":{"allow":["GET"]}}],"collection":[{"href":"https:\/\/ccoo.app\/ics\/wp-json\/wp\/v2\/posts"}],"about":[{"href":"https:\/\/ccoo.app\/ics\/wp-json\/wp\/v2\/types\/post"}],"author":[{"embeddable":true,"href":"https:\/\/ccoo.app\/ics\/wp-json\/wp\/v2\/users\/4386"}],"replies":[{"embeddable":true,"href":"https:\/\/ccoo.app\/ics\/wp-json\/wp\/v2\/comments?post=32504"}],"version-history":[{"count":2,"href":"https:\/\/ccoo.app\/ics\/wp-json\/wp\/v2\/posts\/32504\/revisions"}],"predecessor-version":[{"id":32509,"href":"https:\/\/ccoo.app\/ics\/wp-json\/wp\/v2\/posts\/32504\/revisions\/32509"}],"wp:featuredmedia":[{"embeddable":true,"href":"https:\/\/ccoo.app\/ics\/wp-json\/wp\/v2\/media\/32505"}],"wp:attachment":[{"href":"https:\/\/ccoo.app\/ics\/wp-json\/wp\/v2\/media?parent=32504"}],"wp:term":[{"taxonomy":"category","embeddable":true,"href":"https:\/\/ccoo.app\/ics\/wp-json\/wp\/v2\/categories?post=32504"},{"taxonomy":"post_tag","embeddable":true,"href":"https:\/\/ccoo.app\/ics\/wp-json\/wp\/v2\/tags?post=32504"},{"taxonomy":"area","embeddable":true,"href":"https:\/\/ccoo.app\/ics\/wp-json\/wp\/v2\/area?post=32504"}],"curies":[{"name":"wp","href":"https:\/\/api.w.org\/{rel}","templated":true}]}}