{"id":32495,"date":"2024-12-12T08:00:00","date_gmt":"2024-12-12T07:00:00","guid":{"rendered":"https:\/\/ccoo.app\/ics\/?p=32495"},"modified":"2024-12-06T12:26:50","modified_gmt":"2024-12-06T11:26:50","slug":"full-informatiu-plans-demergencia-i-dautoproteccio","status":"publish","type":"post","link":"https:\/\/ccoo.app\/ics\/noticies\/full-informatiu-plans-demergencia-i-dautoproteccio\/","title":{"rendered":"Full informatiu \u201cPlans d\u2019emerg\u00e8ncia i d\u2019autoprotecci\u00f3\u201d\u00a0"},"content":{"rendered":"\n<p>L\u2019article 20 de la Llei de prevenci\u00f3 de riscos laborals (LPRL) obliga els empresaris i empres\u00e0ries a identificar les possibles situacions d\u2019emerg\u00e8ncia que es poden donar, en funci\u00f3 de les caracter\u00edstiques de l\u2019empresa, i a disposar dels mitjans i de les mesures adequades per evitar-les i per fer-hi front quan succeeixin, perqu\u00e8 quedin controlades de manera r\u00e0pida i efica\u00e7. Per fer-ho, s\u2019ha de tenir en compte la tipologia de les instal\u00b7lacions, els treballs que s\u2019hi duen a terme, les persones que les ocupen i les seves caracter\u00edstiques.<\/p>\n\n\n\n<p>L\u2019objectiu d\u2019aquest full informatiu elaborat per CCOO de Catalunya \u00e9s b\u00e0sicament donar a con\u00e8ixer a les persones treballadores en general i als delegats i delegades de prevenci\u00f3 en particular les informacions, els criteris i els aspectes fonamentals dels dos documents sobre emerg\u00e8ncies que poden existir a les empreses (pla d\u2019autoprotecci\u00f3 i pla d\u2019emerg\u00e8ncies i evacuaci\u00f3) perqu\u00e8 puguin realitzar les tasques sindicals als seus centres de treball i participar activament en la prevenci\u00f3 de riscos laborals, incloent-hi tamb\u00e9 sup\u00f2sits relacionats amb la crisi clim\u00e0tica i la introducci\u00f3 de noves energies i tecnologies que poden fer necessari actualitzar aquests documents i pautes per realitzar la coordinaci\u00f3 de les activitats empresarials i per a l\u2019adaptaci\u00f3 d\u2019aquests plans a les petites i mitjanes empreses.&nbsp;<\/p>\n\n\n\n<p>Aquesta activitat ens permetr\u00e0 contribuir al desplegament de l\u2019objectiu 6 de l\u2019Estrat\u00e8gia espanyola de seguretat i salut en el treball 2023-2027, en relaci\u00f3 amb la l\u00ednia d\u2019actuaci\u00f3 5, sobre el desenvolupament de la cultura i la integraci\u00f3 preventiva a les empreses, aix\u00ed com els objectius 2 (l\u00ednia d\u2019actuaci\u00f3 4.2, referent a les accions de suport, assessorament i sensibilitzaci\u00f3 per facilitar a les empreses la gesti\u00f3 de riscos de les transicions clim\u00e0tica, ecol\u00f2gica i demogr\u00e0fica) i 3 (l\u00ednies 2 i 3, relatives a la integraci\u00f3 de la prevenci\u00f3 i la millora de la formaci\u00f3 a les pimes).<\/p>\n\n\n\n<div data-wp-interactive=\"core\/file\" class=\"wp-block-file\"><object data-wp-bind--hidden=\"!state.hasPdfPreview\" hidden class=\"wp-block-file__embed\" data=\"https:\/\/ccoo.app\/ics\/wp-content\/blogs.dir\/6\/files\/sites\/200\/2024\/12\/plans-emergencia-autoproteccio-092024-1.pdf\" type=\"application\/pdf\" style=\"width:100%;height:600px\" aria-label=\"Incrustaci\u00f3 del fitxer plans-emergencia-autoproteccio-092024-1.\"><\/object><a id=\"wp-block-file--media-df6998e2-3595-41e8-9ff6-d6b1d965ff96\" href=\"https:\/\/ccoo.app\/ics\/wp-content\/blogs.dir\/6\/files\/sites\/200\/2024\/12\/plans-emergencia-autoproteccio-092024-1.pdf\">plans-emergencia-autoproteccio-092024-1<\/a><a href=\"https:\/\/ccoo.app\/ics\/wp-content\/blogs.dir\/6\/files\/sites\/200\/2024\/12\/plans-emergencia-autoproteccio-092024-1.pdf\" class=\"wp-block-file__button wp-element-button\" download aria-describedby=\"wp-block-file--media-df6998e2-3595-41e8-9ff6-d6b1d965ff96\">Baixa<\/a><\/div>\n\n\n\n<p>Amb el suport de:<\/p>\n\n\n\n<figure class=\"wp-block-image\"><img decoding=\"async\" src=\"https:\/\/lh7-qw.googleusercontent.com\/docsz\/AD_4nXfMIjx7_8sFlKEVNIu49Ug_XA9lgBBVgOLzGd3mbcFzOFk_HgcVhKzbB-qnqnCx_FsPHBRdSIcgwSBnO6JJXT7TXAaLvHTCKlbt7qjnLoyt59GDOu8Oq7THK1psLN2lK5_Q_MnaSQPmP8rKDIEGZa492-r8BLEXAIuu1VGUZZBYseF0dobqWX4?key=RPLhbkrJgvrRo2VVVJuHww\" alt=\"C:\\Users\\user\\Documents\\0.PC SINDICATO 12-2019\\2019. SECRETARIA SALUD LABORAL 9-12\\CRLL\\SUBVENCIONS\\2024\\LOGOS 2024\\LOGO 2024.jpg\" \/><\/figure>\n\n\n\n<p><\/p>\n","protected":false},"excerpt":{"rendered":"<p>L\u2019article 20 de la Llei de prevenci\u00f3 de riscos laborals (LPRL) obliga els empresaris i empres\u00e0ries a identificar les possibles situacions d\u2019emerg\u00e8ncia que es poden donar, en funci\u00f3 de les &#8230; <a title=\"Full informatiu \u201cPlans d\u2019emerg\u00e8ncia i d\u2019autoprotecci\u00f3\u201d\u00a0\" class=\"read-more\" href=\"https:\/\/ccoo.app\/ics\/noticies\/full-informatiu-plans-demergencia-i-dautoproteccio\/\" aria-label=\"M\u00e9s informaci\u00f3 sobre Full informatiu \u201cPlans d\u2019emerg\u00e8ncia i d\u2019autoprotecci\u00f3\u201d\u00a0\">Read more<\/a><\/p>\n","protected":false},"author":4386,"featured_media":32497,"comment_status":"closed","ping_status":"closed","sticky":false,"template":"","format":"standard","meta":{"footnotes":""},"categories":[1,8],"tags":[],"area":[],"class_list":["post-32495","post","type-post","status-publish","format-standard","has-post-thumbnail","hentry","category-noticies","category-salut-laboral","generate-columns","tablet-grid-50","mobile-grid-100","grid-parent","grid-50"],"_links":{"self":[{"href":"https:\/\/ccoo.app\/ics\/wp-json\/wp\/v2\/posts\/32495","targetHints":{"allow":["GET"]}}],"collection":[{"href":"https:\/\/ccoo.app\/ics\/wp-json\/wp\/v2\/posts"}],"about":[{"href":"https:\/\/ccoo.app\/ics\/wp-json\/wp\/v2\/types\/post"}],"author":[{"embeddable":true,"href":"https:\/\/ccoo.app\/ics\/wp-json\/wp\/v2\/users\/4386"}],"replies":[{"embeddable":true,"href":"https:\/\/ccoo.app\/ics\/wp-json\/wp\/v2\/comments?post=32495"}],"version-history":[{"count":1,"href":"https:\/\/ccoo.app\/ics\/wp-json\/wp\/v2\/posts\/32495\/revisions"}],"predecessor-version":[{"id":32498,"href":"https:\/\/ccoo.app\/ics\/wp-json\/wp\/v2\/posts\/32495\/revisions\/32498"}],"wp:featuredmedia":[{"embeddable":true,"href":"https:\/\/ccoo.app\/ics\/wp-json\/wp\/v2\/media\/32497"}],"wp:attachment":[{"href":"https:\/\/ccoo.app\/ics\/wp-json\/wp\/v2\/media?parent=32495"}],"wp:term":[{"taxonomy":"category","embeddable":true,"href":"https:\/\/ccoo.app\/ics\/wp-json\/wp\/v2\/categories?post=32495"},{"taxonomy":"post_tag","embeddable":true,"href":"https:\/\/ccoo.app\/ics\/wp-json\/wp\/v2\/tags?post=32495"},{"taxonomy":"area","embeddable":true,"href":"https:\/\/ccoo.app\/ics\/wp-json\/wp\/v2\/area?post=32495"}],"curies":[{"name":"wp","href":"https:\/\/api.w.org\/{rel}","templated":true}]}}