{"id":32488,"date":"2024-11-15T12:14:41","date_gmt":"2024-11-15T11:14:41","guid":{"rendered":"https:\/\/ccoo.app\/ics\/?p=32488"},"modified":"2024-12-06T12:21:51","modified_gmt":"2024-12-06T11:21:51","slug":"prevencio-i-actuacions-davant-les-situacions-demergencia","status":"publish","type":"post","link":"https:\/\/ccoo.app\/ics\/noticies\/prevencio-i-actuacions-davant-les-situacions-demergencia\/","title":{"rendered":"Prevenci\u00f3 i actuacions davant les situacions d\u2019emerg\u00e8ncia"},"content":{"rendered":"\n<h3 class=\"wp-block-heading\">Entre les obligacions que t\u00e9 l\u2019empresariat a l\u2019hora de protegir la teva seguretat i salut hi ha la de prevenir les possibles situacions d\u2019emerg\u00e8ncia que es poden produir segons l\u2019activitat laboral o el tipus de centre de treball.<\/h3>\n\n\n<div class=\"wp-block-image\">\n<figure class=\"aligncenter size-full\"><img loading=\"lazy\" decoding=\"async\" width=\"767\" height=\"278\" src=\"http:\/\/ccoo.app\/ics\/wp-content\/blogs.dir\/6\/files\/sites\/200\/2024\/11\/Prevencio-actuacions-davant-les-situacions-demergencia.png\" alt=\"\" class=\"wp-image-32491\" srcset=\"https:\/\/ccoo.app\/ics\/wp-content\/blogs.dir\/6\/files\/sites\/200\/2024\/11\/Prevencio-actuacions-davant-les-situacions-demergencia.png 767w, https:\/\/ccoo.app\/ics\/wp-content\/blogs.dir\/6\/files\/sites\/200\/2024\/11\/Prevencio-actuacions-davant-les-situacions-demergencia-300x109.png 300w\" sizes=\"auto, (max-width: 767px) 100vw, 767px\" \/><\/figure>\n<\/div>\n\n\n<p><strong>Prevenci\u00f3<\/strong><\/p>\n\n\n\n<ul class=\"wp-block-list\">\n<li>Identificar i avaluar tots els possibles escenaris d\u2019emerg\u00e8ncia<\/li>\n\n\n\n<li>Tenir en compte:\n<ul class=\"wp-block-list\">\n<li>La ubicaci\u00f3 del centre de treball<\/li>\n\n\n\n<li>L\u2019activitat i els productes que s\u2019utilitzen<\/li>\n\n\n\n<li>La pres\u00e8ncia de persones externes<\/li>\n\n\n\n<li>L\u2019impacte de les noves tecnologies, els processos productius i el canvi clim\u00e0tic<\/li>\n<\/ul>\n<\/li>\n\n\n\n<li>Implantar les mesures adequades per evitar o reduir el risc que es produeixin situacions d\u2019emerg\u00e8ncia.<\/li>\n<\/ul>\n\n\n\n<p><strong>Actuacions i resposta en cas d\u2019emerg\u00e8ncia<\/strong><\/p>\n\n\n\n<ul class=\"wp-block-list\">\n<li>Definir les actuacions concretes per a cada escenari possible.<\/li>\n\n\n\n<li>Disposar dels mitjans t\u00e8cnics necessaris per combatre l\u2019emerg\u00e8ncia (senyals d\u2019alarma, extintors, vies d\u2019evacuaci\u00f3, etc.).<\/li>\n\n\n\n<li>Designar les persones amb funcions espec\u00edfiques (equips d\u2019intervenci\u00f3).<\/li>\n\n\n\n<li>Tenir en compte la pres\u00e8ncia i l\u2019evacuaci\u00f3 de persones especialment sensibles o amb discapacitat.<\/li>\n\n\n\n<li>Coordinar-se amb els serveis externs (assist\u00e8ncia m\u00e8dica, bombers, policia\u2026)<\/li>\n<\/ul>\n\n\n\n<p><strong>Drets de les persones treballadores<\/strong><\/p>\n\n\n\n<ul class=\"wp-block-list\">\n<li>Con\u00e8ixer les diferents emerg\u00e8ncies que es poden originar i les mesures per evitar que es produeixin.<\/li>\n\n\n\n<li>Saber com actuar en cada cas i quines s\u00f3n les persones que componen els equips d\u2019intervenci\u00f3 de les quals poden rebre instruccions.<\/li>\n\n\n\n<li>Identificar els diferents senyals d\u2019alarma (ac\u00fastics, visuals, etc.).<\/li>\n\n\n\n<li>Estar entrenades en els recorreguts d\u2019evacuaci\u00f3 i en tot el pla d\u2019emerg\u00e8ncies participant en els simulacres peri\u00f2dics.<\/li>\n\n\n\n<li>En cas de formar part dels equips d\u2019intervenci\u00f3, rebre la formaci\u00f3 i l\u2019entrenament suficients per poder exercir les teves funcions.<\/li>\n<\/ul>\n\n\n\n<p>Normalment, les actuacions i els mitjans t\u00e8cnics i personals s\u2019integren en un document anomenat pla d\u2019emerg\u00e8ncies.<\/p>\n\n\n\n<p>Les pimes que no presentin riscos significatius d\u2019emerg\u00e8ncia greu poden elaborar un pla simplificat.<\/p>\n\n\n\n<p>Per a m\u00e9s informaci\u00f3, consulta el nostre full informatiu&nbsp;<a href=\"https:\/\/www.ccoo.cat\/noticies\/salut-laboral\/prevencio\/seguretat\/full-informatiu-plans-demergencia-i-dautoproteccio\/\">\u201cPlans d\u2019emerg\u00e8ncia i d\u2019autoprotecci\u00f3\u201d<\/a>.<\/p>\n\n\n\n<div data-wp-interactive=\"core\/file\" class=\"wp-block-file\"><object data-wp-bind--hidden=\"!state.hasPdfPreview\" hidden class=\"wp-block-file__embed\" data=\"https:\/\/ccoo.app\/ics\/wp-content\/blogs.dir\/6\/files\/sites\/200\/2024\/12\/infografia_sl_092024.pdf\" type=\"application\/pdf\" style=\"width:100%;height:1360px\" aria-label=\"Incrustaci\u00f3 del fitxer infografia_sl_092024.\"><\/object><a id=\"wp-block-file--media-07946695-fe6d-41db-8387-894f150cdde6\" href=\"https:\/\/ccoo.app\/ics\/wp-content\/blogs.dir\/6\/files\/sites\/200\/2024\/12\/infografia_sl_092024.pdf\">infografia_sl_092024<\/a><a href=\"https:\/\/ccoo.app\/ics\/wp-content\/blogs.dir\/6\/files\/sites\/200\/2024\/12\/infografia_sl_092024.pdf\" class=\"wp-block-file__button wp-element-button\" download aria-describedby=\"wp-block-file--media-07946695-fe6d-41db-8387-894f150cdde6\">Baixa<\/a><\/div>\n\n\n\n<p>Amb el suport de:<\/p>\n\n\n\n<figure class=\"wp-block-image\"><img decoding=\"async\" src=\"https:\/\/www.ccoo.cat\/wp-content\/uploads\/2024\/05\/image.png?_t=1728373903\" alt=\"Image\" class=\"wp-image-148803\" \/><\/figure>\n\n\n\n<p><\/p>\n","protected":false},"excerpt":{"rendered":"<p>Entre les obligacions que t\u00e9 l\u2019empresariat a l\u2019hora de protegir la teva seguretat i salut hi ha la de prevenir les possibles situacions d\u2019emerg\u00e8ncia que es poden produir segons l\u2019activitat &#8230; <a title=\"Prevenci\u00f3 i actuacions davant les situacions d\u2019emerg\u00e8ncia\" class=\"read-more\" href=\"https:\/\/ccoo.app\/ics\/noticies\/prevencio-i-actuacions-davant-les-situacions-demergencia\/\" aria-label=\"M\u00e9s informaci\u00f3 sobre Prevenci\u00f3 i actuacions davant les situacions d\u2019emerg\u00e8ncia\">Read more<\/a><\/p>\n","protected":false},"author":4386,"featured_media":32492,"comment_status":"closed","ping_status":"closed","sticky":false,"template":"","format":"standard","meta":{"footnotes":""},"categories":[1,8],"tags":[],"area":[],"class_list":["post-32488","post","type-post","status-publish","format-standard","has-post-thumbnail","hentry","category-noticies","category-salut-laboral","generate-columns","tablet-grid-50","mobile-grid-100","grid-parent","grid-50"],"_links":{"self":[{"href":"https:\/\/ccoo.app\/ics\/wp-json\/wp\/v2\/posts\/32488","targetHints":{"allow":["GET"]}}],"collection":[{"href":"https:\/\/ccoo.app\/ics\/wp-json\/wp\/v2\/posts"}],"about":[{"href":"https:\/\/ccoo.app\/ics\/wp-json\/wp\/v2\/types\/post"}],"author":[{"embeddable":true,"href":"https:\/\/ccoo.app\/ics\/wp-json\/wp\/v2\/users\/4386"}],"replies":[{"embeddable":true,"href":"https:\/\/ccoo.app\/ics\/wp-json\/wp\/v2\/comments?post=32488"}],"version-history":[{"count":2,"href":"https:\/\/ccoo.app\/ics\/wp-json\/wp\/v2\/posts\/32488\/revisions"}],"predecessor-version":[{"id":32494,"href":"https:\/\/ccoo.app\/ics\/wp-json\/wp\/v2\/posts\/32488\/revisions\/32494"}],"wp:featuredmedia":[{"embeddable":true,"href":"https:\/\/ccoo.app\/ics\/wp-json\/wp\/v2\/media\/32492"}],"wp:attachment":[{"href":"https:\/\/ccoo.app\/ics\/wp-json\/wp\/v2\/media?parent=32488"}],"wp:term":[{"taxonomy":"category","embeddable":true,"href":"https:\/\/ccoo.app\/ics\/wp-json\/wp\/v2\/categories?post=32488"},{"taxonomy":"post_tag","embeddable":true,"href":"https:\/\/ccoo.app\/ics\/wp-json\/wp\/v2\/tags?post=32488"},{"taxonomy":"area","embeddable":true,"href":"https:\/\/ccoo.app\/ics\/wp-json\/wp\/v2\/area?post=32488"}],"curies":[{"name":"wp","href":"https:\/\/api.w.org\/{rel}","templated":true}]}}