{"id":32485,"date":"2024-12-05T12:03:45","date_gmt":"2024-12-05T11:03:45","guid":{"rendered":"https:\/\/ccoo.app\/ics\/?p=32485"},"modified":"2024-12-06T12:04:57","modified_gmt":"2024-12-06T11:04:57","slug":"ccoo-i-ugt-exigeixen-la-immediata-reclassificacio-professional-del-personal-del-sistema-nacional-de-salut","status":"publish","type":"post","link":"https:\/\/ccoo.app\/ics\/noticies\/ccoo-i-ugt-exigeixen-la-immediata-reclassificacio-professional-del-personal-del-sistema-nacional-de-salut\/","title":{"rendered":"CCOO i UGT exigeixen la immediata reclassificaci\u00f3 professional del personal del Sistema Nacional de Salut"},"content":{"rendered":"\n<h3 class=\"wp-block-heading\">La Federaci\u00f3 de Sanitat i Sectors Sociosanitaris de CCOO i UGT Serveis P\u00fablics han convocat una concentraci\u00f3 el dia 11 de desembre davant el Ministeri de Sanitat per a denunciar l\u2019incompliment, en l\u2019\u00e0mbit sanitari, de l\u2019Acord marc per a una Administraci\u00f3 del segle XXI, signat per tots dos sindicats amb el Govern el 19 d\u2019octubre de 2022.<\/h3>\n\n\n\n<p>CCOO i UGT denuncien que, despr\u00e9s de dos anys des de la signatura de l\u2019Acord marc, el Ministeri de Sanitat segueix sense aplicar la classificaci\u00f3 professional dels t\u00e8cnics superiors i de grau mitj\u00e0 en l\u2019SNS. Les organitzacions sindicals assenyalen que, despr\u00e9s de 17 anys de transitorietat, no caben m\u00e9s excuses i \u00e9s el moment de situar als T\u00e8cnics superiors i als T\u00e8cnics de grau mitj\u00e0 en el grup B i subgrup C1 respectivament.<\/p>\n\n\n\n<p>Aix\u00ed mateix, per a CCOO i UGT \u00e9s igualment imprescindible abordar de manera immediata l\u2019actualitzaci\u00f3 de la classificaci\u00f3 de tots els col\u00b7lectius, perqu\u00e8 reconegui la capacitaci\u00f3 i les funcions reals dels diferents professionals i adeq\u00fci aquesta capacitaci\u00f3 professional a la seva classificaci\u00f3<\/p>\n\n\n\n<p>Tots dos sindicats han assenyalat, a m\u00e9s, que la reforma de l\u2019Estatut Marc del Personal Estatutari porta en punt mort m\u00e9s de cinc mesos. La negociaci\u00f3 de l\u2019Estatut Marc es va iniciar al setembre de 2022, es *paus\u00f3 durant m\u00e9s de deu mesos per l\u2019avan\u00e7ament de les eleccions generals i es va reprendre al mar\u00e7 de 2024. Des d\u2019aquest moment ha sofert demores i aturades incomprensibles. L\u2019\u00faltima reuni\u00f3 es va celebrar el 13 de juny, \u00e9s a dir, han passat m\u00e9s de cinc mesos sense ser convocat l\u2019\u00c0mbit de Negociaci\u00f3. UGT i CCOO denuncien la falta de voluntat i comprom\u00eds pol\u00edtic del Ministeri de Sanitat a qui tots dos sindicats han demanat que prioritzi la reforma de l\u2019Estatut Marc i es posi a negociar intensament per a aconseguir el text consensuat i ambici\u00f3s amb les millores substancials que els professionals del Sistema Nacional de Salut li reclamen.<\/p>\n\n\n\n<p>Les organitzacions sindicals recorden que la llei actual, despr\u00e9s de 20 anys de vig\u00e8ncia, ja no cobreix les necessitats ni de la ciutadania ni dels professionals. Per aquest motiu, han convocat als professionals del Sistema Nacional de Salut per a reclamar el compliment dels acords i aconseguir una reforma de l\u2019Estatut Marc en mat\u00e8ries tan importants per a tots els col\u00b7lectius, com amb l\u2019actualitzaci\u00f3 de funcions i la reclassificaci\u00f3 professional, aix\u00ed com avan\u00e7os en mat\u00e8ries tan importants com: pagues extraordin\u00e0ries completes, jornada laboral m\u00e0xima setmanal de 35 hores, jubilaci\u00f3 parcial, etc.<\/p>\n","protected":false},"excerpt":{"rendered":"<p>La Federaci\u00f3 de Sanitat i Sectors Sociosanitaris de CCOO i UGT Serveis P\u00fablics han convocat una concentraci\u00f3 el dia 11 de desembre davant el Ministeri de Sanitat per a denunciar &#8230; <a title=\"CCOO i UGT exigeixen la immediata reclassificaci\u00f3 professional del personal del Sistema Nacional de Salut\" class=\"read-more\" href=\"https:\/\/ccoo.app\/ics\/noticies\/ccoo-i-ugt-exigeixen-la-immediata-reclassificacio-professional-del-personal-del-sistema-nacional-de-salut\/\" aria-label=\"M\u00e9s informaci\u00f3 sobre CCOO i UGT exigeixen la immediata reclassificaci\u00f3 professional del personal del Sistema Nacional de Salut\">Read more<\/a><\/p>\n","protected":false},"author":4386,"featured_media":32486,"comment_status":"closed","ping_status":"closed","sticky":false,"template":"","format":"standard","meta":{"footnotes":""},"categories":[7,1],"tags":[],"area":[],"class_list":["post-32485","post","type-post","status-publish","format-standard","has-post-thumbnail","hentry","category-mobilitzacions","category-noticies","generate-columns","tablet-grid-50","mobile-grid-100","grid-parent","grid-50"],"_links":{"self":[{"href":"https:\/\/ccoo.app\/ics\/wp-json\/wp\/v2\/posts\/32485","targetHints":{"allow":["GET"]}}],"collection":[{"href":"https:\/\/ccoo.app\/ics\/wp-json\/wp\/v2\/posts"}],"about":[{"href":"https:\/\/ccoo.app\/ics\/wp-json\/wp\/v2\/types\/post"}],"author":[{"embeddable":true,"href":"https:\/\/ccoo.app\/ics\/wp-json\/wp\/v2\/users\/4386"}],"replies":[{"embeddable":true,"href":"https:\/\/ccoo.app\/ics\/wp-json\/wp\/v2\/comments?post=32485"}],"version-history":[{"count":1,"href":"https:\/\/ccoo.app\/ics\/wp-json\/wp\/v2\/posts\/32485\/revisions"}],"predecessor-version":[{"id":32487,"href":"https:\/\/ccoo.app\/ics\/wp-json\/wp\/v2\/posts\/32485\/revisions\/32487"}],"wp:featuredmedia":[{"embeddable":true,"href":"https:\/\/ccoo.app\/ics\/wp-json\/wp\/v2\/media\/32486"}],"wp:attachment":[{"href":"https:\/\/ccoo.app\/ics\/wp-json\/wp\/v2\/media?parent=32485"}],"wp:term":[{"taxonomy":"category","embeddable":true,"href":"https:\/\/ccoo.app\/ics\/wp-json\/wp\/v2\/categories?post=32485"},{"taxonomy":"post_tag","embeddable":true,"href":"https:\/\/ccoo.app\/ics\/wp-json\/wp\/v2\/tags?post=32485"},{"taxonomy":"area","embeddable":true,"href":"https:\/\/ccoo.app\/ics\/wp-json\/wp\/v2\/area?post=32485"}],"curies":[{"name":"wp","href":"https:\/\/api.w.org\/{rel}","templated":true}]}}