{"id":32481,"date":"2024-12-04T11:57:18","date_gmt":"2024-12-04T10:57:18","guid":{"rendered":"https:\/\/ccoo.app\/ics\/?p=32481"},"modified":"2024-12-06T12:02:27","modified_gmt":"2024-12-06T11:02:27","slug":"ccoo-de-catalunya-participa-en-la-campanya-cap-infant-sense-joguina-que-sinicia-el-9-de-desembre","status":"publish","type":"post","link":"https:\/\/ccoo.app\/ics\/noticies\/ccoo-de-catalunya-participa-en-la-campanya-cap-infant-sense-joguina-que-sinicia-el-9-de-desembre\/","title":{"rendered":"CCOO de Catalunya participa en la campanya \u201cCap infant sense joguina\u201d, que s\u2019inicia el 9 de desembre"},"content":{"rendered":"\n<p><strong>CCOO Catalunya&nbsp;<\/strong>col\u00b7labora enguany en la campanya \u201cCap infant sense joguina\u201d, impulsada per la&nbsp;<strong>Cadena SER Catalunya<\/strong>, que busca fer realitat els somnis dels infants sense recursos, garantint que puguin viure la m\u00e0gia del Dia de Reis amb joguines noves.<\/p>\n\n\n\n<p>La campanya&nbsp;<strong>comen\u00e7ar\u00e0 el 9 de desembre i finalitzar\u00e0 el 27 del mateix mes<\/strong>. Tots els locals de CCOO Catalunya seran punts de recollida de joguines, que posteriorment seran donades per fer arribar la il\u00b7lusi\u00f3 als infants en situaci\u00f3 de vulnerabilitat.<\/p>\n\n\n\n<p>La iniciativa \u201cCap infant sense joguina\u201d es va engegar fa 57 anys al Casino de l\u2019Alian\u00e7a del Poblenou i, al llarg dels anys, ha esdevingut un referent solidari. CCOO Catalunya, des de fa m\u00e9s d\u2019una d\u00e8cada, ha participat activament en la recollida de joguines, a trav\u00e9s de la&nbsp;<strong>Xarxa d\u2019Acci\u00f3 Solid\u00e0ria<\/strong>, promovent la solidaritat i oferint suport a les fam\u00edlies m\u00e9s desafavorides.<\/p>\n\n\n\n<p>Amb aquesta acci\u00f3, CCOO Catalunya reafirma el seu comprom\u00eds amb la just\u00edcia social i fa una crida a tota la ciutadania perqu\u00e8 s\u2019afegeixi a la campanya, portant joguines als seus locals. Ajudem a garantir que cap infant es quedi sense la m\u00e0gia del Dia de Reis!<\/p>\n\n\n\n<figure class=\"wp-block-image size-large\"><img loading=\"lazy\" decoding=\"async\" width=\"724\" height=\"1024\" src=\"https:\/\/ccoo.app\/ics\/wp-content\/blogs.dir\/6\/files\/sites\/200\/2024\/12\/a4-recollida-de-joguines-112024-scaled-1448x2048-1-724x1024.jpg\" alt=\"\" class=\"wp-image-32482\" srcset=\"https:\/\/ccoo.app\/ics\/wp-content\/blogs.dir\/6\/files\/sites\/200\/2024\/12\/a4-recollida-de-joguines-112024-scaled-1448x2048-1-724x1024.jpg 724w, https:\/\/ccoo.app\/ics\/wp-content\/blogs.dir\/6\/files\/sites\/200\/2024\/12\/a4-recollida-de-joguines-112024-scaled-1448x2048-1-212x300.jpg 212w, https:\/\/ccoo.app\/ics\/wp-content\/blogs.dir\/6\/files\/sites\/200\/2024\/12\/a4-recollida-de-joguines-112024-scaled-1448x2048-1-768x1086.jpg 768w, https:\/\/ccoo.app\/ics\/wp-content\/blogs.dir\/6\/files\/sites\/200\/2024\/12\/a4-recollida-de-joguines-112024-scaled-1448x2048-1-1086x1536.jpg 1086w, https:\/\/ccoo.app\/ics\/wp-content\/blogs.dir\/6\/files\/sites\/200\/2024\/12\/a4-recollida-de-joguines-112024-scaled-1448x2048-1.jpg 1448w\" sizes=\"auto, (max-width: 724px) 100vw, 724px\" \/><\/figure>\n","protected":false},"excerpt":{"rendered":"<p>CCOO Catalunya&nbsp;col\u00b7labora enguany en la campanya \u201cCap infant sense joguina\u201d, impulsada per la&nbsp;Cadena SER Catalunya, que busca fer realitat els somnis dels infants sense recursos, garantint que puguin viure la &#8230; <a title=\"CCOO de Catalunya participa en la campanya \u201cCap infant sense joguina\u201d, que s\u2019inicia el 9 de desembre\" class=\"read-more\" href=\"https:\/\/ccoo.app\/ics\/noticies\/ccoo-de-catalunya-participa-en-la-campanya-cap-infant-sense-joguina-que-sinicia-el-9-de-desembre\/\" aria-label=\"M\u00e9s informaci\u00f3 sobre CCOO de Catalunya participa en la campanya \u201cCap infant sense joguina\u201d, que s\u2019inicia el 9 de desembre\">Read more<\/a><\/p>\n","protected":false},"author":4386,"featured_media":32483,"comment_status":"closed","ping_status":"closed","sticky":false,"template":"","format":"standard","meta":{"footnotes":""},"categories":[13,1],"tags":[],"area":[],"class_list":["post-32481","post","type-post","status-publish","format-standard","has-post-thumbnail","hentry","category-accions-sindicals","category-noticies","generate-columns","tablet-grid-50","mobile-grid-100","grid-parent","grid-50"],"_links":{"self":[{"href":"https:\/\/ccoo.app\/ics\/wp-json\/wp\/v2\/posts\/32481","targetHints":{"allow":["GET"]}}],"collection":[{"href":"https:\/\/ccoo.app\/ics\/wp-json\/wp\/v2\/posts"}],"about":[{"href":"https:\/\/ccoo.app\/ics\/wp-json\/wp\/v2\/types\/post"}],"author":[{"embeddable":true,"href":"https:\/\/ccoo.app\/ics\/wp-json\/wp\/v2\/users\/4386"}],"replies":[{"embeddable":true,"href":"https:\/\/ccoo.app\/ics\/wp-json\/wp\/v2\/comments?post=32481"}],"version-history":[{"count":1,"href":"https:\/\/ccoo.app\/ics\/wp-json\/wp\/v2\/posts\/32481\/revisions"}],"predecessor-version":[{"id":32484,"href":"https:\/\/ccoo.app\/ics\/wp-json\/wp\/v2\/posts\/32481\/revisions\/32484"}],"wp:featuredmedia":[{"embeddable":true,"href":"https:\/\/ccoo.app\/ics\/wp-json\/wp\/v2\/media\/32483"}],"wp:attachment":[{"href":"https:\/\/ccoo.app\/ics\/wp-json\/wp\/v2\/media?parent=32481"}],"wp:term":[{"taxonomy":"category","embeddable":true,"href":"https:\/\/ccoo.app\/ics\/wp-json\/wp\/v2\/categories?post=32481"},{"taxonomy":"post_tag","embeddable":true,"href":"https:\/\/ccoo.app\/ics\/wp-json\/wp\/v2\/tags?post=32481"},{"taxonomy":"area","embeddable":true,"href":"https:\/\/ccoo.app\/ics\/wp-json\/wp\/v2\/area?post=32481"}],"curies":[{"name":"wp","href":"https:\/\/api.w.org\/{rel}","templated":true}]}}