{"id":32469,"date":"2024-11-03T18:01:29","date_gmt":"2024-11-03T17:01:29","guid":{"rendered":"https:\/\/ccoo.app\/ics\/?p=32469"},"modified":"2024-11-07T18:03:20","modified_gmt":"2024-11-07T17:03:20","slug":"ccoo-i-ugt-demanem-que-dema-seviti-la-mobilitat-excepte-per-als-serveis-demergencia","status":"publish","type":"post","link":"https:\/\/ccoo.app\/ics\/noticies\/ccoo-i-ugt-demanem-que-dema-seviti-la-mobilitat-excepte-per-als-serveis-demergencia\/","title":{"rendered":"CCOO i UGT demanem que dem\u00e0 s\u2019eviti la mobilitat, excepte per als serveis d\u2019emerg\u00e8ncia"},"content":{"rendered":"\n<p><strong>Els fen\u00f2mens meteorol\u00f2gics adversos requereixen prevenci\u00f3 per part de les administracions i les empreses per protegir la vida de les persones treballadores<\/strong><\/p>\n\n\n\n<p>Demanem la m\u00e0xima responsabilitat de les empreses en aquests moments que vivim.<\/p>\n\n\n\n<p>Hi ha avisos vigents del Servei Meteorol\u00f2gic de Catalunya, que ha fet activar el Pla especial d\u2019emerg\u00e8ncies per inundacions de Catalunya (INUNCAT) pel greu risc d\u2019inundacions que afecta les comarques de l\u2019Alt Camp, el Baix Camp, el Baix Ebre, el Baix Pened\u00e8s, el Montsi\u00e0, el Priorat, la Ribera d\u2019Ebre, el Tarragon\u00e8s i la Terra Alta.&nbsp; I el Departament d\u2019Interior de la Generalitat&nbsp;<a href=\"https:\/\/dogc.gencat.cat\/ca\/document-del-dogc\/?documentId=998492&amp;utm_source=hootsuite&amp;utm_medium=&amp;utm_term=&amp;utm_content=&amp;utm_campaign=\">ha anunciat restricci\u00f3 de la mobilitat, \u00fanicament permesa per a situacions de causa major i per als serveis essencials, aix\u00ed com la suspensi\u00f3 de l\u2019activitat educativa,&nbsp;esportiva i d\u2019universitats.<\/a><\/p>\n\n\n\n<p>Davant d\u2019aquesta situaci\u00f3, UGT i CCOO&nbsp;demanem evitar la mobilitat i nom\u00e9s mantenir l\u2019activitat d\u2019aquells serveis d\u2019emerg\u00e8ncia i els de seguretat i manteniment que garanteixin la seguretat de les persones, les instal\u00b7lacions i les infraestructures durant la situaci\u00f3 de risc, amb l\u2019\u00fanica finalitat de reprendre el treball sense dificultat tan bon punt es desactivi l\u2019alerta de la Generalitat de Catalunya.<\/p>\n\n\n\n<p>Tamb\u00e9 recordem que, per a aquelles feines on sigui possible, el teletreball podria limitar la mobilitat i protegir les persones.<\/p>\n\n\n\n<p>Aix\u00ed mateix, UGT i CCOO de Catalunya recordem a totes les empreses que el Reial decret llei 4\/2023, a la seva disposici\u00f3 final primera, modifica el Reial decret 486\/1997, de llocs de treball, per garantir l\u2019adopci\u00f3 de mesures adequades per a la protecci\u00f3 de les persones treballadores, davant de qualsevol risc relacionat amb fen\u00f2mens meteorol\u00f2gics adversos a partir de l\u2019avaluaci\u00f3 de riscos. Indica concretament que \u201cles mesures preventives inclouran la prohibici\u00f3 de desenvolupar determinades tasques durant les hores del dia en qu\u00e8 concorrin fen\u00f2mens meteorol\u00f2gics adversos, en aquells casos en qu\u00e8 no es pugui garantir altrament la necess\u00e0ria protecci\u00f3 de la persona treballadora\u201d com pot succeir a les properes hores. I obliga a l\u2019adopci\u00f3 d\u2019aquestes mesures, inclosa la paralitzaci\u00f3 de l\u2019activitat laboral.<\/p>\n\n\n\n<p>Davant de qualsevol dubte, assessora\u2019t amb els teus representants sindicals, aix\u00ed com amb CCOO i UGT de Catalunya.<\/p>\n","protected":false},"excerpt":{"rendered":"<p>Els fen\u00f2mens meteorol\u00f2gics adversos requereixen prevenci\u00f3 per part de les administracions i les empreses per protegir la vida de les persones treballadores Demanem la m\u00e0xima responsabilitat de les empreses en &#8230; <a title=\"CCOO i UGT demanem que dem\u00e0 s\u2019eviti la mobilitat, excepte per als serveis d\u2019emerg\u00e8ncia\" class=\"read-more\" href=\"https:\/\/ccoo.app\/ics\/noticies\/ccoo-i-ugt-demanem-que-dema-seviti-la-mobilitat-excepte-per-als-serveis-demergencia\/\" aria-label=\"M\u00e9s informaci\u00f3 sobre CCOO i UGT demanem que dem\u00e0 s\u2019eviti la mobilitat, excepte per als serveis d\u2019emerg\u00e8ncia\">Read more<\/a><\/p>\n","protected":false},"author":4386,"featured_media":32470,"comment_status":"closed","ping_status":"closed","sticky":false,"template":"","format":"standard","meta":{"footnotes":""},"categories":[1],"tags":[],"area":[],"class_list":["post-32469","post","type-post","status-publish","format-standard","has-post-thumbnail","hentry","category-noticies","generate-columns","tablet-grid-50","mobile-grid-100","grid-parent","grid-50"],"_links":{"self":[{"href":"https:\/\/ccoo.app\/ics\/wp-json\/wp\/v2\/posts\/32469","targetHints":{"allow":["GET"]}}],"collection":[{"href":"https:\/\/ccoo.app\/ics\/wp-json\/wp\/v2\/posts"}],"about":[{"href":"https:\/\/ccoo.app\/ics\/wp-json\/wp\/v2\/types\/post"}],"author":[{"embeddable":true,"href":"https:\/\/ccoo.app\/ics\/wp-json\/wp\/v2\/users\/4386"}],"replies":[{"embeddable":true,"href":"https:\/\/ccoo.app\/ics\/wp-json\/wp\/v2\/comments?post=32469"}],"version-history":[{"count":1,"href":"https:\/\/ccoo.app\/ics\/wp-json\/wp\/v2\/posts\/32469\/revisions"}],"predecessor-version":[{"id":32471,"href":"https:\/\/ccoo.app\/ics\/wp-json\/wp\/v2\/posts\/32469\/revisions\/32471"}],"wp:featuredmedia":[{"embeddable":true,"href":"https:\/\/ccoo.app\/ics\/wp-json\/wp\/v2\/media\/32470"}],"wp:attachment":[{"href":"https:\/\/ccoo.app\/ics\/wp-json\/wp\/v2\/media?parent=32469"}],"wp:term":[{"taxonomy":"category","embeddable":true,"href":"https:\/\/ccoo.app\/ics\/wp-json\/wp\/v2\/categories?post=32469"},{"taxonomy":"post_tag","embeddable":true,"href":"https:\/\/ccoo.app\/ics\/wp-json\/wp\/v2\/tags?post=32469"},{"taxonomy":"area","embeddable":true,"href":"https:\/\/ccoo.app\/ics\/wp-json\/wp\/v2\/area?post=32469"}],"curies":[{"name":"wp","href":"https:\/\/api.w.org\/{rel}","templated":true}]}}