{"id":32465,"date":"2024-10-30T06:30:52","date_gmt":"2024-10-30T05:30:52","guid":{"rendered":"https:\/\/ccoo.app\/ics\/?p=32465"},"modified":"2024-11-07T06:38:37","modified_gmt":"2024-11-07T05:38:37","slug":"perspectiva-dedat-en-la-gestio-preventiva","status":"publish","type":"post","link":"https:\/\/ccoo.app\/ics\/noticies\/salut-laboral\/perspectiva-dedat-en-la-gestio-preventiva\/","title":{"rendered":"Perspectiva d&#8217;edat en la gesti\u00f3 preventiva"},"content":{"rendered":"\n<p class=\"has-medium-font-size\"><strong>L&#8217;envelliment de la poblaci\u00f3 treballadora<\/strong><\/p>\n\n\n\n<p>A mesura que les persones envelleixen, van acumulant m\u00e9s experi\u00e8ncia i coneixements laborals, al mateix temps que les seves capacitats f\u00edsiques i sensorials pateixen modificacions.<\/p>\n\n\n\n<p>L\u2019envelliment \u00e9s un proc\u00e9s natural i, tot i que no hi ha una reglamentaci\u00f3 espec\u00edfica sobre la gesti\u00f3 de l\u2019edat, l\u2019empresa l\u2019ha de tenir en compte a l\u2019hora de protegir la teva salut.<\/p>\n\n\n\n<p><strong>Qu\u00e8 ha de fer l&#8217;empresa?<\/strong><\/p>\n\n\n\n<p><strong>Adaptar la feina a cada persona treballadora i al seu estat de salut:<\/strong><\/p>\n\n\n\n<ol class=\"wp-block-list\">\n<li>Avaluant i valorant els riscos espec\u00edfics de la teva feina en funci\u00f3 de les teves condicions de salut (f\u00edsiques i ps\u00edquiques), i incorporant la perspectiva de g\u00e8nere dins d\u2019aquesta perspectiva d\u2019edat, ja que homes i dones estan exposats a condicions laborals i a factors de risc diferents, i, a m\u00e9s, presenten difer\u00e8ncies biol\u00f2giques espec\u00edfiques (per exemple, la menopausa).<\/li>\n\n\n\n<li>Eliminant o reduint els riscos laborals i adequant les teves condicions laborals, com ara modificant horaris, torns, ritmes i c\u00e0rregues de treball o introduint ajudes t\u00e8cniques per reduir l\u2019esfor\u00e7 f\u00edsic o mental, entre d\u2019altres.<\/li>\n\n\n\n<li>Formant en prevenci\u00f3 de riscos amb perspectiva d\u2019edat i de g\u00e8nere les persones treballadores en general, aix\u00ed com les que tinguin funcions espec\u00edfiques en seguretat i salut.<\/li>\n<\/ol>\n\n\n\n<p><strong>Recorda que no et poden discriminar per la teva edat.<\/strong><\/p>\n\n\n\n<p>Per obtenir m\u00e9s informaci\u00f3 sobre els teus drets laborals, pots consultar aquesta p\u00edndola: <a href=\"https:\/\/www.ccoo.cat\/noticies\/salut-laboral\/pindoles-salut-laboral\/els-nostres-drets-en-salut-laboral\/\">\u201cEls nostres drets en salut laboral\u201d<\/a>.<\/p>\n\n\n\n<div data-wp-interactive=\"core\/file\" class=\"wp-block-file\"><object data-wp-bind--hidden=\"!state.hasPdfPreview\" hidden class=\"wp-block-file__embed\" data=\"http:\/\/ccoo.app\/ics\/wp-content\/blogs.dir\/6\/files\/sites\/200\/2024\/11\/Perspectiva-dedat-en-la-gestio-preventiva.pdf\" type=\"application\/pdf\" style=\"width:100%;height:600px\" aria-label=\"Incrustaci\u00f3 del fitxer Perspectiva d&apos;edat en la gesti\u00f3 preventiva.\"><\/object><a id=\"wp-block-file--media-ee87f802-be06-4b20-b208-6135f2eb7358\" href=\"http:\/\/ccoo.app\/ics\/wp-content\/blogs.dir\/6\/files\/sites\/200\/2024\/11\/Perspectiva-dedat-en-la-gestio-preventiva.pdf\">Perspectiva d&#8217;edat en la gesti\u00f3 preventiva<\/a><a href=\"http:\/\/ccoo.app\/ics\/wp-content\/blogs.dir\/6\/files\/sites\/200\/2024\/11\/Perspectiva-dedat-en-la-gestio-preventiva.pdf\" class=\"wp-block-file__button wp-element-button\" download aria-describedby=\"wp-block-file--media-ee87f802-be06-4b20-b208-6135f2eb7358\">Baixa<\/a><\/div>\n\n\n\n<p><strong>Amb el suport de:<\/strong><\/p>\n\n\n\n<figure class=\"wp-block-image size-full is-resized\"><img decoding=\"async\" src=\"https:\/\/www.ccoo.cat\/wp-content\/uploads\/2024\/06\/image-1.png?_t=1730298565\" alt=\"salut laboral\" class=\"wp-image-149390\" style=\"width:410px;height:auto\" \/><\/figure>\n","protected":false},"excerpt":{"rendered":"<p>L&#8217;envelliment de la poblaci\u00f3 treballadora A mesura que les persones envelleixen, van acumulant m\u00e9s experi\u00e8ncia i coneixements laborals, al mateix temps que les seves capacitats f\u00edsiques i sensorials pateixen modificacions. &#8230; <a title=\"Perspectiva d&#8217;edat en la gesti\u00f3 preventiva\" class=\"read-more\" href=\"https:\/\/ccoo.app\/ics\/noticies\/salut-laboral\/perspectiva-dedat-en-la-gestio-preventiva\/\" aria-label=\"M\u00e9s informaci\u00f3 sobre Perspectiva d&#8217;edat en la gesti\u00f3 preventiva\">Read more<\/a><\/p>\n","protected":false},"author":4386,"featured_media":32468,"comment_status":"closed","ping_status":"closed","sticky":false,"template":"","format":"standard","meta":{"footnotes":""},"categories":[8],"tags":[],"area":[],"class_list":["post-32465","post","type-post","status-publish","format-standard","has-post-thumbnail","hentry","category-salut-laboral","generate-columns","tablet-grid-50","mobile-grid-100","grid-parent","grid-50"],"_links":{"self":[{"href":"https:\/\/ccoo.app\/ics\/wp-json\/wp\/v2\/posts\/32465","targetHints":{"allow":["GET"]}}],"collection":[{"href":"https:\/\/ccoo.app\/ics\/wp-json\/wp\/v2\/posts"}],"about":[{"href":"https:\/\/ccoo.app\/ics\/wp-json\/wp\/v2\/types\/post"}],"author":[{"embeddable":true,"href":"https:\/\/ccoo.app\/ics\/wp-json\/wp\/v2\/users\/4386"}],"replies":[{"embeddable":true,"href":"https:\/\/ccoo.app\/ics\/wp-json\/wp\/v2\/comments?post=32465"}],"version-history":[{"count":1,"href":"https:\/\/ccoo.app\/ics\/wp-json\/wp\/v2\/posts\/32465\/revisions"}],"predecessor-version":[{"id":32467,"href":"https:\/\/ccoo.app\/ics\/wp-json\/wp\/v2\/posts\/32465\/revisions\/32467"}],"wp:featuredmedia":[{"embeddable":true,"href":"https:\/\/ccoo.app\/ics\/wp-json\/wp\/v2\/media\/32468"}],"wp:attachment":[{"href":"https:\/\/ccoo.app\/ics\/wp-json\/wp\/v2\/media?parent=32465"}],"wp:term":[{"taxonomy":"category","embeddable":true,"href":"https:\/\/ccoo.app\/ics\/wp-json\/wp\/v2\/categories?post=32465"},{"taxonomy":"post_tag","embeddable":true,"href":"https:\/\/ccoo.app\/ics\/wp-json\/wp\/v2\/tags?post=32465"},{"taxonomy":"area","embeddable":true,"href":"https:\/\/ccoo.app\/ics\/wp-json\/wp\/v2\/area?post=32465"}],"curies":[{"name":"wp","href":"https:\/\/api.w.org\/{rel}","templated":true}]}}