{"id":32461,"date":"2024-11-03T06:26:50","date_gmt":"2024-11-03T05:26:50","guid":{"rendered":"https:\/\/ccoo.app\/ics\/?p=32461"},"modified":"2024-11-07T06:30:26","modified_gmt":"2024-11-07T05:30:26","slug":"comunicat-de-ccoo-i-ugt-davant-la-tragedia-provocada-per-la-dana","status":"publish","type":"post","link":"https:\/\/ccoo.app\/ics\/noticies\/comunicat-de-ccoo-i-ugt-davant-la-tragedia-provocada-per-la-dana\/","title":{"rendered":"Comunicat de CCOO i UGT davant la trag\u00e8dia provocada per la DANA"},"content":{"rendered":"\n<p>UGT i CCOO volem manifestar una vegada m\u00e9s la nostra profunda consternaci\u00f3 davant la devastadora trag\u00e8dia provocada per les intenses pluges i inundacions que han assolat diferents zones del pa\u00eds, amb un impacte singularment greu a Val\u00e8ncia, per\u00f2 tamb\u00e9 a les comunitats aut\u00f2nomes del voltant. Reiterem el nostre dolor per la p\u00e8rdua de vides humanes, que assoleix nivells insuportables, i la nostra m\u00e9s gran solidaritat i preocupaci\u00f3 pels danys ocasionats en habitatges, infraestructures i equipaments. Aquesta cat\u00e0strofe ha colpejat durament zones on viu i treballa, majorit\u00e0riament, poblaci\u00f3 treballadora, que s\u2019enfronta a moments d\u2019extrema duresa.<\/p>\n\n\n\n<p>En aquests moments de desolaci\u00f3, CCOO i UGT instem totes les institucions p\u00fabliques a mobilitzar tots els recursos necessaris per a les tasques de rescat i emerg\u00e8ncia. \u00c9s urgent restablir l\u2019acc\u00e9s a aliments, aigua, energia i serveis b\u00e0sics, i respondre a l\u2019impacte sociolaboral i econ\u00f2mic que pateixen totes les \u00e0rees afectades. La situaci\u00f3 \u00e9s cr\u00edtica, amb moltes persones encara desaparegudes, i la prioritat immediata ha de ser localitzar i recuperar cossos que romanen atrapats en cotxes, soterranis i, fins i tot, habitatges. El risc d\u2019un greu problema de salut p\u00fablica amena\u00e7a d\u2019afegir m\u00e9s patiment al ja tr\u00e0gic balan\u00e7 de vides perdudes.<\/p>\n\n\n\n<p>Sens perjudici de les responsabilitats que corresponen a cada nivell de l\u2019Administraci\u00f3, en aquest moment la prioritat \u00e9s unir tots els esfor\u00e7os per atendre l\u2019emerg\u00e8ncia de rescat de les v\u00edctimes, la recuperaci\u00f3 dels cossos de les persones mortes, el restabliment dels subministraments a tota la poblaci\u00f3 afectada i la garantia d\u2019acc\u00e9s als habitatges en condicions de seguretat o la provisi\u00f3 d\u2019allotjaments alternatius a totes les persones que no poden fer-ho en aquest moment mentre es restableix la possibilitat d\u2019accedir als seus domicilis.<\/p>\n\n\n\n<p>UGT i CCOO es posen a disposici\u00f3 de les autoritats responsables de les actuacions de coordinaci\u00f3 de les operacions d\u2019ajuda i suport per al restabliment, al m\u00e9s aviat possible, de les condicions b\u00e0siques de vida a les zones afectades.<\/p>\n\n\n\n<p>\u00c9s imprescindible la cobertura p\u00fablica amb tots els mitjans disponibles i que es mobilitzin tots els mitjans necessaris. Per fer-ho, \u00e9s \u00fatil la declaraci\u00f3 de zona afectada greument, que ha anunciat el Govern d\u2019Espanya a l\u2019empara de la Llei 17\/2015, del sistema nacional de protecci\u00f3 civil. Aquesta legislaci\u00f3 extraordin\u00e0ria ha de permetre activar tamb\u00e9 immediatament els ajuts econ\u00f2mics per danys personals, a l\u2019habitatge habitual i estris de primera necessitat, mesures fiscals, laborals i de Seguretat Social. Tot aix\u00f2, amb la celeritat i l\u2019agilitat administrativa que s\u00f3n essencials en aquests moments.<\/p>\n\n\n\n<p>Cal preveure tamb\u00e9 l\u2019impacte que t\u00e9 aquesta situaci\u00f3 quant a disminuci\u00f3 de la renda disponible de moltes persones, per la qual cosa s\u2019han de complementar les prestacions p\u00fabliques per mitigar-la al m\u00e0xim, aix\u00ed com establir morat\u00f2ries i readaptacions del pagament del deute hipotecari que han d\u2019afrontar moltes persones i fam\u00edlies, amb les dificultats que genera una situaci\u00f3 tan dram\u00e0tica com aquesta.<\/p>\n\n\n\n<p>Les conseq\u00fc\u00e8ncies per a l\u2019ocupaci\u00f3 i les condicions de vida de la poblaci\u00f3 treballadora s\u00f3n evidents. Per aix\u00f2, s\u2019ha de reactivar i s\u2019ha d\u2019adaptar a aquesta situaci\u00f3 l\u2019escut social que ja hem engegat amb excel\u00b7lents resultats en pand\u00e8mia i que ara \u00e9s imprescindible per a una part del territori.<\/p>\n\n\n\n<p>Tamb\u00e9 \u00e9s imprescindible atendre la p\u00e8rdua de renda de moltes persones afectades. Proposem que es complementi la prestaci\u00f3 p\u00fablica per reduir al m\u00e0xim l\u2019impacte econ\u00f2mic d\u2019aquesta situaci\u00f3, juntament amb morat\u00f2ries i readaptacions en el pagament del deute hipotecari que afronten nombroses fam\u00edlies.<\/p>\n\n\n\n<p>Les repercussions laborals i les condicions de vida de la poblaci\u00f3 treballadora s\u00f3n evidents. Exigim la reactivaci\u00f3 de l\u2019escut social, que ha demostrat ser efectiu durant la pand\u00e8mia, i que ara \u00e9s imprescindible. En aquest sentit, demanem l\u2019aprovaci\u00f3 urgent d\u2019un reial decret llei que implementi, entre d\u2019altres, les mesures extraordin\u00e0ries seg\u00fcents:<\/p>\n\n\n\n<ol class=\"wp-block-list\">\n<li>Aplicar ERTO per for\u00e7a major, sense consum de prestacions de desocupaci\u00f3, per protegir l\u2019ocupaci\u00f3 i permetre una recuperaci\u00f3 gradual de les empreses, utilitzant les figures pactades en la reforma laboral i amb una visi\u00f3 extensiva i garantista que cobreixi l\u2019afectaci\u00f3 indirecta.<\/li>\n\n\n\n<li>Endegar la protecci\u00f3 extraordin\u00e0ria per desocupaci\u00f3 per a treballadors i treballadores assalariats i aut\u00f2noms que no puguin reprendre les activitats a causa de la cat\u00e0strofe.<\/li>\n\n\n\n<li>Evitar l\u2019extinci\u00f3 de contractes temporals i protegir els qui tenen contractes fixos discontinus.<\/li>\n\n\n\n<li>Permetre el teletreball all\u00e0 on sigui possible i evitar els riscos de despla\u00e7ament insegur per anar a la feina mentre es restableixen les infraestructures.<\/li>\n\n\n\n<li>Crear un programa similar al MECUIDA, per permetre l\u2019adaptaci\u00f3 o la reducci\u00f3 de jornada laboral per atendre les necessitats familiars i de cura en aquestes circumst\u00e0ncies.<\/li>\n<\/ol>\n\n\n\n<p>A m\u00e9s, demanem el refor\u00e7 immediat de plantilles en serveis sanitaris, socials, d\u2019ocupaci\u00f3 i de Seguretat Social, perqu\u00e8 puguin atendre adequadament el previsible increment de sol\u00b7licituds i actuacions a cadascun.<\/p>\n\n\n\n<p>Aix\u00ed mateix, prestarem tot el suport necessari a les nostres organitzacions a totes les zones afectades i, de manera singular, en el cas del Pa\u00eds Valenci\u00e0, per donar cobertura al dispositiu d\u2019atenci\u00f3 a la poblaci\u00f3 treballadora que caldr\u00e0, tant des de la perspectiva del que ha passat els darrers dies quant a les condicions de treball, els despla\u00e7aments i els riscos laborals que s\u2019han produ\u00eft, com respecte de les conseq\u00fc\u00e8ncies que puguin derivar-se d\u2019aquesta situaci\u00f3 al llarg de les properes setmanes o mesos.<\/p>\n\n\n\n<p>UGT i CCOO tamb\u00e9 exigirem responsabilitats per les decisions adoptades, i per les no adoptades a temps, i les conseq\u00fc\u00e8ncies que han tingut per a la vida d\u2019un nombre encara indeterminat de persones treballadores. Les cat\u00e0strofes vinculades a l\u2019emerg\u00e8ncia clim\u00e0tica requereixen pol\u00edtiques p\u00fabliques estructurals, no retallades de recursos p\u00fablics ni negacionismes reaccionaris. L\u2019an\u00e0lisi i la previsi\u00f3 cient\u00edfica no poden ser postergades per fanatismes ideol\u00f2gics. Cal revisar les pol\u00edtiques urban\u00edstiques i els protocols de protecci\u00f3 civil i, per descomptat, estar a l\u2019altura de les alertes que emeten les entitats encarregades de les prediccions meteorol\u00f2giques. La irresponsabilitat i la neglig\u00e8ncia la paguen sempre les classes treballadores i populars.<\/p>\n\n\n\n<p><\/p>\n","protected":false},"excerpt":{"rendered":"<p>UGT i CCOO volem manifestar una vegada m\u00e9s la nostra profunda consternaci\u00f3 davant la devastadora trag\u00e8dia provocada per les intenses pluges i inundacions que han assolat diferents zones del pa\u00eds, &#8230; <a title=\"Comunicat de CCOO i UGT davant la trag\u00e8dia provocada per la DANA\" class=\"read-more\" href=\"https:\/\/ccoo.app\/ics\/noticies\/comunicat-de-ccoo-i-ugt-davant-la-tragedia-provocada-per-la-dana\/\" aria-label=\"M\u00e9s informaci\u00f3 sobre Comunicat de CCOO i UGT davant la trag\u00e8dia provocada per la DANA\">Read more<\/a><\/p>\n","protected":false},"author":4386,"featured_media":32462,"comment_status":"closed","ping_status":"closed","sticky":false,"template":"","format":"standard","meta":{"footnotes":""},"categories":[1],"tags":[],"area":[],"class_list":["post-32461","post","type-post","status-publish","format-standard","has-post-thumbnail","hentry","category-noticies","generate-columns","tablet-grid-50","mobile-grid-100","grid-parent","grid-50"],"_links":{"self":[{"href":"https:\/\/ccoo.app\/ics\/wp-json\/wp\/v2\/posts\/32461","targetHints":{"allow":["GET"]}}],"collection":[{"href":"https:\/\/ccoo.app\/ics\/wp-json\/wp\/v2\/posts"}],"about":[{"href":"https:\/\/ccoo.app\/ics\/wp-json\/wp\/v2\/types\/post"}],"author":[{"embeddable":true,"href":"https:\/\/ccoo.app\/ics\/wp-json\/wp\/v2\/users\/4386"}],"replies":[{"embeddable":true,"href":"https:\/\/ccoo.app\/ics\/wp-json\/wp\/v2\/comments?post=32461"}],"version-history":[{"count":1,"href":"https:\/\/ccoo.app\/ics\/wp-json\/wp\/v2\/posts\/32461\/revisions"}],"predecessor-version":[{"id":32463,"href":"https:\/\/ccoo.app\/ics\/wp-json\/wp\/v2\/posts\/32461\/revisions\/32463"}],"wp:featuredmedia":[{"embeddable":true,"href":"https:\/\/ccoo.app\/ics\/wp-json\/wp\/v2\/media\/32462"}],"wp:attachment":[{"href":"https:\/\/ccoo.app\/ics\/wp-json\/wp\/v2\/media?parent=32461"}],"wp:term":[{"taxonomy":"category","embeddable":true,"href":"https:\/\/ccoo.app\/ics\/wp-json\/wp\/v2\/categories?post=32461"},{"taxonomy":"post_tag","embeddable":true,"href":"https:\/\/ccoo.app\/ics\/wp-json\/wp\/v2\/tags?post=32461"},{"taxonomy":"area","embeddable":true,"href":"https:\/\/ccoo.app\/ics\/wp-json\/wp\/v2\/area?post=32461"}],"curies":[{"name":"wp","href":"https:\/\/api.w.org\/{rel}","templated":true}]}}