{"id":32458,"date":"2024-11-07T06:23:32","date_gmt":"2024-11-07T05:23:32","guid":{"rendered":"https:\/\/ccoo.app\/ics\/?p=32458"},"modified":"2024-11-07T19:03:28","modified_gmt":"2024-11-07T18:03:28","slug":"ccoo-ugt-i-usoc-davant-la-catastrofe-provocada-per-la-dana-a-la-provincia-de-valencia-el-passat-29-doctubre-han-acordat-convocar-a-tots-els-centres-de-treball-despanya-publics-i-privats-una-a","status":"publish","type":"post","link":"https:\/\/ccoo.app\/ics\/noticies\/ccoo-ugt-i-usoc-davant-la-catastrofe-provocada-per-la-dana-a-la-provincia-de-valencia-el-passat-29-doctubre-han-acordat-convocar-a-tots-els-centres-de-treball-despanya-publics-i-privats-una-a\/","title":{"rendered":"CCOO, UGT i USOC, davant la cat\u00e0strofe provocada per la DANA a la prov\u00edncia de Val\u00e8ncia el passat 29 d&#8217;octubre, han acordat convocar a tots els centres de treball d&#8217;Espanya, p\u00fablics i privats, una aturada de 10 minuts a les 12h, per al proper divendres 8 de novembre"},"content":{"rendered":"\n<p>Les organitzacions sindicals hem traslladat aquesta convocat\u00f2ria a les patronals Foment del Treball i Pimec, que la comparteixen. La convocat\u00f2ria es fa amb el seg\u00fcent objectiu: que els treballadors i treballadores puguin expressar el seu pesar i condol pels ciutadans i ciutadanes morts i les seves fam\u00edlies, aix\u00ed com mostrar el seu suport amb els qui han perdut el seu patrimoni, veuen incertesa sobre la seva feina, o tenen la viabilitat dels negocis i les empreses compromesos. En segon lloc, per tal d\u2019instar a mobilitzar els recursos p\u00fablics necessaris per a la protecci\u00f3 de les feines, l&#8217;activitat econ\u00f2mica, la cura i l&#8217;allotjament de les persones afectades.<\/p>\n\n\n\n<p>En aquests moments \u00e9s imprescindible actuar units, amb el prop\u00f2sit compartit de contribuir a la reconstrucci\u00f3 dels danys, la reparaci\u00f3 de les v\u00edctimes i el progr\u00e9s de la nostra societat sota els principis democr\u00e0tics del nostre estat de dret.<\/p>\n\n\n\n<div data-wp-interactive=\"core\/file\" class=\"wp-block-file\"><object data-wp-bind--hidden=\"!state.hasPdfPreview\" hidden class=\"wp-block-file__embed\" data=\"https:\/\/ccoo.app\/ics\/wp-content\/blogs.dir\/6\/files\/sites\/200\/2024\/11\/manifest-DANA-8112024.pdf\" type=\"application\/pdf\" style=\"width:100%;height:940px\" aria-label=\"Incrustaci\u00f3 del fitxer manifest-DANA-8112024.\"><\/object><a id=\"wp-block-file--media-fd9b29f3-ebda-4fbe-9eef-5df9228edfbe\" href=\"https:\/\/ccoo.app\/ics\/wp-content\/blogs.dir\/6\/files\/sites\/200\/2024\/11\/manifest-DANA-8112024.pdf\">manifest-DANA-8112024<\/a><a href=\"https:\/\/ccoo.app\/ics\/wp-content\/blogs.dir\/6\/files\/sites\/200\/2024\/11\/manifest-DANA-8112024.pdf\" class=\"wp-block-file__button wp-element-button\" download aria-describedby=\"wp-block-file--media-fd9b29f3-ebda-4fbe-9eef-5df9228edfbe\">Baixa<\/a><\/div>\n","protected":false},"excerpt":{"rendered":"<p>Les organitzacions sindicals hem traslladat aquesta convocat\u00f2ria a les patronals Foment del Treball i Pimec, que la comparteixen. La convocat\u00f2ria es fa amb el seg\u00fcent objectiu: que els treballadors i &#8230; <a title=\"CCOO, UGT i USOC, davant la cat\u00e0strofe provocada per la DANA a la prov\u00edncia de Val\u00e8ncia el passat 29 d&#8217;octubre, han acordat convocar a tots els centres de treball d&#8217;Espanya, p\u00fablics i privats, una aturada de 10 minuts a les 12h, per al proper divendres 8 de novembre\" class=\"read-more\" href=\"https:\/\/ccoo.app\/ics\/noticies\/ccoo-ugt-i-usoc-davant-la-catastrofe-provocada-per-la-dana-a-la-provincia-de-valencia-el-passat-29-doctubre-han-acordat-convocar-a-tots-els-centres-de-treball-despanya-publics-i-privats-una-a\/\" aria-label=\"M\u00e9s informaci\u00f3 sobre CCOO, UGT i USOC, davant la cat\u00e0strofe provocada per la DANA a la prov\u00edncia de Val\u00e8ncia el passat 29 d&#8217;octubre, han acordat convocar a tots els centres de treball d&#8217;Espanya, p\u00fablics i privats, una aturada de 10 minuts a les 12h, per al proper divendres 8 de novembre\">Read more<\/a><\/p>\n","protected":false},"author":4386,"featured_media":32459,"comment_status":"closed","ping_status":"closed","sticky":false,"template":"","format":"standard","meta":{"footnotes":""},"categories":[1],"tags":[],"area":[],"class_list":["post-32458","post","type-post","status-publish","format-standard","has-post-thumbnail","hentry","category-noticies","generate-columns","tablet-grid-50","mobile-grid-100","grid-parent","grid-50"],"_links":{"self":[{"href":"https:\/\/ccoo.app\/ics\/wp-json\/wp\/v2\/posts\/32458","targetHints":{"allow":["GET"]}}],"collection":[{"href":"https:\/\/ccoo.app\/ics\/wp-json\/wp\/v2\/posts"}],"about":[{"href":"https:\/\/ccoo.app\/ics\/wp-json\/wp\/v2\/types\/post"}],"author":[{"embeddable":true,"href":"https:\/\/ccoo.app\/ics\/wp-json\/wp\/v2\/users\/4386"}],"replies":[{"embeddable":true,"href":"https:\/\/ccoo.app\/ics\/wp-json\/wp\/v2\/comments?post=32458"}],"version-history":[{"count":2,"href":"https:\/\/ccoo.app\/ics\/wp-json\/wp\/v2\/posts\/32458\/revisions"}],"predecessor-version":[{"id":32477,"href":"https:\/\/ccoo.app\/ics\/wp-json\/wp\/v2\/posts\/32458\/revisions\/32477"}],"wp:featuredmedia":[{"embeddable":true,"href":"https:\/\/ccoo.app\/ics\/wp-json\/wp\/v2\/media\/32459"}],"wp:attachment":[{"href":"https:\/\/ccoo.app\/ics\/wp-json\/wp\/v2\/media?parent=32458"}],"wp:term":[{"taxonomy":"category","embeddable":true,"href":"https:\/\/ccoo.app\/ics\/wp-json\/wp\/v2\/categories?post=32458"},{"taxonomy":"post_tag","embeddable":true,"href":"https:\/\/ccoo.app\/ics\/wp-json\/wp\/v2\/tags?post=32458"},{"taxonomy":"area","embeddable":true,"href":"https:\/\/ccoo.app\/ics\/wp-json\/wp\/v2\/area?post=32458"}],"curies":[{"name":"wp","href":"https:\/\/api.w.org\/{rel}","templated":true}]}}