{"id":32440,"date":"2024-10-07T10:40:04","date_gmt":"2024-10-07T08:40:04","guid":{"rendered":"https:\/\/ccoo.app\/ics\/?p=32440"},"modified":"2024-10-11T11:48:37","modified_gmt":"2024-10-11T09:48:37","slug":"mes-temps-per-a-tu","status":"publish","type":"post","link":"https:\/\/ccoo.app\/ics\/noticies\/mes-temps-per-a-tu\/","title":{"rendered":"M\u00e9s temps per a tu"},"content":{"rendered":"\n<p><\/p>\n\n\n<div class=\"wp-block-image\">\n<figure class=\"aligncenter size-large is-resized\"><img loading=\"lazy\" decoding=\"async\" width=\"1024\" height=\"576\" src=\"https:\/\/ccoo.app\/ics\/wp-content\/blogs.dir\/6\/files\/sites\/200\/2024\/10\/Mes-temps-per-a-tu-1-1024x576.png\" alt=\"\" class=\"wp-image-32447\" style=\"width:411px;height:auto\" srcset=\"https:\/\/ccoo.app\/ics\/wp-content\/blogs.dir\/6\/files\/sites\/200\/2024\/10\/Mes-temps-per-a-tu-1-1024x576.png 1024w, https:\/\/ccoo.app\/ics\/wp-content\/blogs.dir\/6\/files\/sites\/200\/2024\/10\/Mes-temps-per-a-tu-1-300x169.png 300w, https:\/\/ccoo.app\/ics\/wp-content\/blogs.dir\/6\/files\/sites\/200\/2024\/10\/Mes-temps-per-a-tu-1-768x432.png 768w, https:\/\/ccoo.app\/ics\/wp-content\/blogs.dir\/6\/files\/sites\/200\/2024\/10\/Mes-temps-per-a-tu-1-1536x864.png 1536w, https:\/\/ccoo.app\/ics\/wp-content\/blogs.dir\/6\/files\/sites\/200\/2024\/10\/Mes-temps-per-a-tu-1.png 1920w\" sizes=\"auto, (max-width: 1024px) 100vw, 1024px\" \/><\/figure>\n<\/div>\n\n\n<p><\/p>\n\n\n\n<p>Mai no hav\u00edem estat tan a prop de la reducci\u00f3 de jornada, i et necessitem! Ajuda&#8217;ns,&nbsp;signa el manifest que farem arribar a la Patronal.<\/p>\n\n\n\n<p>Millorem la jornada per a 2,5 milions&nbsp;de treballadores i treballadors a Catalunya.&nbsp;Millorem els salaris de 460.000 persones,&nbsp;330.000 de les quals s\u00f3n dones&nbsp;amb jornada parcial a Catalunya.&nbsp;<\/p>\n\n\n\n<p>En els darrers 5 anys la productivitat s\u2019ha incrementat un 13% i el valor afegit brut de les empreses ho ha fet en un 21%. La jornada, en canvi, no s\u2019ha redu\u00eft i l\u2019increment real dels salaris ha estat del 4%.&nbsp;L\u2019avar\u00edcia de la patronal \u00e9s infinita,&nbsp;per\u00f2 aquesta batalla ja l\u2019han perduda, perqu\u00e8&nbsp;2 de cada 3 persones estan a favor de la reducci\u00f3, perqu\u00e8 no farem ni un pas enrere, perqu\u00e8&nbsp;no hi ha cap ra\u00f3 v\u00e0lida per robar-nos aquesta conquesta social.&nbsp;Signem massivament aquest manifest que farem arribar a la patronal!<\/p>\n\n\n\n<a class=\"gb-button gb-button-ee68b20f gb-button-text\" href=\"https:\/\/informa.ccoo.cat\/forms\/millorem-la-jornada-laboral\/?link_id=4&amp;can_id=820e7094ebe63cc47981472868cc9444&amp;source=email-reduim-la-jornada-laboral-ja&amp;email_referrer=email_2471649&amp;email_subject=signa-per-la-reducci_-de-la-jornada-laboral\" target=\"_blank\" rel=\"noopener noreferrer\">SIGNA EL MANIFEST<\/a>\n\n\n\n<p><br><br><strong>Treballar menys, repartir els treballs i viure millor<\/strong><br>Treballar menys significa que la reducci\u00f3 de la jornada laboral ha de contemplar-se per llei i desenvolupar-se a trav\u00e9s de la negociaci\u00f3 col\u00b7lectiva. I treballar menys ha de tenir sempre present la salut laboral, la regulaci\u00f3 efectiva del teletreball i la desconnexi\u00f3 digital, la relaci\u00f3 entre salaris i temps de treball per a no perdre poder adquisitiu i, sobretot, la participaci\u00f3 dels treballadors i treballadores.<br>Repartir els treballs requereix la corresponsabilitat de tothom en els \u00e0mbits dom\u00e8stics, familiars, socials i laborals, sempre amb perspectiva feminista, d\u2019equitat social i de respecte pel medi ambient i la vida del planeta.<br>Viure millor implica repensar els h\u00e0bits de consum i d\u2019oci, l\u2019acc\u00e9s universal a la cultura i a activitats esportives per a una vida saludable, tenir sempre present la sostenibilitat en general, i la mobilitat en especial, dins d\u2019un context d\u2019emerg\u00e8ncia clim\u00e0tica i de limitacions energ\u00e8tiques que no es poden superar sense participaci\u00f3 democr\u00e0tica, posant en valor la milit\u00e0ncia en projectes col\u00b7lectius que volen tamb\u00e9 un temps de dedicaci\u00f3 personal.<\/p>\n\n\n\n<p>CCOO de Catalunya&nbsp;<strong>reivindiquem&nbsp;una senda progressiva de reducci\u00f3 de jornada laboral que, en el curt termini, vagi des de les 40 hores setmanals fins a les 35 hores i que arribi, a mitj\u00e0 termini, fins a la setmana laboral de 32 hores<\/strong>,&nbsp;organitzada en funci\u00f3 dels sectors i de la negociaci\u00f3 col\u00b7lectiva.&nbsp;Per\u00f2 la nostra&nbsp;proposta de&nbsp;reducci\u00f3 dels temps de treball&nbsp;i de&nbsp;repartiment corresponsable i solidari dels treballs&nbsp;per a viure millor&nbsp;va molt m\u00e9s enll\u00e0.<br>La proposta principal de CCOO de Catalunya per repartir els dos principals factors del temps de treball \u00e9s:<br><strong>De les 35 hores a les 32 hores setmanals de jornada laboral.&nbsp;<\/strong>Senda progressiva de reducci\u00f3 de la setmana laboral actual de 40 hores fins a 35 hores (en el curt termini) i 32 hores (en el mig termini) per llei. I tenint sempre present que en molts casos, i per efecte de l\u2019acci\u00f3 sindical i la negociaci\u00f3 col\u00b7lectiva, la setmana laboral real o efectiva actual, en c\u00f2mput anual, \u00e9s ja de 37,5 hores.<br><strong>3 hores di\u00e0ries de treball reproductiu com a m\u00e0xim, tant per homes com per dones.&nbsp;<\/strong>3 hores m\u00e0xim de jornada de treball reproductiu per a homes i dones (tenint present que les enquestes oficials dels darrers anys, pendents de les actualitzacions que tindrem en els propers mesos, situen el desequilibri en 4 hores de treball dom\u00e8stic i de cures per les dones i nom\u00e9s 2 hores pels homes).<br>Per a m\u00e9s informaci\u00f3, descarrega\u2019t i llegeix el document \u201c<strong>Treballar menys, repartir els treballs i viure millor\u201d&nbsp;<\/strong><br><a href=\"https:\/\/www.ccoo.cat\/wp-content\/uploads\/2023\/10\/document-treballar-menys-repartir-els-treball-i-viure-millor.pdf\"><strong>Treballar menys, repartir els treballs i viure millor<\/strong>\u00bb<\/a><\/p>\n\n\n\n<blockquote class=\"wp-block-quote is-layout-flow wp-block-quote-is-layout-flow\">\n<p>\u201cUna condici\u00f3 pr\u00e8via, sense la qual tots els intents de millora i emancipaci\u00f3 resultaran fallits, \u00e9s la&nbsp;<strong>limitaci\u00f3 de la jornada laboral<\/strong>. Cal&nbsp;<strong>restaurar la salut i les energies f\u00edsiques de la classe treballadora<\/strong>, \u00e9s a dir, el gran cos de cada naci\u00f3, aix\u00ed com garantir-los la possibilitat de desenvolupament intel\u00b7lectual, de relacions socials, d\u2019acci\u00f3 social i pol\u00edtica\u201d<\/p>\n\n\n\n<p>Karl Marx, Instruccions als delegats del Congr\u00e9s de l\u2019Associaci\u00f3 Internacional de Treballadors, Ginebra, 1866<\/p>\n\n\n\n<p><\/p>\n<\/blockquote>\n","protected":false},"excerpt":{"rendered":"<p>Mai no hav\u00edem estat tan a prop de la reducci\u00f3 de jornada, i et necessitem! Ajuda&#8217;ns,&nbsp;signa el manifest que farem arribar a la Patronal. Millorem la jornada per a 2,5 &#8230; <a title=\"M\u00e9s temps per a tu\" class=\"read-more\" href=\"https:\/\/ccoo.app\/ics\/noticies\/mes-temps-per-a-tu\/\" aria-label=\"M\u00e9s informaci\u00f3 sobre M\u00e9s temps per a tu\">Read more<\/a><\/p>\n","protected":false},"author":4386,"featured_media":32441,"comment_status":"closed","ping_status":"closed","sticky":false,"template":"","format":"standard","meta":{"footnotes":""},"categories":[13,1],"tags":[],"area":[],"class_list":["post-32440","post","type-post","status-publish","format-standard","has-post-thumbnail","hentry","category-accions-sindicals","category-noticies","generate-columns","tablet-grid-50","mobile-grid-100","grid-parent","grid-50"],"_links":{"self":[{"href":"https:\/\/ccoo.app\/ics\/wp-json\/wp\/v2\/posts\/32440","targetHints":{"allow":["GET"]}}],"collection":[{"href":"https:\/\/ccoo.app\/ics\/wp-json\/wp\/v2\/posts"}],"about":[{"href":"https:\/\/ccoo.app\/ics\/wp-json\/wp\/v2\/types\/post"}],"author":[{"embeddable":true,"href":"https:\/\/ccoo.app\/ics\/wp-json\/wp\/v2\/users\/4386"}],"replies":[{"embeddable":true,"href":"https:\/\/ccoo.app\/ics\/wp-json\/wp\/v2\/comments?post=32440"}],"version-history":[{"count":4,"href":"https:\/\/ccoo.app\/ics\/wp-json\/wp\/v2\/posts\/32440\/revisions"}],"predecessor-version":[{"id":32456,"href":"https:\/\/ccoo.app\/ics\/wp-json\/wp\/v2\/posts\/32440\/revisions\/32456"}],"wp:featuredmedia":[{"embeddable":true,"href":"https:\/\/ccoo.app\/ics\/wp-json\/wp\/v2\/media\/32441"}],"wp:attachment":[{"href":"https:\/\/ccoo.app\/ics\/wp-json\/wp\/v2\/media?parent=32440"}],"wp:term":[{"taxonomy":"category","embeddable":true,"href":"https:\/\/ccoo.app\/ics\/wp-json\/wp\/v2\/categories?post=32440"},{"taxonomy":"post_tag","embeddable":true,"href":"https:\/\/ccoo.app\/ics\/wp-json\/wp\/v2\/tags?post=32440"},{"taxonomy":"area","embeddable":true,"href":"https:\/\/ccoo.app\/ics\/wp-json\/wp\/v2\/area?post=32440"}],"curies":[{"name":"wp","href":"https:\/\/api.w.org\/{rel}","templated":true}]}}