{"id":32434,"date":"2024-10-09T10:15:19","date_gmt":"2024-10-09T08:15:19","guid":{"rendered":"https:\/\/ccoo.app\/ics\/?p=32434"},"modified":"2024-10-11T10:28:49","modified_gmt":"2024-10-11T08:28:49","slug":"xix-escola-de-dones-feminista-de-ccoo-de-catalunya","status":"publish","type":"post","link":"https:\/\/ccoo.app\/ics\/noticies\/xix-escola-de-dones-feminista-de-ccoo-de-catalunya\/","title":{"rendered":"XIX ESCOLA DE DONES FEMINISTA DE CCOO DE CATALUNYA"},"content":{"rendered":"\n<p>Aquest any, ha estat un any d\u2019eleccions, les auton\u00f2miques i les europees, aix\u00f2 ens ha fet reflexionar sobre qui controla i qui aglutina el poder. Ens volem preguntar on s\u00f3n les dones l\u00edders, en quins sectors s\u00f3n referents i quines difer\u00e8ncies hi ha entre els diferents tipus de lideratges, els masculins i els femenins.<\/p>\n\n\n\n<p>L&#8217;escola es dur\u00e0 a terme el dijous&nbsp; 24 d&#8217;octubre, a l&#8217;auditori de la CIBA, a Santa Coloma de Gramenet, en horari de&nbsp; 9.00 h a 18.00 h.&nbsp;<\/p>\n\n\n\n<p>Apunta-t&#8217;hi en aquest <a href=\"https:\/\/docs.google.com\/forms\/d\/1qB83i8itg9Vn_56Bmi2idX5le7I4g7rlWHrej4Ulhpo\/viewform?edit_requested=true\">formulari<\/a>!<\/p>\n\n\n<div class=\"wp-block-image\">\n<figure class=\"aligncenter size-large\"><img loading=\"lazy\" decoding=\"async\" width=\"725\" height=\"1024\" src=\"https:\/\/ccoo.app\/ics\/wp-content\/blogs.dir\/6\/files\/sites\/200\/2024\/10\/Cartell_XIX_Escola_de_Dones-725x1024.jpg\" alt=\"\" class=\"wp-image-32435\" srcset=\"https:\/\/ccoo.app\/ics\/wp-content\/blogs.dir\/6\/files\/sites\/200\/2024\/10\/Cartell_XIX_Escola_de_Dones-725x1024.jpg 725w, https:\/\/ccoo.app\/ics\/wp-content\/blogs.dir\/6\/files\/sites\/200\/2024\/10\/Cartell_XIX_Escola_de_Dones-212x300.jpg 212w, https:\/\/ccoo.app\/ics\/wp-content\/blogs.dir\/6\/files\/sites\/200\/2024\/10\/Cartell_XIX_Escola_de_Dones-768x1085.jpg 768w, https:\/\/ccoo.app\/ics\/wp-content\/blogs.dir\/6\/files\/sites\/200\/2024\/10\/Cartell_XIX_Escola_de_Dones.jpg 906w\" sizes=\"auto, (max-width: 725px) 100vw, 725px\" \/><\/figure>\n<\/div>\n\n\n<div class=\"wp-block-file\"><a id=\"wp-block-file--media-1d5fc66e-f091-4029-848d-f4ef6f977949\" href=\"https:\/\/ccoo.app\/ics\/wp-content\/blogs.dir\/6\/files\/sites\/200\/2024\/10\/Programa_XIX_Escola_de_Dones.jpg\">Programa_XIX_Escola_de_Dones<\/a><a href=\"https:\/\/ccoo.app\/ics\/wp-content\/blogs.dir\/6\/files\/sites\/200\/2024\/10\/Programa_XIX_Escola_de_Dones.jpg\" class=\"wp-block-file__button wp-element-button\" download aria-describedby=\"wp-block-file--media-1d5fc66e-f091-4029-848d-f4ef6f977949\">Baixa<\/a><\/div>\n\n\n<div class=\"wp-block-image\">\n<figure class=\"aligncenter size-large\"><img loading=\"lazy\" decoding=\"async\" width=\"819\" height=\"1024\" src=\"https:\/\/ccoo.app\/ics\/wp-content\/blogs.dir\/6\/files\/sites\/200\/2024\/10\/Programa_XIX_Escola_de_Dones-1-819x1024.jpg\" alt=\"\" class=\"wp-image-32437\" srcset=\"https:\/\/ccoo.app\/ics\/wp-content\/blogs.dir\/6\/files\/sites\/200\/2024\/10\/Programa_XIX_Escola_de_Dones-1-819x1024.jpg 819w, https:\/\/ccoo.app\/ics\/wp-content\/blogs.dir\/6\/files\/sites\/200\/2024\/10\/Programa_XIX_Escola_de_Dones-1-240x300.jpg 240w, https:\/\/ccoo.app\/ics\/wp-content\/blogs.dir\/6\/files\/sites\/200\/2024\/10\/Programa_XIX_Escola_de_Dones-1-768x960.jpg 768w, https:\/\/ccoo.app\/ics\/wp-content\/blogs.dir\/6\/files\/sites\/200\/2024\/10\/Programa_XIX_Escola_de_Dones-1.jpg 1024w\" sizes=\"auto, (max-width: 819px) 100vw, 819px\" \/><\/figure>\n<\/div>","protected":false},"excerpt":{"rendered":"<p>Aquest any, ha estat un any d\u2019eleccions, les auton\u00f2miques i les europees, aix\u00f2 ens ha fet reflexionar sobre qui controla i qui aglutina el poder. Ens volem preguntar on s\u00f3n &#8230; <a title=\"XIX ESCOLA DE DONES FEMINISTA DE CCOO DE CATALUNYA\" class=\"read-more\" href=\"https:\/\/ccoo.app\/ics\/noticies\/xix-escola-de-dones-feminista-de-ccoo-de-catalunya\/\" aria-label=\"M\u00e9s informaci\u00f3 sobre XIX ESCOLA DE DONES FEMINISTA DE CCOO DE CATALUNYA\">Read more<\/a><\/p>\n","protected":false},"author":4386,"featured_media":32438,"comment_status":"closed","ping_status":"closed","sticky":false,"template":"","format":"standard","meta":{"footnotes":""},"categories":[11,9,1],"tags":[],"area":[],"class_list":["post-32434","post","type-post","status-publish","format-standard","has-post-thumbnail","hentry","category-formacio","category-igualtat","category-noticies","generate-columns","tablet-grid-50","mobile-grid-100","grid-parent","grid-50"],"_links":{"self":[{"href":"https:\/\/ccoo.app\/ics\/wp-json\/wp\/v2\/posts\/32434","targetHints":{"allow":["GET"]}}],"collection":[{"href":"https:\/\/ccoo.app\/ics\/wp-json\/wp\/v2\/posts"}],"about":[{"href":"https:\/\/ccoo.app\/ics\/wp-json\/wp\/v2\/types\/post"}],"author":[{"embeddable":true,"href":"https:\/\/ccoo.app\/ics\/wp-json\/wp\/v2\/users\/4386"}],"replies":[{"embeddable":true,"href":"https:\/\/ccoo.app\/ics\/wp-json\/wp\/v2\/comments?post=32434"}],"version-history":[{"count":1,"href":"https:\/\/ccoo.app\/ics\/wp-json\/wp\/v2\/posts\/32434\/revisions"}],"predecessor-version":[{"id":32439,"href":"https:\/\/ccoo.app\/ics\/wp-json\/wp\/v2\/posts\/32434\/revisions\/32439"}],"wp:featuredmedia":[{"embeddable":true,"href":"https:\/\/ccoo.app\/ics\/wp-json\/wp\/v2\/media\/32438"}],"wp:attachment":[{"href":"https:\/\/ccoo.app\/ics\/wp-json\/wp\/v2\/media?parent=32434"}],"wp:term":[{"taxonomy":"category","embeddable":true,"href":"https:\/\/ccoo.app\/ics\/wp-json\/wp\/v2\/categories?post=32434"},{"taxonomy":"post_tag","embeddable":true,"href":"https:\/\/ccoo.app\/ics\/wp-json\/wp\/v2\/tags?post=32434"},{"taxonomy":"area","embeddable":true,"href":"https:\/\/ccoo.app\/ics\/wp-json\/wp\/v2\/area?post=32434"}],"curies":[{"name":"wp","href":"https:\/\/api.w.org\/{rel}","templated":true}]}}