{"id":32431,"date":"2024-10-10T10:13:27","date_gmt":"2024-10-10T08:13:27","guid":{"rendered":"https:\/\/ccoo.app\/ics\/?p=32431"},"modified":"2024-10-11T10:29:07","modified_gmt":"2024-10-11T08:29:07","slug":"ccoo-exigeix-la-convocatoria-immediata-de-lambit-de-negociacio-del-sns-per-a-reprendre-la-reforma-de-lestatut-marc","status":"publish","type":"post","link":"https:\/\/ccoo.app\/ics\/noticies\/ccoo-exigeix-la-convocatoria-immediata-de-lambit-de-negociacio-del-sns-per-a-reprendre-la-reforma-de-lestatut-marc\/","title":{"rendered":"CCOO exigeix la convocat\u00f2ria immediata de l\u2019\u00c0mbit de Negociaci\u00f3 del SNS per a reprendre la reforma de l\u2019Estatut Marc"},"content":{"rendered":"\n<h3 class=\"wp-block-heading\">La Federaci\u00f3 de Sanitat i Sectors Sociosanitaris de CCOO (FSS-CCOO) considera inajornable abordar i incorporar en el nou Estatut Marc la jubilaci\u00f3 parcial de tots i totes les professionals del Sistema Nacional de Salut (SNS), i possibilitar, per part del Ministeri de Sanitat, l\u2019inici de l\u2019estudi de coeficients reductors de l\u2019edat de jubilaci\u00f3. Aix\u00ed mateix, despr\u00e9s de les declaracions recents del secretari d\u2019Estat de Sanitat, Javier Padilla, sobre la seva voluntat de negociar millores retributives, aquest sindicat recorda que els canals correctes de negociaci\u00f3 s\u00f3n els establerts a aquest efecte amb les organitzacions sindicals que ostenten la representaci\u00f3 legal dels treballadors i treballadores.<\/h3>\n\n\n\n<p>La recuperaci\u00f3 del 5% que es lleva de les pagues extra del conjunt de les i els empleats p\u00fablics, des de les retallades del 2010, \u00e9s mat\u00e8ria de negociaci\u00f3 en l\u2019\u00e0mbit de la Taula General de les Administracions P\u00fabliques (36.1 EBEP) i, per tant, amb les organitzacions sindicals amb representativitat en aquest \u00c0mbit. No obstant aix\u00f2, el personal estatutari \u00e9s l\u2019\u00fanic que no percep la totalitat dels conceptes retributius en les seves pagues extraordin\u00e0ries, una mat\u00e8ria que ha d\u2019abordar-se de manera inexcusable en l\u2019\u00c0mbit de Negociaci\u00f3 del SNS, sense que fins ara el Ministeri de Sanitat hagi obert la possibilitat d\u2019incorporar aquesta reivindicaci\u00f3 hist\u00f2rica de CCOO en el nou Estatut Marc.<\/p>\n\n\n\n<p>CCOO considera injustificable la paralitzaci\u00f3, durant m\u00e9s de quatre mesos, de les negociacions pendents de tractar en l\u2019actualitzaci\u00f3 de l\u2019Estatut Marc, ja que mat\u00e8ries tan importants com l\u2019actualitzaci\u00f3 de funcions de tots els col\u00b7lectius professionals, la classificaci\u00f3 professional, la jubilaci\u00f3 parcial o les retribucions, no s\u2019han abordat encara de manera definitiva.<\/p>\n\n\n\n<p>Aquest sindicat ent\u00e9n que el comprom\u00eds de reclassificaci\u00f3 adquirit pel Govern, a trav\u00e9s de l\u2019Acord marc per a una Administraci\u00f3 del segle XXI, hauria d\u2019haver-se fet ja efectiu en l\u2019\u00e0mbit del SNS, reclassificant a T\u00e8cnics Mitjans en el grup de classificaci\u00f3 C1 i a T\u00e8cnics Superiors en el grup de classificaci\u00f3 B; per\u00f2 segueix sense executar-se per part del Ministeri de Sanitat.<\/p>\n\n\n\n<p>Aix\u00ed mateix, per a CCOO no es pot oblidar la necess\u00e0ria implantaci\u00f3 d\u2019un nou model de classificaci\u00f3, concorde al Marc Europeu (MECU), que reconegui les funcions reals de tots els col\u00b7lectius i adeq\u00fci aquesta capacitaci\u00f3 professional al nou model de classificaci\u00f3.<\/p>\n\n\n\n<p>Aquest sindicat considera inajornable abordar i incorporar en el nou Estatut Marc la jubilaci\u00f3 parcial de tots i totes les professionals del SNS, i possibilitar, per part del Ministeri de Sanitat, l\u2019inici de l\u2019estudi de coeficients reductors de l\u2019edat de jubilaci\u00f3.<\/p>\n","protected":false},"excerpt":{"rendered":"<p>La Federaci\u00f3 de Sanitat i Sectors Sociosanitaris de CCOO (FSS-CCOO) considera inajornable abordar i incorporar en el nou Estatut Marc la jubilaci\u00f3 parcial de tots i totes les professionals del &#8230; <a title=\"CCOO exigeix la convocat\u00f2ria immediata de l\u2019\u00c0mbit de Negociaci\u00f3 del SNS per a reprendre la reforma de l\u2019Estatut Marc\" class=\"read-more\" href=\"https:\/\/ccoo.app\/ics\/noticies\/ccoo-exigeix-la-convocatoria-immediata-de-lambit-de-negociacio-del-sns-per-a-reprendre-la-reforma-de-lestatut-marc\/\" aria-label=\"M\u00e9s informaci\u00f3 sobre CCOO exigeix la convocat\u00f2ria immediata de l\u2019\u00c0mbit de Negociaci\u00f3 del SNS per a reprendre la reforma de l\u2019Estatut Marc\">Read more<\/a><\/p>\n","protected":false},"author":4386,"featured_media":32432,"comment_status":"closed","ping_status":"closed","sticky":false,"template":"","format":"standard","meta":{"footnotes":""},"categories":[12,1],"tags":[],"area":[],"class_list":["post-32431","post","type-post","status-publish","format-standard","has-post-thumbnail","hentry","category-actualitat","category-noticies","generate-columns","tablet-grid-50","mobile-grid-100","grid-parent","grid-50"],"_links":{"self":[{"href":"https:\/\/ccoo.app\/ics\/wp-json\/wp\/v2\/posts\/32431","targetHints":{"allow":["GET"]}}],"collection":[{"href":"https:\/\/ccoo.app\/ics\/wp-json\/wp\/v2\/posts"}],"about":[{"href":"https:\/\/ccoo.app\/ics\/wp-json\/wp\/v2\/types\/post"}],"author":[{"embeddable":true,"href":"https:\/\/ccoo.app\/ics\/wp-json\/wp\/v2\/users\/4386"}],"replies":[{"embeddable":true,"href":"https:\/\/ccoo.app\/ics\/wp-json\/wp\/v2\/comments?post=32431"}],"version-history":[{"count":1,"href":"https:\/\/ccoo.app\/ics\/wp-json\/wp\/v2\/posts\/32431\/revisions"}],"predecessor-version":[{"id":32433,"href":"https:\/\/ccoo.app\/ics\/wp-json\/wp\/v2\/posts\/32431\/revisions\/32433"}],"wp:featuredmedia":[{"embeddable":true,"href":"https:\/\/ccoo.app\/ics\/wp-json\/wp\/v2\/media\/32432"}],"wp:attachment":[{"href":"https:\/\/ccoo.app\/ics\/wp-json\/wp\/v2\/media?parent=32431"}],"wp:term":[{"taxonomy":"category","embeddable":true,"href":"https:\/\/ccoo.app\/ics\/wp-json\/wp\/v2\/categories?post=32431"},{"taxonomy":"post_tag","embeddable":true,"href":"https:\/\/ccoo.app\/ics\/wp-json\/wp\/v2\/tags?post=32431"},{"taxonomy":"area","embeddable":true,"href":"https:\/\/ccoo.app\/ics\/wp-json\/wp\/v2\/area?post=32431"}],"curies":[{"name":"wp","href":"https:\/\/api.w.org\/{rel}","templated":true}]}}