{"id":32429,"date":"2024-10-03T12:57:03","date_gmt":"2024-10-03T10:57:03","guid":{"rendered":"https:\/\/ccoo.app\/ics\/?p=32429"},"modified":"2024-10-09T13:14:26","modified_gmt":"2024-10-09T11:14:26","slug":"ccoo-celebra-la-nova-pujada-salarial-del-05-addicional-en-compliment-de-lacord-marc-per-a-una-administracio-publica-del-segle-xxi","status":"publish","type":"post","link":"https:\/\/ccoo.app\/ics\/noticies\/ccoo-celebra-la-nova-pujada-salarial-del-05-addicional-en-compliment-de-lacord-marc-per-a-una-administracio-publica-del-segle-xxi\/","title":{"rendered":"CCOO celebra la nova pujada salarial del 0,5% addicional en compliment de l&#8217;Acord marc per a una Administraci\u00f3 P\u00fablica del segle XXI"},"content":{"rendered":"\n<h3 class=\"wp-block-heading\">L&#8217;\u00c0rea P\u00fablica de CCOO celebra la nova pujada salarial del 0,5% addicional al 2% corresponent a l&#8217;increment de 2024 en compliment de l&#8217;Acord marc per a una Administraci\u00f3 P\u00fablica del segle XXI, que s&#8217;aplicar\u00e0 amb car\u00e0cter retroactiu amb data 1 de gener. D&#8217;aquesta manera, es culmina una pujada salarial global del 9,8% des de novembre de 2022 fins a octubre de 2024, fruit de l&#8217;acord pactat amb CCOO i UGT.<\/h3>\n\n\n\n<p>No obstant aix\u00f2, l&#8217;\u00c0rea P\u00fablica de CCOO lamenta que des del Ministeri per a la Transformaci\u00f3 Digital i de la Funci\u00f3 P\u00fablica no s&#8217;hagi convocat a la Comissi\u00f3 de Seguiment de l&#8217;Acord marc per a una Administraci\u00f3 P\u00fablica del segle XXI com \u00e9s procedent i, en un \u201cafany de protagonisme\u201d, s&#8217;hagi fet eco d&#8217;aquest increment salarial directament a trav\u00e9s dels mitjans de premsa.<\/p>\n\n\n\n<p>Davant aquesta situaci\u00f3, el coordinador de l&#8217;\u00c0rea P\u00fablica de CCOO, Humberto Mu\u00f1oz, s&#8217;ha dirigit per carta a la Secret\u00e0ria d&#8217;Estat de Funci\u00f3 P\u00fablica per a transmetre el malestar de l&#8217;\u00c0rea P\u00fablica de CCOO perqu\u00e8 no s&#8217;hagi convocat pr\u00e8viament a aquesta Comissi\u00f3 per a informar els sindicats signants que es procedir\u00e0 a l&#8217;abonament d&#8217;aquesta quantitat, tal com estableix en les seves cl\u00e0usules l&#8217;esmentat Acord, i s&#8217;hagi comunicat als mitjans que s&#8217;est\u00e0 ultimant el trasllat a la n\u00f2mina de l&#8217;increment addicional del 0,5% en el salari del personal empleat p\u00fablic per a aquest any 2024 com si fos una iniciativa del Govern, sent, en realitat, una conseq\u00fc\u00e8ncia del compliment de l&#8217;acord pactat amb CCOO i UGT.<\/p>\n\n\n\n<p>En la carta es recalca que cal posar en valor els fruits del di\u00e0leg social i els acords amb els sindicats m\u00e9s representatius en lloc d&#8217;intentar \u201capuntar-se\u201d en solitari aquesta pujada salarial, perqu\u00e8 d&#8217;aquesta manera sembla una ocurr\u00e8ncia oportunista en lloc de la conseq\u00fc\u00e8ncia de donar compliment als compromisos pactats amb els agents socials.<\/p>\n\n\n\n<p>Finalment, el coordinador de l&#8217;\u00c0rea P\u00fablica de CCOO lamenta que, despr\u00e9s d&#8217;una entrevista recent amb motiu del nomenament del nou ministre, s&#8217;ensopegui tan aviat amb un obstacle com aquest, perqu\u00e8 m\u00e9s enll\u00e0 del gest en si mateix, suposa, en certa manera, una fallida en la confian\u00e7a entre les parts i en la lleialtat institucional que s&#8217;ha de salvaguardar.<\/p>\n\n\n\n<p><\/p>\n","protected":false},"excerpt":{"rendered":"<p>L&#8217;\u00c0rea P\u00fablica de CCOO celebra la nova pujada salarial del 0,5% addicional al 2% corresponent a l&#8217;increment de 2024 en compliment de l&#8217;Acord marc per a una Administraci\u00f3 P\u00fablica del &#8230; <a title=\"CCOO celebra la nova pujada salarial del 0,5% addicional en compliment de l&#8217;Acord marc per a una Administraci\u00f3 P\u00fablica del segle XXI\" class=\"read-more\" href=\"https:\/\/ccoo.app\/ics\/noticies\/ccoo-celebra-la-nova-pujada-salarial-del-05-addicional-en-compliment-de-lacord-marc-per-a-una-administracio-publica-del-segle-xxi\/\" aria-label=\"M\u00e9s informaci\u00f3 sobre CCOO celebra la nova pujada salarial del 0,5% addicional en compliment de l&#8217;Acord marc per a una Administraci\u00f3 P\u00fablica del segle XXI\">Read more<\/a><\/p>\n","protected":false},"author":4386,"featured_media":32206,"comment_status":"closed","ping_status":"closed","sticky":false,"template":"","format":"standard","meta":{"footnotes":""},"categories":[12,1],"tags":[],"area":[],"class_list":["post-32429","post","type-post","status-publish","format-standard","has-post-thumbnail","hentry","category-actualitat","category-noticies","generate-columns","tablet-grid-50","mobile-grid-100","grid-parent","grid-50"],"_links":{"self":[{"href":"https:\/\/ccoo.app\/ics\/wp-json\/wp\/v2\/posts\/32429","targetHints":{"allow":["GET"]}}],"collection":[{"href":"https:\/\/ccoo.app\/ics\/wp-json\/wp\/v2\/posts"}],"about":[{"href":"https:\/\/ccoo.app\/ics\/wp-json\/wp\/v2\/types\/post"}],"author":[{"embeddable":true,"href":"https:\/\/ccoo.app\/ics\/wp-json\/wp\/v2\/users\/4386"}],"replies":[{"embeddable":true,"href":"https:\/\/ccoo.app\/ics\/wp-json\/wp\/v2\/comments?post=32429"}],"version-history":[{"count":1,"href":"https:\/\/ccoo.app\/ics\/wp-json\/wp\/v2\/posts\/32429\/revisions"}],"predecessor-version":[{"id":32430,"href":"https:\/\/ccoo.app\/ics\/wp-json\/wp\/v2\/posts\/32429\/revisions\/32430"}],"wp:featuredmedia":[{"embeddable":true,"href":"https:\/\/ccoo.app\/ics\/wp-json\/wp\/v2\/media\/32206"}],"wp:attachment":[{"href":"https:\/\/ccoo.app\/ics\/wp-json\/wp\/v2\/media?parent=32429"}],"wp:term":[{"taxonomy":"category","embeddable":true,"href":"https:\/\/ccoo.app\/ics\/wp-json\/wp\/v2\/categories?post=32429"},{"taxonomy":"post_tag","embeddable":true,"href":"https:\/\/ccoo.app\/ics\/wp-json\/wp\/v2\/tags?post=32429"},{"taxonomy":"area","embeddable":true,"href":"https:\/\/ccoo.app\/ics\/wp-json\/wp\/v2\/area?post=32429"}],"curies":[{"name":"wp","href":"https:\/\/api.w.org\/{rel}","templated":true}]}}