{"id":32417,"date":"2024-07-26T17:22:51","date_gmt":"2024-07-26T15:22:51","guid":{"rendered":"https:\/\/ccoo.app\/ics\/?p=32417"},"modified":"2024-09-23T17:27:49","modified_gmt":"2024-09-23T15:27:49","slug":"contra-la-discriminacio-i-lassetjament-lgtbiq-de-iria-antuna-dominguez","status":"publish","type":"post","link":"https:\/\/ccoo.app\/ics\/noticies\/contra-la-discriminacio-i-lassetjament-lgtbiq-de-iria-antuna-dominguez\/","title":{"rendered":"Contra la discriminaci\u00f3 i l&#8217;assetjament LGTBIQ+, de Iria Antu\u00f1a Dom\u00ednguez"},"content":{"rendered":"\n<p>PER A NING\u00da \u00e9s desconegut que els discursos i delictes d&#8217;odi contra les persones del col\u00b7lectiu LGTBIQ+ han augmentat de forma molt notable en els \u00faltims temps; i el m\u00f3n laboral no est\u00e0 exempt d&#8217;aquesta realitat, existeix LGTBIQ+f\u00f2bia com en tots els \u00e0mbits de la societat.<\/p>\n\n\n\n<p>\u00c9s imprescindible crear espais de treball segurs i aix\u00f2 \u00e9s responsabilitat de les empreses i les administracions, per\u00f2 \u00e9s responsabilitat sindical crear i donar les eines necess\u00e0ries a la Representaci\u00f3 Legal de les Persones Treballadores (RLPT) i als qui treballen per a saber exigir centres laborals lliures de qualsevol tipus de discriminaci\u00f3 o situaci\u00f3 d&#8217;odi. Situacions que van des de les conductes subtils relacionades amb aspectes culturals i socials, fins a les conductes directes i clarament aversivas i violentes.<\/p>\n\n\n\n<p>No es pot tampoc obviar la necessitat urgent de sensibilitzar i formar al conjunt de la ciutadania en la necessitat d&#8217;una societat m\u00e9s justa i equitativa per a totes les persones, especialment dels col\u00b7lectius altament vulnerables.<\/p>\n\n\n\n<p>El dia 17 de Maig, Dia Internacional contra l&#8217;Homof\u00f2bia, la Transf\u00f2bia i la Bif\u00f2bia, l&#8217;\u00c0rea P\u00fablica de CCOO (composta per les federacions de Serveis a la Ciutadania, d&#8217;Ensenyament i de Sanitat i Sectors Sociosanitaris), va presentar el document<\/p>\n\n\n\n<p><a href=\"https:\/\/fe.ccoo.es\/0142cfa672342cb2a775ad511f6ef0eb000063.pdf\">Protocol contra la discriminaci\u00f3 i l&#8217;assetjament per ra\u00f3 d&#8217;orientaci\u00f3 sexual, identitat de g\u00e8nere, expressi\u00f3 de g\u00e8nere, caracter\u00edstiques sexuals i diversitat familiar en les administracions p\u00fabliques i sectors p\u00fablics.<\/a><\/p>\n\n\n\n<p>Toca negociar ara amb les diferents administracions, sabent com actuar i quins passos seguir en els centres de treball de les administracions p\u00fabliques i sectors p\u00fablics quan es donin aquest tipus de situacions.<\/p>\n\n\n\n<p>Iria Antu\u00f1a (@iriaantu) \u00e9s secret\u00e0ria de Dones, Pol\u00edtiques d&#8217;Igualtat i Pol\u00edtiques LGTBIQ de la Federaci\u00f3 Estatal de CCOO d&#8217;Ensenyament (@feccoo).<\/p>\n\n\n\n<p>Revista Treballadora, n. 83 (juliol de 2024).<\/p>\n\n\n\n<p><\/p>\n","protected":false},"excerpt":{"rendered":"<p>PER A NING\u00da \u00e9s desconegut que els discursos i delictes d&#8217;odi contra les persones del col\u00b7lectiu LGTBIQ+ han augmentat de forma molt notable en els \u00faltims temps; i el m\u00f3n &#8230; <a title=\"Contra la discriminaci\u00f3 i l&#8217;assetjament LGTBIQ+, de Iria Antu\u00f1a Dom\u00ednguez\" class=\"read-more\" href=\"https:\/\/ccoo.app\/ics\/noticies\/contra-la-discriminacio-i-lassetjament-lgtbiq-de-iria-antuna-dominguez\/\" aria-label=\"M\u00e9s informaci\u00f3 sobre Contra la discriminaci\u00f3 i l&#8217;assetjament LGTBIQ+, de Iria Antu\u00f1a Dom\u00ednguez\">Read more<\/a><\/p>\n","protected":false},"author":4386,"featured_media":32418,"comment_status":"closed","ping_status":"closed","sticky":false,"template":"","format":"standard","meta":{"footnotes":""},"categories":[9,1],"tags":[],"area":[],"class_list":["post-32417","post","type-post","status-publish","format-standard","has-post-thumbnail","hentry","category-igualtat","category-noticies","generate-columns","tablet-grid-50","mobile-grid-100","grid-parent","grid-50"],"_links":{"self":[{"href":"https:\/\/ccoo.app\/ics\/wp-json\/wp\/v2\/posts\/32417","targetHints":{"allow":["GET"]}}],"collection":[{"href":"https:\/\/ccoo.app\/ics\/wp-json\/wp\/v2\/posts"}],"about":[{"href":"https:\/\/ccoo.app\/ics\/wp-json\/wp\/v2\/types\/post"}],"author":[{"embeddable":true,"href":"https:\/\/ccoo.app\/ics\/wp-json\/wp\/v2\/users\/4386"}],"replies":[{"embeddable":true,"href":"https:\/\/ccoo.app\/ics\/wp-json\/wp\/v2\/comments?post=32417"}],"version-history":[{"count":1,"href":"https:\/\/ccoo.app\/ics\/wp-json\/wp\/v2\/posts\/32417\/revisions"}],"predecessor-version":[{"id":32419,"href":"https:\/\/ccoo.app\/ics\/wp-json\/wp\/v2\/posts\/32417\/revisions\/32419"}],"wp:featuredmedia":[{"embeddable":true,"href":"https:\/\/ccoo.app\/ics\/wp-json\/wp\/v2\/media\/32418"}],"wp:attachment":[{"href":"https:\/\/ccoo.app\/ics\/wp-json\/wp\/v2\/media?parent=32417"}],"wp:term":[{"taxonomy":"category","embeddable":true,"href":"https:\/\/ccoo.app\/ics\/wp-json\/wp\/v2\/categories?post=32417"},{"taxonomy":"post_tag","embeddable":true,"href":"https:\/\/ccoo.app\/ics\/wp-json\/wp\/v2\/tags?post=32417"},{"taxonomy":"area","embeddable":true,"href":"https:\/\/ccoo.app\/ics\/wp-json\/wp\/v2\/area?post=32417"}],"curies":[{"name":"wp","href":"https:\/\/api.w.org\/{rel}","templated":true}]}}