{"id":32414,"date":"2024-09-19T17:09:13","date_gmt":"2024-09-19T15:09:13","guid":{"rendered":"https:\/\/ccoo.app\/ics\/?p=32414"},"modified":"2024-09-23T17:14:37","modified_gmt":"2024-09-23T15:14:37","slug":"ccoo-de-catalunya-comparteix-els-reptes-de-la-nova-consellera-de-salut-de-disminuir-el-temps-de-les-llistes-despera-quirurgiques-i-de-les-visites-a-primaria-pero-recorda-que-tot-passa-per-i","status":"publish","type":"post","link":"https:\/\/ccoo.app\/ics\/noticies\/ccoo-de-catalunya-comparteix-els-reptes-de-la-nova-consellera-de-salut-de-disminuir-el-temps-de-les-llistes-despera-quirurgiques-i-de-les-visites-a-primaria-pero-recorda-que-tot-passa-per-i\/","title":{"rendered":"CCOO de Catalunya comparteix els reptes de la nova consellera de Salut, de disminuir el temps de les llistes d\u2019espera quir\u00fargiques i de les visites a prim\u00e0ria, per\u00f2 recorda que tot passa per incrementar i millorar la contractaci\u00f3"},"content":{"rendered":"\n<p>Des de CCOO de Catalunya volem valorar les declaracions que va fer ahir la consellera de Salut, Olga Pan\u00e9, que va detallar els reptes d\u2019aquest mandat respecte de com hauria de ser el sistema p\u00fablic de salut. Entre d\u2019altres temes, va posar l\u2019\u00e8mfasi en el fet que cal una disminuci\u00f3 de llistes d\u2019espera quir\u00fargiques aix\u00ed com una disminuci\u00f3 del temps d\u2019espera, a un m\u00e0xim de 24 hores, a l\u2019atenci\u00f3 prim\u00e0ria de salut .<\/p>\n\n\n\n<p>Des de CCOO no podem estar m\u00e9s d\u2019acord amb aquesta disminuci\u00f3, ja que, en el cas de les llistes d\u2019espera, com m\u00e9s aviat se solventin els problemes de salut, millor qualitat de vida tindran les persones que se sotmeten a les cirurgies. En el cas de l\u2019atenci\u00f3 prim\u00e0ria, \u00e9s el que sempre hem dit: que si no hi ha una resposta satisfact\u00f2ria a les demandes de la poblaci\u00f3, necess\u00e0riament hi ha un increment de visites a les urg\u00e8ncies del nostre pa\u00eds, amb les situacions de col\u00b7lapse que ja estem acostumats a veure en determinades \u00e8poques.<\/p>\n\n\n\n<p>Ara b\u00e9, el que volem deixar clar \u00e9s que aquestes mesures, i qualsevol altra que serveixi per millorar la resposta i l\u2019atenci\u00f3 del nostre sistema p\u00fablic de salut, passen, necess\u00e0riament, per un increment de les plantilles i una millora de la contractaci\u00f3, i no per carregar, una vegada m\u00e9s, al personal de la sanitat, les defici\u00e8ncies pressupost\u00e0ries&nbsp; i\/o de gesti\u00f3 que fa molts anys que estan suportant.<\/p>\n","protected":false},"excerpt":{"rendered":"<p>Des de CCOO de Catalunya volem valorar les declaracions que va fer ahir la consellera de Salut, Olga Pan\u00e9, que va detallar els reptes d\u2019aquest mandat respecte de com hauria &#8230; <a title=\"CCOO de Catalunya comparteix els reptes de la nova consellera de Salut, de disminuir el temps de les llistes d\u2019espera quir\u00fargiques i de les visites a prim\u00e0ria, per\u00f2 recorda que tot passa per incrementar i millorar la contractaci\u00f3\" class=\"read-more\" href=\"https:\/\/ccoo.app\/ics\/noticies\/ccoo-de-catalunya-comparteix-els-reptes-de-la-nova-consellera-de-salut-de-disminuir-el-temps-de-les-llistes-despera-quirurgiques-i-de-les-visites-a-primaria-pero-recorda-que-tot-passa-per-i\/\" aria-label=\"M\u00e9s informaci\u00f3 sobre CCOO de Catalunya comparteix els reptes de la nova consellera de Salut, de disminuir el temps de les llistes d\u2019espera quir\u00fargiques i de les visites a prim\u00e0ria, per\u00f2 recorda que tot passa per incrementar i millorar la contractaci\u00f3\">Read more<\/a><\/p>\n","protected":false},"author":4386,"featured_media":32415,"comment_status":"closed","ping_status":"closed","sticky":false,"template":"","format":"standard","meta":{"footnotes":""},"categories":[1],"tags":[],"area":[],"class_list":["post-32414","post","type-post","status-publish","format-standard","has-post-thumbnail","hentry","category-noticies","generate-columns","tablet-grid-50","mobile-grid-100","grid-parent","grid-50"],"_links":{"self":[{"href":"https:\/\/ccoo.app\/ics\/wp-json\/wp\/v2\/posts\/32414","targetHints":{"allow":["GET"]}}],"collection":[{"href":"https:\/\/ccoo.app\/ics\/wp-json\/wp\/v2\/posts"}],"about":[{"href":"https:\/\/ccoo.app\/ics\/wp-json\/wp\/v2\/types\/post"}],"author":[{"embeddable":true,"href":"https:\/\/ccoo.app\/ics\/wp-json\/wp\/v2\/users\/4386"}],"replies":[{"embeddable":true,"href":"https:\/\/ccoo.app\/ics\/wp-json\/wp\/v2\/comments?post=32414"}],"version-history":[{"count":1,"href":"https:\/\/ccoo.app\/ics\/wp-json\/wp\/v2\/posts\/32414\/revisions"}],"predecessor-version":[{"id":32416,"href":"https:\/\/ccoo.app\/ics\/wp-json\/wp\/v2\/posts\/32414\/revisions\/32416"}],"wp:featuredmedia":[{"embeddable":true,"href":"https:\/\/ccoo.app\/ics\/wp-json\/wp\/v2\/media\/32415"}],"wp:attachment":[{"href":"https:\/\/ccoo.app\/ics\/wp-json\/wp\/v2\/media?parent=32414"}],"wp:term":[{"taxonomy":"category","embeddable":true,"href":"https:\/\/ccoo.app\/ics\/wp-json\/wp\/v2\/categories?post=32414"},{"taxonomy":"post_tag","embeddable":true,"href":"https:\/\/ccoo.app\/ics\/wp-json\/wp\/v2\/tags?post=32414"},{"taxonomy":"area","embeddable":true,"href":"https:\/\/ccoo.app\/ics\/wp-json\/wp\/v2\/area?post=32414"}],"curies":[{"name":"wp","href":"https:\/\/api.w.org\/{rel}","templated":true}]}}