{"id":32391,"date":"2024-09-10T09:30:31","date_gmt":"2024-09-10T07:30:31","guid":{"rendered":"https:\/\/ccoo.app\/ics\/?p=32391"},"modified":"2024-09-10T09:48:14","modified_gmt":"2024-09-10T07:48:14","slug":"ccoo-participara-dels-actes-de-la-diada-nacional-de-catalunya-2024","status":"publish","type":"post","link":"https:\/\/ccoo.app\/ics\/noticies\/ccoo-participara-dels-actes-de-la-diada-nacional-de-catalunya-2024\/","title":{"rendered":"CCOO participar\u00e0 dels actes de la Diada Nacional de Catalunya 2024"},"content":{"rendered":"\n<h3 class=\"wp-block-heading\">CCOO de Catalunya participar\u00e0, com cada any, en els&nbsp;<a href=\"https:\/\/www.ccoo.cat\/noticies\/ccoo-participara-dels-actes-de-la-diada-nacional-de-catalunya-2024\/#ofrenes-florals\">actes de la&nbsp;<\/a>Diada N<a href=\"https:\/\/www.ccoo.cat\/noticies\/ccoo-participara-dels-actes-de-la-diada-nacional-de-catalunya-2024\/#ofrenes-florals\">acional de Catalunya<\/a>, el pr\u00f2xim 11 de Setembre, i realitzar\u00e0 la tradicional&nbsp;<strong>ofrena floral al monument de Rafael Casanova de Barcelona<\/strong>, conjuntament amb la UGT. L\u2019acci\u00f3 tindr\u00e0 per objectiu demanar al Govern de la Generalitat pol\u00edtiques socials per millorar les condicions de vida de la gent que viu i treballa a Catalunya.<\/h3>\n\n\n\n<figure class=\"wp-block-image size-large\"><img loading=\"lazy\" decoding=\"async\" width=\"819\" height=\"1024\" src=\"https:\/\/ccoo.app\/ics\/wp-content\/blogs.dir\/6\/files\/sites\/200\/2024\/09\/disseny-Diada-4-2-819x1024.png\" alt=\"\" class=\"wp-image-32400\" srcset=\"https:\/\/ccoo.app\/ics\/wp-content\/blogs.dir\/6\/files\/sites\/200\/2024\/09\/disseny-Diada-4-2-819x1024.png 819w, https:\/\/ccoo.app\/ics\/wp-content\/blogs.dir\/6\/files\/sites\/200\/2024\/09\/disseny-Diada-4-2-240x300.png 240w, https:\/\/ccoo.app\/ics\/wp-content\/blogs.dir\/6\/files\/sites\/200\/2024\/09\/disseny-Diada-4-2-768x960.png 768w, https:\/\/ccoo.app\/ics\/wp-content\/blogs.dir\/6\/files\/sites\/200\/2024\/09\/disseny-Diada-4-2.png 1080w\" sizes=\"auto, (max-width: 819px) 100vw, 819px\" \/><\/figure>\n\n\n\n<p>CCOO de Catalunya participar\u00e0, com cada any, en els&nbsp;<a href=\"https:\/\/www.ccoo.cat\/noticies\/ccoo-participara-dels-actes-de-la-diada-nacional-de-catalunya-2024\/#ofrenes-florals\">actes de la&nbsp;<\/a>Diada N<a href=\"https:\/\/www.ccoo.cat\/noticies\/ccoo-participara-dels-actes-de-la-diada-nacional-de-catalunya-2024\/#ofrenes-florals\">acional de Catalunya<\/a>, el pr\u00f2xim 11 de Setembre, la convocat\u00f2ria de CCOO de Catalunya \u00e9s&nbsp;<strong>a les 8.30 hores, a la ronda de Sant Pere, n\u00famero 52, de Barcelona<\/strong>. Javier Pacheco, secretari general de CCOO de Catalunya, encap\u00e7alar\u00e0 la delegaci\u00f3 del sindicat.<\/p>\n\n\n\n<p>El mateix dia, el sindicat tamb\u00e9 participar\u00e0 en l\u2019acte d\u2019<strong>homenatge a Salvador Allende<\/strong>, a Barcelona, que consistir\u00e0 en una ofrena floral. Ser\u00e0&nbsp;<strong>a partir de les 10.30 hores a la pla\u00e7a de Salvador Allende, al barri del Carmel.<\/strong><\/p>\n\n\n\n<p>Igualment, CCOO participar\u00e0 tamb\u00e9 en altres actes convocats arreu de Catalunya amb motiu de la Diada.<\/p>\n\n\n\n<h2 class=\"wp-block-heading\">Ofrenes florals<\/h2>\n\n\n\n<h3 class=\"wp-block-heading\">10 de setembre<\/h3>\n\n\n\n<p><strong>El Prat de Llobregat<\/strong><br>Hora: 20\u202fh<br>Lloc: pla\u00e7a del Mestre Estalella<\/p>\n\n\n\n<p><strong>Vic<br><\/strong>Hora: 20\u202fh<br>Lloc: pla\u00e7a de Bac de Roda<\/p>\n\n\n\n<p><strong>Vilafranca del Pened\u00e8s<\/strong><br>Hora: 20\u202fh<br>Lloc: pla\u00e7a de la Vila (Sal\u00f3 de l\u2019Ajuntament)<br>Hora: 21\u202fh<br>Lloc: pla\u00e7a dels Pa\u00efsos Catalans<\/p>\n\n\n\n<h3 class=\"wp-block-heading\">11 de setembre<\/h3>\n\n\n\n<p><strong>Barcelona<\/strong><br>Hora: 8.30\u202fh<br>Lloc: ronda de Sant Pere, 52<\/p>\n\n\n\n<p><strong>Berga<\/strong><br>Hora: 9.45h<br>Lloc: Monument de Rafael Casanova, parc del Pla de l\u2019Alemany<\/p>\n\n\n\n<p><strong>Cornell\u00e0 de Llobregat<\/strong><br>Hora: 11.30 h<br>Lloc: pla\u00e7a de l\u2019Esgl\u00e9sia<\/p>\n\n\n\n<p><strong>Granollers<\/strong><br>Hora: 11 h<br>Lloc: pla\u00e7a de l\u201911 de Setembre<\/p>\n\n\n\n<p><strong>Lleida<\/strong><br>Hora: 9.45 h<br>Lloc: El Roser (c. de Cavallers, 15)<\/p>\n\n\n\n<p><strong>Manresa<\/strong><br>Hora: 11 h<br>Lloc: pla\u00e7a de l\u2019Onze de Setembre<\/p>\n\n\n\n<p><strong>Matar\u00f3<\/strong><br>Hora: 10.30 h<br>Lloc: pla\u00e7a de Rafael Casanova<\/p>\n\n\n\n<p><strong>Moi\u00e0<br><\/strong>Hora: 12.30 h<br>Lloc: Monument de Rafael Casanova (pla\u00e7a de l\u2019Hospital)<\/p>\n\n\n\n<p><strong>Mollet<\/strong><br>Hora: 12 h<br>Lloc: avinguda de Rafael Casanova<\/p>\n\n\n\n<p><strong>Rub\u00ed<\/strong><br>Hora: 9.30 h<br>Lloc: pla\u00e7a de l\u2019Onze de Setembre<\/p>\n\n\n\n<p><strong>Sabadell<\/strong><br>Hora: 10 h<br>Lloc: eix Maci\u00e0, davant del pont del Llac del Parc de Catalunya<\/p>\n\n\n\n<p><strong>Sant Boi de Llobregat<\/strong><br>Hora: 10 h<br>Lloc: Esgl\u00e9sia de Sant Baldiri<\/p>\n\n\n\n<p><strong>Tarragona<\/strong><br>Hora: 10 h<br>Lloc: passeig Mar\u00edtim (Rafael Casanova)<\/p>\n\n\n\n<p>Hora: 11.30 h<br>Lloc: Jardins del Camp de Mart (Salvador Allende)<\/p>\n\n\n\n<p><strong>Terrassa<\/strong><br>Hora: 10 h<br>Lloc: pla\u00e7a de l\u2019Onze de Setembre<\/p>\n\n\n\n<p><strong>Vilanova i la Geltr\u00fa<\/strong><br>Hora: 12 h<br>Lloc: rambla de la Pau, 111<\/p>\n","protected":false},"excerpt":{"rendered":"<p>CCOO de Catalunya participar\u00e0, com cada any, en els&nbsp;actes de la&nbsp;Diada Nacional de Catalunya, el pr\u00f2xim 11 de Setembre, i realitzar\u00e0 la tradicional&nbsp;ofrena floral al monument de Rafael Casanova de &#8230; <a title=\"CCOO participar\u00e0 dels actes de la Diada Nacional de Catalunya 2024\" class=\"read-more\" href=\"https:\/\/ccoo.app\/ics\/noticies\/ccoo-participara-dels-actes-de-la-diada-nacional-de-catalunya-2024\/\" aria-label=\"M\u00e9s informaci\u00f3 sobre CCOO participar\u00e0 dels actes de la Diada Nacional de Catalunya 2024\">Read more<\/a><\/p>\n","protected":false},"author":4386,"featured_media":32398,"comment_status":"closed","ping_status":"closed","sticky":false,"template":"","format":"standard","meta":{"footnotes":""},"categories":[13,1],"tags":[],"area":[],"class_list":["post-32391","post","type-post","status-publish","format-standard","has-post-thumbnail","hentry","category-accions-sindicals","category-noticies","generate-columns","tablet-grid-50","mobile-grid-100","grid-parent","grid-50"],"_links":{"self":[{"href":"https:\/\/ccoo.app\/ics\/wp-json\/wp\/v2\/posts\/32391","targetHints":{"allow":["GET"]}}],"collection":[{"href":"https:\/\/ccoo.app\/ics\/wp-json\/wp\/v2\/posts"}],"about":[{"href":"https:\/\/ccoo.app\/ics\/wp-json\/wp\/v2\/types\/post"}],"author":[{"embeddable":true,"href":"https:\/\/ccoo.app\/ics\/wp-json\/wp\/v2\/users\/4386"}],"replies":[{"embeddable":true,"href":"https:\/\/ccoo.app\/ics\/wp-json\/wp\/v2\/comments?post=32391"}],"version-history":[{"count":2,"href":"https:\/\/ccoo.app\/ics\/wp-json\/wp\/v2\/posts\/32391\/revisions"}],"predecessor-version":[{"id":32401,"href":"https:\/\/ccoo.app\/ics\/wp-json\/wp\/v2\/posts\/32391\/revisions\/32401"}],"wp:featuredmedia":[{"embeddable":true,"href":"https:\/\/ccoo.app\/ics\/wp-json\/wp\/v2\/media\/32398"}],"wp:attachment":[{"href":"https:\/\/ccoo.app\/ics\/wp-json\/wp\/v2\/media?parent=32391"}],"wp:term":[{"taxonomy":"category","embeddable":true,"href":"https:\/\/ccoo.app\/ics\/wp-json\/wp\/v2\/categories?post=32391"},{"taxonomy":"post_tag","embeddable":true,"href":"https:\/\/ccoo.app\/ics\/wp-json\/wp\/v2\/tags?post=32391"},{"taxonomy":"area","embeddable":true,"href":"https:\/\/ccoo.app\/ics\/wp-json\/wp\/v2\/area?post=32391"}],"curies":[{"name":"wp","href":"https:\/\/api.w.org\/{rel}","templated":true}]}}