{"id":32382,"date":"2024-06-22T09:56:31","date_gmt":"2024-06-22T07:56:31","guid":{"rendered":"https:\/\/ccoo.app\/ics\/?p=32382"},"modified":"2024-07-18T10:03:58","modified_gmt":"2024-07-18T08:03:58","slug":"exposicio-laboral-a-la-calor-estres-termic-i-incomoditat-termica","status":"publish","type":"post","link":"https:\/\/ccoo.app\/ics\/noticies\/exposicio-laboral-a-la-calor-estres-termic-i-incomoditat-termica\/","title":{"rendered":"Exposici\u00f3 laboral a la calor: estr\u00e8s t\u00e8rmic i incomoditat t\u00e8rmica"},"content":{"rendered":"\n<h3 class=\"wp-block-heading\">Treballar amb calor pot posar en perill la salut i la seguretat de les persones treballadores.<\/h3>\n\n\n\n<p><strong>Confort t\u00e8rmic:<\/strong>&nbsp;satisfacci\u00f3 experimentada en relaci\u00f3 amb les condicions t\u00e8rmiques de l\u2019ambient. Dep\u00e8n de percepcions individuals i pot produir una incomoditat en les persones treballadores, repercutint en la seguretat i la salut<\/p>\n\n\n\n<p><strong>Estr\u00e8s t\u00e8rmic:\u00a0<\/strong>exposici\u00f3 a condicions ambientals extremes que comporten l\u2019acumulaci\u00f3 excessiva de calor o de fred al cos. Desencadena un conjunt d\u2019alteracions a l\u2019organisme que poden produir danys molt greus a la salut i, fins i tot, causar la mort.<\/p>\n\n\n\n<h2 class=\"wp-block-heading\"><strong>El risc comen\u00e7a amb temperatures superiors a 27 \u00b0C<\/strong><\/h2>\n\n\n\n<p>Par\u00e0metres legals per a les condicions ambientals (RD 486\/1997)<\/p>\n\n\n\n<p><strong>Temperatura a locals tancats<\/strong><\/p>\n\n\n\n<p>Treballs sedentaris (oficines o similars): 17 \u00b0C- 27 \u00b0C<br>Treballs lleugers: 14 \u00baC-25 \u00baC<\/p>\n\n\n\n<p>Tant la incomoditat t\u00e8rmica com l\u2019estr\u00e8s t\u00e8rmic es poden produir en interiors i exteriors.<\/p>\n\n\n\n<p>Cal posar atenci\u00f3 a les situacions que per temperatura ambiental semblen una incomoditat ja que la combinaci\u00f3 amb altres par\u00e0metres (ambientals, feina) les converteixen en estr\u00e8s t\u00e8rmic.<\/p>\n\n\n\n<p>Mesures preventives<\/p>\n\n\n\n<ul class=\"wp-block-list\">\n<li>Equips de climatitzaci\u00f3 i de renovaci\u00f3 de l\u2019aire funcionant \u00f2ptimament, a\u00efllament\u00a0 t\u00e8rmic, cortines d\u2019aire, etc.\u00a0\u00a0\u00a0\u00a0\u00a0\u00a0\u00a0\u00a0\u00a0\u00a0\u00a0<\/li>\n\n\n\n<li>Organitzaci\u00f3: planificar treballs reduint l\u2019exposici\u00f3 al risc (horaris, ritme de treball adequat, pauses i descansos, tasques de m\u00e9s intensitat f\u00edsica en les hores de menys calor, evitar treball solitari, etc.).\u00a0\u00a0\u00a0\u00a0\u00a0\u00a0\u00a0\u00a0\u00a0\u00a0\u00a0<\/li>\n\n\n\n<li>Protecci\u00f3 individual: roba transpirable, gorres, ulleres de sol, zones a l\u2019ombra o refrigerades per descansar, protecci\u00f3 solar,\u00a0\u00a0aigua potable, etc.\u00a0\u00a0\u00a0\u00a0\u00a0\u00a0\u00a0\u00a0\u00a0\u00a0\u00a0<\/li>\n\n\n\n<li>Protecci\u00f3 per les persones especialment sensibles a l\u2019exposici\u00f3 a temperatures elevades (problemes cardiovasculars, respiratoris, diabetis, embarassades, etc.).\u00a0\u00a0\u00a0\u00a0\u00a0\u00a0\u00a0\u00a0\u00a0\u00a0\u00a0<\/li>\n\n\n\n<li>Protocol de mesures d\u2019emerg\u00e8ncia i primers auxilis.\u00a0<\/li>\n\n\n\n<li>Formaci\u00f3 i informaci\u00f3 per a les persones treballadores sobre els riscos i prevenci\u00f3.<\/li>\n<\/ul>\n\n\n\n<p>Fes clic per descarregar en PDF la p\u00edndola informativa sobre l\u2019<a href=\"https:\/\/www.ccoo.cat\/wp-content\/uploads\/2022\/06\/pindola-estres-termic.pdf\">\u201cExposici\u00f3 laboral a la calor: estr\u00e8s t\u00e8rmic i incomoditat t\u00e8rmica\u201d (en catal\u00e0)<\/a>\u00a0<\/p>\n\n\n\n<h2 class=\"wp-block-heading\">Si tens dubtes, contacta amb els teus delegats i delegades de CCOO o&nbsp;<a href=\"https:\/\/ccoo.cat\/contacta\/\">consulta\u2019ns<\/a>.<\/h2>\n\n\n\n<div data-wp-interactive=\"core\/file\" class=\"wp-block-file\"><object data-wp-bind--hidden=\"!state.hasPdfPreview\" hidden class=\"wp-block-file__embed\" data=\"https:\/\/ccoo.app\/ics\/wp-content\/blogs.dir\/6\/files\/sites\/200\/2024\/07\/Exposicio-laboral-a-la-calor.pdf\" type=\"application\/pdf\" style=\"width:100%;height:600px\" aria-label=\"Incrustaci\u00f3 del fitxer Exposicio-laboral-a-la-calor.\"><\/object><a id=\"wp-block-file--media-f52b9b97-d806-46b3-b8e1-1c20592eae87\" href=\"https:\/\/ccoo.app\/ics\/wp-content\/blogs.dir\/6\/files\/sites\/200\/2024\/07\/Exposicio-laboral-a-la-calor.pdf\">Exposicio-laboral-a-la-calor<\/a><a href=\"https:\/\/ccoo.app\/ics\/wp-content\/blogs.dir\/6\/files\/sites\/200\/2024\/07\/Exposicio-laboral-a-la-calor.pdf\" class=\"wp-block-file__button wp-element-button\" download aria-describedby=\"wp-block-file--media-f52b9b97-d806-46b3-b8e1-1c20592eae87\">Baixa<\/a><\/div>\n\n\n\n<figure class=\"wp-block-image\"><img decoding=\"async\" src=\"https:\/\/www.ccoo.cat\/wp-content\/uploads\/2022\/06\/pindola-estres-termic-1.jpg\" alt=\"Pindola Estres Termic 1\" \/><\/figure>\n\n\n\n<figure class=\"wp-block-image\"><img decoding=\"async\" src=\"https:\/\/www.ccoo.cat\/wp-content\/uploads\/2022\/06\/pindola-estres-termic-2.jpg\" alt=\"Pindola Estres Termic 2\" \/><\/figure>\n\n\n\n<figure class=\"wp-block-image\"><img decoding=\"async\" src=\"https:\/\/www.ccoo.cat\/wp-content\/uploads\/2022\/06\/pindola-estres-termic-3.jpg\" alt=\"Pindola Estres Termic 3\" \/><\/figure>\n\n\n\n<figure class=\"wp-block-image\"><img decoding=\"async\" src=\"https:\/\/www.ccoo.cat\/wp-content\/uploads\/2022\/06\/pindola-estres-termic-4-v2.jpg\" alt=\"Pindola Estres Termic 4 V2\" \/><\/figure>\n\n\n\n<p><\/p>\n","protected":false},"excerpt":{"rendered":"<p>Treballar amb calor pot posar en perill la salut i la seguretat de les persones treballadores. Confort t\u00e8rmic:&nbsp;satisfacci\u00f3 experimentada en relaci\u00f3 amb les condicions t\u00e8rmiques de l\u2019ambient. Dep\u00e8n de percepcions &#8230; <a title=\"Exposici\u00f3 laboral a la calor: estr\u00e8s t\u00e8rmic i incomoditat t\u00e8rmica\" class=\"read-more\" href=\"https:\/\/ccoo.app\/ics\/noticies\/exposicio-laboral-a-la-calor-estres-termic-i-incomoditat-termica\/\" aria-label=\"M\u00e9s informaci\u00f3 sobre Exposici\u00f3 laboral a la calor: estr\u00e8s t\u00e8rmic i incomoditat t\u00e8rmica\">Read more<\/a><\/p>\n","protected":false},"author":4386,"featured_media":32384,"comment_status":"closed","ping_status":"closed","sticky":false,"template":"","format":"standard","meta":{"footnotes":""},"categories":[1,8],"tags":[],"area":[],"class_list":["post-32382","post","type-post","status-publish","format-standard","has-post-thumbnail","hentry","category-noticies","category-salut-laboral","generate-columns","tablet-grid-50","mobile-grid-100","grid-parent","grid-50"],"_links":{"self":[{"href":"https:\/\/ccoo.app\/ics\/wp-json\/wp\/v2\/posts\/32382","targetHints":{"allow":["GET"]}}],"collection":[{"href":"https:\/\/ccoo.app\/ics\/wp-json\/wp\/v2\/posts"}],"about":[{"href":"https:\/\/ccoo.app\/ics\/wp-json\/wp\/v2\/types\/post"}],"author":[{"embeddable":true,"href":"https:\/\/ccoo.app\/ics\/wp-json\/wp\/v2\/users\/4386"}],"replies":[{"embeddable":true,"href":"https:\/\/ccoo.app\/ics\/wp-json\/wp\/v2\/comments?post=32382"}],"version-history":[{"count":1,"href":"https:\/\/ccoo.app\/ics\/wp-json\/wp\/v2\/posts\/32382\/revisions"}],"predecessor-version":[{"id":32385,"href":"https:\/\/ccoo.app\/ics\/wp-json\/wp\/v2\/posts\/32382\/revisions\/32385"}],"wp:featuredmedia":[{"embeddable":true,"href":"https:\/\/ccoo.app\/ics\/wp-json\/wp\/v2\/media\/32384"}],"wp:attachment":[{"href":"https:\/\/ccoo.app\/ics\/wp-json\/wp\/v2\/media?parent=32382"}],"wp:term":[{"taxonomy":"category","embeddable":true,"href":"https:\/\/ccoo.app\/ics\/wp-json\/wp\/v2\/categories?post=32382"},{"taxonomy":"post_tag","embeddable":true,"href":"https:\/\/ccoo.app\/ics\/wp-json\/wp\/v2\/tags?post=32382"},{"taxonomy":"area","embeddable":true,"href":"https:\/\/ccoo.app\/ics\/wp-json\/wp\/v2\/area?post=32382"}],"curies":[{"name":"wp","href":"https:\/\/api.w.org\/{rel}","templated":true}]}}