{"id":32357,"date":"2024-06-21T12:32:48","date_gmt":"2024-06-21T10:32:48","guid":{"rendered":"https:\/\/ccoo.app\/ics\/?p=32357"},"modified":"2024-06-22T12:34:53","modified_gmt":"2024-06-22T10:34:53","slug":"ccoo-celebra-el-dia-de-les-nacions-unides-per-a-ladministracio-publica-i-reclama-estabilitat-politica-i-un-financament-suficient-per-als-serveis-publics","status":"publish","type":"post","link":"https:\/\/ccoo.app\/ics\/noticies\/ccoo-celebra-el-dia-de-les-nacions-unides-per-a-ladministracio-publica-i-reclama-estabilitat-politica-i-un-financament-suficient-per-als-serveis-publics\/","title":{"rendered":"CCOO celebra el Dia de les Nacions Unides per a l\u2019Administraci\u00f3 P\u00fablica i reclama estabilitat pol\u00edtica i un finan\u00e7ament suficient per als serveis p\u00fablics"},"content":{"rendered":"\n<h3 class=\"wp-block-heading\">El 23 de juny \u00e9s el Dia de les Nacions Unides per a l\u2019Administraci\u00f3 P\u00fablica, una jornada establerta per l\u2019Assemblea General de les Nacions Unides el 20 de desembre del 2002, a trav\u00e9s de la resoluci\u00f3 57\/277. Per commemorar aquesta data i valorar els serveis p\u00fablics, CCOO va celebrar ahir un acte amb m\u00e9s d\u2019un centenar de delegats i delegades del sector.<\/h3>\n\n\n\n<p>Per a CCOO, com a sindicat de classe, sociopol\u00edtic i feminista, la igualtat, especialment la de g\u00e8nere, i la cohesi\u00f3 social i territorial s\u00f3n objectius prioritaris. En aquest sentit, CCOO reclama un nou model de drets socials de ciutadania, de car\u00e0cter universal, basat en la garantia de drets i la cobertura de necessitats al llarg de la vida. Aquest model ha de situar les persones i les comunitats com a subjectes actius i protagonistes de les seves vides.<\/p>\n\n\n\n<p>Els serveis p\u00fablics s\u00f3n l\u2019eina essencial per a la defensa dels drets de ciutadania. S\u00f3n la garantia d\u2019una societat m\u00e9s igualit\u00e0ria, m\u00e9s democr\u00e0tica i m\u00e9s sostenible, i un element fonamental en la redistribuci\u00f3 de la riquesa. Uns serveis p\u00fablics de qualitat requereixen d\u2019unes plantilles estables, adaptades a les necessitats reals, i amb condicions de treball dignes. Per aix\u00f2, recuperar els est\u00e0ndards de qualitat en l\u2019ocupaci\u00f3, els salaris i la resta de condicions de treball s\u00f3n objectius prioritaris del sindicat.<\/p>\n\n\n\n<p>A m\u00e9s, es necessiten plans d\u2019ocupaci\u00f3 espec\u00edfics per fer front a l\u2019envelliment de les plantilles i afavorir la necess\u00e0ria transici\u00f3 generacional. CCOO aposta per posar fi a la taxa de reposici\u00f3 i adaptar les plantilles a les noves realitats i demandes. Tamb\u00e9 promou la gesti\u00f3 directa, revertir les tend\u00e8ncies mercantilitzadores i recuperar els serveis externalitzats per evitar que empreses privades i altres entitats facin negoci amb els serveis p\u00fablics.<\/p>\n\n\n\n<p>Tot aix\u00f2 nom\u00e9s ser\u00e0 possible si el finan\u00e7ament dels serveis p\u00fablics \u00e9s suficient. Espanya i Catalunya es troben per sota de la mitjana europea en despesa social i molt lluny dels est\u00e0ndards recomanats per l\u2019ONU. Per aquest motiu, reclamem una estabilitat pol\u00edtica que permeti desenvolupar i finan\u00e7ar aquests reptes que afronten en aquests moments els serveis p\u00fablics.<\/p>\n\n\n\n<div data-wp-interactive=\"core\/file\" class=\"wp-block-file\"><object data-wp-bind--hidden=\"!state.hasPdfPreview\" hidden class=\"wp-block-file__embed\" data=\"https:\/\/ccoo.app\/ics\/wp-content\/blogs.dir\/6\/files\/sites\/200\/2024\/06\/manifest-dia-admon-publica-23062024-1.pdf\" type=\"application\/pdf\" style=\"width:100%;height:600px\" aria-label=\"Incrustaci\u00f3 del fitxer manifest-dia-admon-publica-23062024-1.\"><\/object><a id=\"wp-block-file--media-109cd5fe-31e1-467a-acf6-9621b0bef313\" href=\"https:\/\/ccoo.app\/ics\/wp-content\/blogs.dir\/6\/files\/sites\/200\/2024\/06\/manifest-dia-admon-publica-23062024-1.pdf\">manifest-dia-admon-publica-23062024-1<\/a><a href=\"https:\/\/ccoo.app\/ics\/wp-content\/blogs.dir\/6\/files\/sites\/200\/2024\/06\/manifest-dia-admon-publica-23062024-1.pdf\" class=\"wp-block-file__button wp-element-button\" download aria-describedby=\"wp-block-file--media-109cd5fe-31e1-467a-acf6-9621b0bef313\">Baixa<\/a><\/div>\n","protected":false},"excerpt":{"rendered":"<p>El 23 de juny \u00e9s el Dia de les Nacions Unides per a l\u2019Administraci\u00f3 P\u00fablica, una jornada establerta per l\u2019Assemblea General de les Nacions Unides el 20 de desembre del &#8230; <a title=\"CCOO celebra el Dia de les Nacions Unides per a l\u2019Administraci\u00f3 P\u00fablica i reclama estabilitat pol\u00edtica i un finan\u00e7ament suficient per als serveis p\u00fablics\" class=\"read-more\" href=\"https:\/\/ccoo.app\/ics\/noticies\/ccoo-celebra-el-dia-de-les-nacions-unides-per-a-ladministracio-publica-i-reclama-estabilitat-politica-i-un-financament-suficient-per-als-serveis-publics\/\" aria-label=\"M\u00e9s informaci\u00f3 sobre CCOO celebra el Dia de les Nacions Unides per a l\u2019Administraci\u00f3 P\u00fablica i reclama estabilitat pol\u00edtica i un finan\u00e7ament suficient per als serveis p\u00fablics\">Read more<\/a><\/p>\n","protected":false},"author":4386,"featured_media":32359,"comment_status":"closed","ping_status":"closed","sticky":false,"template":"","format":"standard","meta":{"footnotes":""},"categories":[10,1],"tags":[],"area":[],"class_list":["post-32357","post","type-post","status-publish","format-standard","has-post-thumbnail","hentry","category-comunicats","category-noticies","generate-columns","tablet-grid-50","mobile-grid-100","grid-parent","grid-50"],"_links":{"self":[{"href":"https:\/\/ccoo.app\/ics\/wp-json\/wp\/v2\/posts\/32357","targetHints":{"allow":["GET"]}}],"collection":[{"href":"https:\/\/ccoo.app\/ics\/wp-json\/wp\/v2\/posts"}],"about":[{"href":"https:\/\/ccoo.app\/ics\/wp-json\/wp\/v2\/types\/post"}],"author":[{"embeddable":true,"href":"https:\/\/ccoo.app\/ics\/wp-json\/wp\/v2\/users\/4386"}],"replies":[{"embeddable":true,"href":"https:\/\/ccoo.app\/ics\/wp-json\/wp\/v2\/comments?post=32357"}],"version-history":[{"count":1,"href":"https:\/\/ccoo.app\/ics\/wp-json\/wp\/v2\/posts\/32357\/revisions"}],"predecessor-version":[{"id":32360,"href":"https:\/\/ccoo.app\/ics\/wp-json\/wp\/v2\/posts\/32357\/revisions\/32360"}],"wp:featuredmedia":[{"embeddable":true,"href":"https:\/\/ccoo.app\/ics\/wp-json\/wp\/v2\/media\/32359"}],"wp:attachment":[{"href":"https:\/\/ccoo.app\/ics\/wp-json\/wp\/v2\/media?parent=32357"}],"wp:term":[{"taxonomy":"category","embeddable":true,"href":"https:\/\/ccoo.app\/ics\/wp-json\/wp\/v2\/categories?post=32357"},{"taxonomy":"post_tag","embeddable":true,"href":"https:\/\/ccoo.app\/ics\/wp-json\/wp\/v2\/tags?post=32357"},{"taxonomy":"area","embeddable":true,"href":"https:\/\/ccoo.app\/ics\/wp-json\/wp\/v2\/area?post=32357"}],"curies":[{"name":"wp","href":"https:\/\/api.w.org\/{rel}","templated":true}]}}