{"id":32351,"date":"2024-06-20T12:20:01","date_gmt":"2024-06-20T10:20:01","guid":{"rendered":"https:\/\/ccoo.app\/ics\/?p=32351"},"modified":"2024-06-22T12:31:40","modified_gmt":"2024-06-22T10:31:40","slug":"assemblea-de-delegats-i-delegades-dels-sectors-publics-de-ccoo","status":"publish","type":"post","link":"https:\/\/ccoo.app\/ics\/noticies\/assemblea-de-delegats-i-delegades-dels-sectors-publics-de-ccoo\/","title":{"rendered":"Assemblea de delegats i delegades dels sectors p\u00fablics de CCOO"},"content":{"rendered":"\n<p>L\u2019estabilitzaci\u00f3 a les administracions catalanes<br>La Llei de la funci\u00f3 p\u00fablica de Catalunya<br>El manifest per al Dia Mundial dels Serveis P\u00fablics<br>La nostra aposta pels drets de ciutadania a Catalunya<br>Tancament de l\u2019acte a c\u00e0rrec de Javier Pacheco, secretari general de CCOO de Catalunya<\/p>\n\n\n\n<div data-wp-interactive=\"core\/file\" class=\"wp-block-file\"><object data-wp-bind--hidden=\"!state.hasPdfPreview\" hidden class=\"wp-block-file__embed\" data=\"https:\/\/ccoo.app\/ics\/wp-content\/blogs.dir\/6\/files\/sites\/200\/2024\/06\/manifest-dia-admon-publica-23062024.pdf\" type=\"application\/pdf\" style=\"width:100%;height:600px\" aria-label=\"Incrustaci\u00f3 del fitxer manifest-dia-admon-publica-23062024.\"><\/object><a id=\"wp-block-file--media-81aa5cb9-4bfa-41df-a720-cf5a46b61154\" href=\"https:\/\/ccoo.app\/ics\/wp-content\/blogs.dir\/6\/files\/sites\/200\/2024\/06\/manifest-dia-admon-publica-23062024.pdf\">manifest-dia-admon-publica-23062024<\/a><a href=\"https:\/\/ccoo.app\/ics\/wp-content\/blogs.dir\/6\/files\/sites\/200\/2024\/06\/manifest-dia-admon-publica-23062024.pdf\" class=\"wp-block-file__button wp-element-button\" download aria-describedby=\"wp-block-file--media-81aa5cb9-4bfa-41df-a720-cf5a46b61154\">Baixa<\/a><\/div>\n\n\n\n<div data-wp-interactive=\"core\/file\" class=\"wp-block-file\"><object data-wp-bind--hidden=\"!state.hasPdfPreview\" hidden class=\"wp-block-file__embed\" data=\"https:\/\/ccoo.app\/ics\/wp-content\/blogs.dir\/6\/files\/sites\/200\/2024\/06\/assemblea-sectors-publics-20062024-1-1.pdf\" type=\"application\/pdf\" style=\"width:100%;height:600px\" aria-label=\"Incrustaci\u00f3 del fitxer assemblea-sectors-publics-20062024-1-1.\"><\/object><a id=\"wp-block-file--media-fff974ab-7383-4d66-a66e-a8e2eac5f8f4\" href=\"https:\/\/ccoo.app\/ics\/wp-content\/blogs.dir\/6\/files\/sites\/200\/2024\/06\/assemblea-sectors-publics-20062024-1-1.pdf\">assemblea-sectors-publics-20062024-1-1<\/a><a href=\"https:\/\/ccoo.app\/ics\/wp-content\/blogs.dir\/6\/files\/sites\/200\/2024\/06\/assemblea-sectors-publics-20062024-1-1.pdf\" class=\"wp-block-file__button wp-element-button\" download aria-describedby=\"wp-block-file--media-fff974ab-7383-4d66-a66e-a8e2eac5f8f4\">Baixa<\/a><\/div>\n","protected":false},"excerpt":{"rendered":"<p>L\u2019estabilitzaci\u00f3 a les administracions catalanesLa Llei de la funci\u00f3 p\u00fablica de CatalunyaEl manifest per al Dia Mundial dels Serveis P\u00fablicsLa nostra aposta pels drets de ciutadania a CatalunyaTancament de l\u2019acte &#8230; <a title=\"Assemblea de delegats i delegades dels sectors p\u00fablics de CCOO\" class=\"read-more\" href=\"https:\/\/ccoo.app\/ics\/noticies\/assemblea-de-delegats-i-delegades-dels-sectors-publics-de-ccoo\/\" aria-label=\"M\u00e9s informaci\u00f3 sobre Assemblea de delegats i delegades dels sectors p\u00fablics de CCOO\">Read more<\/a><\/p>\n","protected":false},"author":4386,"featured_media":32356,"comment_status":"closed","ping_status":"closed","sticky":false,"template":"","format":"standard","meta":{"footnotes":""},"categories":[1],"tags":[],"area":[],"class_list":["post-32351","post","type-post","status-publish","format-standard","has-post-thumbnail","hentry","category-noticies","generate-columns","tablet-grid-50","mobile-grid-100","grid-parent","grid-50"],"_links":{"self":[{"href":"https:\/\/ccoo.app\/ics\/wp-json\/wp\/v2\/posts\/32351","targetHints":{"allow":["GET"]}}],"collection":[{"href":"https:\/\/ccoo.app\/ics\/wp-json\/wp\/v2\/posts"}],"about":[{"href":"https:\/\/ccoo.app\/ics\/wp-json\/wp\/v2\/types\/post"}],"author":[{"embeddable":true,"href":"https:\/\/ccoo.app\/ics\/wp-json\/wp\/v2\/users\/4386"}],"replies":[{"embeddable":true,"href":"https:\/\/ccoo.app\/ics\/wp-json\/wp\/v2\/comments?post=32351"}],"version-history":[{"count":1,"href":"https:\/\/ccoo.app\/ics\/wp-json\/wp\/v2\/posts\/32351\/revisions"}],"predecessor-version":[{"id":32354,"href":"https:\/\/ccoo.app\/ics\/wp-json\/wp\/v2\/posts\/32351\/revisions\/32354"}],"wp:featuredmedia":[{"embeddable":true,"href":"https:\/\/ccoo.app\/ics\/wp-json\/wp\/v2\/media\/32356"}],"wp:attachment":[{"href":"https:\/\/ccoo.app\/ics\/wp-json\/wp\/v2\/media?parent=32351"}],"wp:term":[{"taxonomy":"category","embeddable":true,"href":"https:\/\/ccoo.app\/ics\/wp-json\/wp\/v2\/categories?post=32351"},{"taxonomy":"post_tag","embeddable":true,"href":"https:\/\/ccoo.app\/ics\/wp-json\/wp\/v2\/tags?post=32351"},{"taxonomy":"area","embeddable":true,"href":"https:\/\/ccoo.app\/ics\/wp-json\/wp\/v2\/area?post=32351"}],"curies":[{"name":"wp","href":"https:\/\/api.w.org\/{rel}","templated":true}]}}