{"id":32345,"date":"2024-06-06T12:07:31","date_gmt":"2024-06-06T10:07:31","guid":{"rendered":"https:\/\/ccoo.app\/ics\/?p=32345"},"modified":"2024-06-22T12:10:37","modified_gmt":"2024-06-22T10:10:37","slug":"ccoo-de-catalunya-exigeix-la-retirada-immediata-del-tancament-de-quirofans-i-llits-dels-diferents-hospitals-de-catalunya","status":"publish","type":"post","link":"https:\/\/ccoo.app\/ics\/noticies\/ccoo-de-catalunya-exigeix-la-retirada-immediata-del-tancament-de-quirofans-i-llits-dels-diferents-hospitals-de-catalunya\/","title":{"rendered":"CCOO de Catalunya exigeix la retirada immediata del tancament de quir\u00f2fans i llits dels diferents hospitals de Catalunya"},"content":{"rendered":"\n<h3 class=\"wp-block-heading\">La Federaci\u00f3 de Sanitat de CCOO de Catalunya reclama al Departament de Salut i al Govern de la Generalitat de Catalunya que facin marxa enrere en la decisi\u00f3 d\u2019aplicar retallades a diferents hospitals i serveis d\u2019atenci\u00f3 prim\u00e0ria del nostre pa\u00eds.<\/h3>\n\n\n\n<p>Despr\u00e9s de l\u2019anunci ahir de noves retallades a la Vall d\u2019Hebron, l\u2019hospital m\u00e9s gran de Catalunya, que suposen el tancament de 272 llits i el 90 % de l\u2019activitat quir\u00fargica programada durant els mesos d\u2019estiu, des de CCOO volem manifestar la nostra total disconformitat amb aquesta mesura, i tamb\u00e9 amb la resta de retallades que s\u2019han anunciat a d\u2019altres hospitals i serveis d\u2019atenci\u00f3 prim\u00e0ria de Barcelona.<\/p>\n\n\n\n<p>Des de CCOO considerem que la ciutadania i el personal que treballa a la sanitat no es poden veure afectats per la manca d\u2019aprovaci\u00f3 dels pressupostos del 2024. Recordem que la salut \u00e9s un b\u00e9 essencial i caldria demanar els cr\u00e8dits necessaris per mantenir una assist\u00e8ncia sanit\u00e0ria \u00f2ptima.<\/p>\n\n\n\n<p>Per acabar, volem remarcar tamb\u00e9 que les llistes d\u2019espera del nostre pa\u00eds s\u00f3n molt llargues, i m\u00e9s despr\u00e9s que s\u2019hagin vist incrementades amb la pand\u00e8mia de la COVID-19.<\/p>\n\n\n\n<p>Per tot plegat, exigim la retirada immediata de totes aquestes mesures!<\/p>\n","protected":false},"excerpt":{"rendered":"<p>La Federaci\u00f3 de Sanitat de CCOO de Catalunya reclama al Departament de Salut i al Govern de la Generalitat de Catalunya que facin marxa enrere en la decisi\u00f3 d\u2019aplicar retallades &#8230; <a title=\"CCOO de Catalunya exigeix la retirada immediata del tancament de quir\u00f2fans i llits dels diferents hospitals de Catalunya\" class=\"read-more\" href=\"https:\/\/ccoo.app\/ics\/noticies\/ccoo-de-catalunya-exigeix-la-retirada-immediata-del-tancament-de-quirofans-i-llits-dels-diferents-hospitals-de-catalunya\/\" aria-label=\"M\u00e9s informaci\u00f3 sobre CCOO de Catalunya exigeix la retirada immediata del tancament de quir\u00f2fans i llits dels diferents hospitals de Catalunya\">Read more<\/a><\/p>\n","protected":false},"author":4386,"featured_media":32346,"comment_status":"closed","ping_status":"closed","sticky":false,"template":"","format":"standard","meta":{"footnotes":""},"categories":[12,1],"tags":[],"area":[],"class_list":["post-32345","post","type-post","status-publish","format-standard","has-post-thumbnail","hentry","category-actualitat","category-noticies","generate-columns","tablet-grid-50","mobile-grid-100","grid-parent","grid-50"],"_links":{"self":[{"href":"https:\/\/ccoo.app\/ics\/wp-json\/wp\/v2\/posts\/32345","targetHints":{"allow":["GET"]}}],"collection":[{"href":"https:\/\/ccoo.app\/ics\/wp-json\/wp\/v2\/posts"}],"about":[{"href":"https:\/\/ccoo.app\/ics\/wp-json\/wp\/v2\/types\/post"}],"author":[{"embeddable":true,"href":"https:\/\/ccoo.app\/ics\/wp-json\/wp\/v2\/users\/4386"}],"replies":[{"embeddable":true,"href":"https:\/\/ccoo.app\/ics\/wp-json\/wp\/v2\/comments?post=32345"}],"version-history":[{"count":1,"href":"https:\/\/ccoo.app\/ics\/wp-json\/wp\/v2\/posts\/32345\/revisions"}],"predecessor-version":[{"id":32347,"href":"https:\/\/ccoo.app\/ics\/wp-json\/wp\/v2\/posts\/32345\/revisions\/32347"}],"wp:featuredmedia":[{"embeddable":true,"href":"https:\/\/ccoo.app\/ics\/wp-json\/wp\/v2\/media\/32346"}],"wp:attachment":[{"href":"https:\/\/ccoo.app\/ics\/wp-json\/wp\/v2\/media?parent=32345"}],"wp:term":[{"taxonomy":"category","embeddable":true,"href":"https:\/\/ccoo.app\/ics\/wp-json\/wp\/v2\/categories?post=32345"},{"taxonomy":"post_tag","embeddable":true,"href":"https:\/\/ccoo.app\/ics\/wp-json\/wp\/v2\/tags?post=32345"},{"taxonomy":"area","embeddable":true,"href":"https:\/\/ccoo.app\/ics\/wp-json\/wp\/v2\/area?post=32345"}],"curies":[{"name":"wp","href":"https:\/\/api.w.org\/{rel}","templated":true}]}}