{"id":32341,"date":"2024-05-29T09:06:26","date_gmt":"2024-05-29T07:06:26","guid":{"rendered":"https:\/\/ccoo.app\/ics\/?p=32341"},"modified":"2024-05-29T09:06:28","modified_gmt":"2024-05-29T07:06:28","slug":"la-jubilacio-parcial-per-al-personal-funcionari-estatutari-cada-vegada-mes-a-prop","status":"publish","type":"post","link":"https:\/\/ccoo.app\/ics\/noticies\/la-jubilacio-parcial-per-al-personal-funcionari-estatutari-cada-vegada-mes-a-prop\/","title":{"rendered":"La jubilaci\u00f3 parcial per al personal funcionari\/estatutari cada vegada m\u00e9s a prop"},"content":{"rendered":"\n<h3 class=\"wp-block-heading\">L\u2019\u00c0rea P\u00fablica de CCOO i UGT Serveis P\u00fablics valoren la proposta de Funci\u00f3 P\u00fablica per a posar en marxa la jubilaci\u00f3 parcial per al personal funcionari\/estatutari i, al temps, insisteixen que ha de ser una prioritat absoluta per al Govern fer efectiva en aquest mes de juny la pujada salarial del 2024 del personal de les Administracions P\u00fabliques i sector p\u00fablic.<\/h3>\n\n\n\n<p>La proposta de Funci\u00f3 P\u00fablica va en l\u00ednia amb la reivindicaci\u00f3 hist\u00f2rica d\u2019UGT i CCOO per a poder implantar la jubilaci\u00f3 parcial del personal funcionari\/estatutari en termes similars al personal laboral.<\/p>\n\n\n\n<p>En aquest sentit, el Govern ha mostrat disponibilitat absoluta per a culminar aquesta mat\u00e8ria contemplada en l\u2019Acord marc per a una Administraci\u00f3 del Segle XXI, sense menyscapte de la negociaci\u00f3 que s\u2019est\u00e0 duent a terme en la taula de di\u00e0leg social de seguretat social.<\/p>\n\n\n\n<p>Igualment, tots dos sindicats han insistit en la culminaci\u00f3 de la resta de mat\u00e8ries contemplades en l\u2019Acord marc, especialment en l\u2019\u00e0mbit AGE i servei exterior.<\/p>\n","protected":false},"excerpt":{"rendered":"<p>L\u2019\u00c0rea P\u00fablica de CCOO i UGT Serveis P\u00fablics valoren la proposta de Funci\u00f3 P\u00fablica per a posar en marxa la jubilaci\u00f3 parcial per al personal funcionari\/estatutari i, al temps, insisteixen &#8230; <a title=\"La jubilaci\u00f3 parcial per al personal funcionari\/estatutari cada vegada m\u00e9s a prop\" class=\"read-more\" href=\"https:\/\/ccoo.app\/ics\/noticies\/la-jubilacio-parcial-per-al-personal-funcionari-estatutari-cada-vegada-mes-a-prop\/\" aria-label=\"M\u00e9s informaci\u00f3 sobre La jubilaci\u00f3 parcial per al personal funcionari\/estatutari cada vegada m\u00e9s a prop\">Read more<\/a><\/p>\n","protected":false},"author":4386,"featured_media":32181,"comment_status":"closed","ping_status":"closed","sticky":false,"template":"","format":"standard","meta":{"footnotes":""},"categories":[12,1],"tags":[292],"area":[],"class_list":["post-32341","post","type-post","status-publish","format-standard","has-post-thumbnail","hentry","category-actualitat","category-noticies","tag-jubilacio-parcial","generate-columns","tablet-grid-50","mobile-grid-100","grid-parent","grid-50"],"_links":{"self":[{"href":"https:\/\/ccoo.app\/ics\/wp-json\/wp\/v2\/posts\/32341","targetHints":{"allow":["GET"]}}],"collection":[{"href":"https:\/\/ccoo.app\/ics\/wp-json\/wp\/v2\/posts"}],"about":[{"href":"https:\/\/ccoo.app\/ics\/wp-json\/wp\/v2\/types\/post"}],"author":[{"embeddable":true,"href":"https:\/\/ccoo.app\/ics\/wp-json\/wp\/v2\/users\/4386"}],"replies":[{"embeddable":true,"href":"https:\/\/ccoo.app\/ics\/wp-json\/wp\/v2\/comments?post=32341"}],"version-history":[{"count":2,"href":"https:\/\/ccoo.app\/ics\/wp-json\/wp\/v2\/posts\/32341\/revisions"}],"predecessor-version":[{"id":32343,"href":"https:\/\/ccoo.app\/ics\/wp-json\/wp\/v2\/posts\/32341\/revisions\/32343"}],"wp:featuredmedia":[{"embeddable":true,"href":"https:\/\/ccoo.app\/ics\/wp-json\/wp\/v2\/media\/32181"}],"wp:attachment":[{"href":"https:\/\/ccoo.app\/ics\/wp-json\/wp\/v2\/media?parent=32341"}],"wp:term":[{"taxonomy":"category","embeddable":true,"href":"https:\/\/ccoo.app\/ics\/wp-json\/wp\/v2\/categories?post=32341"},{"taxonomy":"post_tag","embeddable":true,"href":"https:\/\/ccoo.app\/ics\/wp-json\/wp\/v2\/tags?post=32341"},{"taxonomy":"area","embeddable":true,"href":"https:\/\/ccoo.app\/ics\/wp-json\/wp\/v2\/area?post=32341"}],"curies":[{"name":"wp","href":"https:\/\/api.w.org\/{rel}","templated":true}]}}