{"id":32329,"date":"2024-05-03T16:31:11","date_gmt":"2024-05-03T14:31:11","guid":{"rendered":"https:\/\/ccoo.app\/ics\/?p=32329"},"modified":"2024-05-03T16:51:18","modified_gmt":"2024-05-03T14:51:18","slug":"salvem-la-maternitat-delna","status":"publish","type":"post","link":"https:\/\/ccoo.app\/ics\/noticies\/salvem-la-maternitat-delna\/","title":{"rendered":"Salvem la Maternitat d&#8217;Elna!"},"content":{"rendered":"\n<h2 class=\"wp-block-heading\">La Fundaci\u00f3 Cipriano Garc\u00eda de CCOO de Catalunya inicia una campanya de recollida de donacions per restaurar la Maternitat d\u2019Elna<\/h2>\n\n\n\n<figure class=\"wp-block-image size-large\"><img loading=\"lazy\" decoding=\"async\" width=\"1024\" height=\"1024\" src=\"https:\/\/ccoo.app\/ics\/wp-content\/blogs.dir\/6\/files\/sites\/200\/2024\/05\/Elna-1024x1024.jpg\" alt=\"\" class=\"wp-image-32330\" srcset=\"https:\/\/ccoo.app\/ics\/wp-content\/blogs.dir\/6\/files\/sites\/200\/2024\/05\/Elna-1024x1024.jpg 1024w, https:\/\/ccoo.app\/ics\/wp-content\/blogs.dir\/6\/files\/sites\/200\/2024\/05\/Elna-300x300.jpg 300w, https:\/\/ccoo.app\/ics\/wp-content\/blogs.dir\/6\/files\/sites\/200\/2024\/05\/Elna-150x150.jpg 150w, https:\/\/ccoo.app\/ics\/wp-content\/blogs.dir\/6\/files\/sites\/200\/2024\/05\/Elna-768x768.jpg 768w, https:\/\/ccoo.app\/ics\/wp-content\/blogs.dir\/6\/files\/sites\/200\/2024\/05\/Elna-1536x1536.jpg 1536w, https:\/\/ccoo.app\/ics\/wp-content\/blogs.dir\/6\/files\/sites\/200\/2024\/05\/Elna-2048x2048.jpg 2048w\" sizes=\"auto, (max-width: 1024px) 100vw, 1024px\" \/><\/figure>\n\n\n\n<p>Donacions i informaci\u00f3:<br>https:\/\/cause.lundadonate.org\/fundaciociprianogarcia\/elna i https:\/\/www.ccoo.cat\/elna\/<br>La Fundaci\u00f3 Cipriano Garcia de CCOO de Catalunya s\u2019uneix a la causa de restaurar la Maternitat d\u2019Elna, un s\u00edmbol de mem\u00f2ria democr\u00e0tica, i inicia una campanya de recollida de donacions. Aquesta iniciativa t\u00e9 com a objectiu reunir fons per a la rehabilitaci\u00f3 d\u2019aquest emblem\u00e0tic edifici hist\u00f2ric.<br>La Maternitat d\u2019Elna, que va ser un refugi crucial durant la Segona Guerra Mundial, va acollir prop de 600 infants nascuts entre 1939 i 1944, i va oferir seguretat i suport a dones embarassades que fugien de la persecuci\u00f3 nazi i de la guerra civil espanyola. La maternitat, que operava amb el nom \u201cCartell d\u2019Ajuda Su\u00efssa als Nens de la Guerra Civil Espanyola\u201d, la va dirigir la infermera su\u00efssa Elisabeth Eidenbenz fins que el 1944 els nazis van tancar l\u2019edifici arran de l\u2019ocupaci\u00f3 de la Fran\u00e7a de Vichy. Despr\u00e9s de la Segona Guerra Mundial, l\u2019edifici va restar abandonat fins que als anys noranta el va adquirir un artes\u00e0 per establir-hi el seu taller de vitralls. El 2001 el propietari va con\u00e8ixer Guy Eckstein, que era un dels nens que havia nascut a la maternitat, i qui li va explicar la hist\u00f2ria de l\u2019edifici. Junts van decidir buscar l\u2019antiga infermera i, en trobar-la, el 2002, la hist\u00f2ria perduda en l\u2019oblit va sortir a la llum.<br>Elisabeth Eidenbenz va morir el 2011, als 98 anys, i va liderar durant els darrers anys de la seva vida la recuperaci\u00f3 de la mem\u00f2ria de la Maternitat d\u2019Elna. El 2005 l\u2019Ajuntament d\u2019Elna va adquirir l\u2019edifici i li va donar formalment un sentit memorial. Gr\u00e0cies a la tasca divulgativa d\u2019Eidenbenz i a la feina de diverses entitats memorials, va esdevenir un espai de mem\u00f2ria democr\u00e0tica de renom. El 2022 va arribar a la xifra anual de 40.000 visitants.Tot i la seva import\u00e0ncia hist\u00f2rica, l\u2019edifici, constru\u00eft l\u2019any 1900, ha patit un deteriorament considerable i requereix una restauraci\u00f3 urgent per preservar la seva mem\u00f2ria viva. L\u2019abril del 2023 l\u2019aparici\u00f3 d\u2019unes esquerdes importants a l\u2019edifici va obligar a tancar el museu, que nom\u00e9s va poder reobrir parcialment a l\u2019estiu. L\u2019ajuntament d\u2019Elna, al Rossell\u00f3, calcula que la rehabilitaci\u00f3 costar\u00e0 uns 900.000?, inassumibles per a un municipi de nom\u00e9s 9.000 habitants.<br>L\u2019ajuntament ha fet una crida d\u2019ajuda a la societat civil, a la que ens sumem amb aquesta campanya, que es pot trobar a https:\/\/cause.lundadonate.org\/fundaciociprianogarcia\/elna, i que permetr\u00e0 aportar fons per a preservar de la mem\u00f2ria hist\u00f2rica i la difusi\u00f3 dels valors de pau i lluita antifeixista de la maternitat. M\u00e9s informaci\u00f3 sobre la campanya a: https:\/\/www.ccoo.cat\/elna\/<\/p>\n","protected":false},"excerpt":{"rendered":"<p>La Fundaci\u00f3 Cipriano Garc\u00eda de CCOO de Catalunya inicia una campanya de recollida de donacions per restaurar la Maternitat d\u2019Elna.<\/p>\n","protected":false},"author":4386,"featured_media":32335,"comment_status":"closed","ping_status":"closed","sticky":false,"template":"","format":"standard","meta":{"footnotes":""},"categories":[13,1],"tags":[207],"area":[],"class_list":["post-32329","post","type-post","status-publish","format-standard","has-post-thumbnail","hentry","category-accions-sindicals","category-noticies","tag-maternitat-delna","generate-columns","tablet-grid-50","mobile-grid-100","grid-parent","grid-50"],"_links":{"self":[{"href":"https:\/\/ccoo.app\/ics\/wp-json\/wp\/v2\/posts\/32329","targetHints":{"allow":["GET"]}}],"collection":[{"href":"https:\/\/ccoo.app\/ics\/wp-json\/wp\/v2\/posts"}],"about":[{"href":"https:\/\/ccoo.app\/ics\/wp-json\/wp\/v2\/types\/post"}],"author":[{"embeddable":true,"href":"https:\/\/ccoo.app\/ics\/wp-json\/wp\/v2\/users\/4386"}],"replies":[{"embeddable":true,"href":"https:\/\/ccoo.app\/ics\/wp-json\/wp\/v2\/comments?post=32329"}],"version-history":[{"count":2,"href":"https:\/\/ccoo.app\/ics\/wp-json\/wp\/v2\/posts\/32329\/revisions"}],"predecessor-version":[{"id":32333,"href":"https:\/\/ccoo.app\/ics\/wp-json\/wp\/v2\/posts\/32329\/revisions\/32333"}],"wp:featuredmedia":[{"embeddable":true,"href":"https:\/\/ccoo.app\/ics\/wp-json\/wp\/v2\/media\/32335"}],"wp:attachment":[{"href":"https:\/\/ccoo.app\/ics\/wp-json\/wp\/v2\/media?parent=32329"}],"wp:term":[{"taxonomy":"category","embeddable":true,"href":"https:\/\/ccoo.app\/ics\/wp-json\/wp\/v2\/categories?post=32329"},{"taxonomy":"post_tag","embeddable":true,"href":"https:\/\/ccoo.app\/ics\/wp-json\/wp\/v2\/tags?post=32329"},{"taxonomy":"area","embeddable":true,"href":"https:\/\/ccoo.app\/ics\/wp-json\/wp\/v2\/area?post=32329"}],"curies":[{"name":"wp","href":"https:\/\/api.w.org\/{rel}","templated":true}]}}