{"id":32324,"date":"2024-05-03T14:33:00","date_gmt":"2024-05-03T12:33:00","guid":{"rendered":"https:\/\/ccoo.app\/ics\/?p=32324"},"modified":"2024-05-03T14:34:48","modified_gmt":"2024-05-03T12:34:48","slug":"criteris-del-permis-per-la-realitzacio-de-les-proves-fase-2-concurs-oposicio-destabilitzacio-ics","status":"publish","type":"post","link":"https:\/\/ccoo.app\/ics\/noticies\/criteris-del-permis-per-la-realitzacio-de-les-proves-fase-2-concurs-oposicio-destabilitzacio-ics\/","title":{"rendered":"Criteris del perm\u00eds per la realitzaci\u00f3 de les proves Fase 2"},"content":{"rendered":"\n<h3 class=\"wp-block-heading\">La Direcci\u00f3 de persones de l\u2019Institut Catal\u00e0 de la Salut informa que totes les persones aspirants dels processos selectius d\u2019estabilitzaci\u00f3 que estan convocades a les proves del concurs oposici\u00f3 (Fase 2) poden gaudir d\u2019un perm\u00eds per a la seva realitzaci\u00f3. <\/h3>\n\n\n\n<blockquote class=\"wp-block-quote is-layout-flow wp-block-quote-is-layout-flow\">\n<p>La direcci\u00f3  de persones de l\u2019<a href=\"https:\/\/ics.gencat.cat\/ca\/lics\/treballeu-a-lics\/treball-fix\/novetats\/index.html\" class=\"ek-link\">Institut Catal\u00e0 de la Salut informa<\/a> que totes les persones aspirants dels processos selectius d\u2019estabilitzaci\u00f3 que estan convocades a les proves del concurs oposici\u00f3 (Fase 2) poden gaudir d\u2019un perm\u00eds per a la seva realitzaci\u00f3.<\/p>\n<cite>Les persones participants no\u00a0cal que aportin cap justificant de la participaci\u00f3 en el proc\u00e9s selectiu ja que la Direcci\u00f3 de Persones disposa de la relaci\u00f3 de persones presentades a les proves.\u00a0<br><br>Les bases comunes de convocat\u00f2ria dels processos selectius d\u2019estabilitzaci\u00f3\u00a0per proveir places b\u00e0siques de l\u2019ICS estableixen els seg\u00fcents criteris de perm\u00eds, d\u2019acord tamb\u00e9 amb la Direcci\u00f3 General de Funci\u00f3 P\u00fablica per al personal de l\u2019Administraci\u00f3 General de la Generalitat de Catalunya:\u00a0<br><em><strong>S\u2019atorgar\u00e0 el temps indispensable per a la realitzaci\u00f3 de la prova, quan aquesta coincideixi amb l\u2019horari de treball del professional, tenint en compte que aquest temps indispensable inclou el temps necessari per al despla\u00e7ament d\u2019anada i de tornada des del lloc de treball fins al lloc de realitzaci\u00f3 de la prova.<\/strong>\u00a0<br><strong>Al personal que treballa en el torn de la nit anterior al dia de la prova, si aquesta es realitza durant el mat\u00ed, li \u00e9s d\u2019aplicaci\u00f3 el mateix criteri del par\u00e0graf anterior pel que fa al temps indispensable de despla\u00e7ament per a la realitzaci\u00f3 de la prova<\/strong>.<\/em><\/cite><\/blockquote>\n\n\n\n<p> <\/p>\n","protected":false},"excerpt":{"rendered":"<p>La direcci\u00f3  de persones de l\u2019ICS informa que totes les persones aspirants dels processos selectius d\u2019estabilitzaci\u00f3 que estan convocades a les proves del concurs oposici\u00f3 (Fase 2) poden gaudir d\u2019un perm\u00eds per a la seva realitzaci\u00f3.<\/p>\n","protected":false},"author":4386,"featured_media":32325,"comment_status":"closed","ping_status":"closed","sticky":false,"template":"","format":"standard","meta":{"footnotes":""},"categories":[12,6,1],"tags":[204],"area":[],"class_list":["post-32324","post","type-post","status-publish","format-standard","has-post-thumbnail","hentry","category-actualitat","category-convocatories","category-noticies","tag-permisos","generate-columns","tablet-grid-50","mobile-grid-100","grid-parent","grid-50"],"_links":{"self":[{"href":"https:\/\/ccoo.app\/ics\/wp-json\/wp\/v2\/posts\/32324","targetHints":{"allow":["GET"]}}],"collection":[{"href":"https:\/\/ccoo.app\/ics\/wp-json\/wp\/v2\/posts"}],"about":[{"href":"https:\/\/ccoo.app\/ics\/wp-json\/wp\/v2\/types\/post"}],"author":[{"embeddable":true,"href":"https:\/\/ccoo.app\/ics\/wp-json\/wp\/v2\/users\/4386"}],"replies":[{"embeddable":true,"href":"https:\/\/ccoo.app\/ics\/wp-json\/wp\/v2\/comments?post=32324"}],"version-history":[{"count":2,"href":"https:\/\/ccoo.app\/ics\/wp-json\/wp\/v2\/posts\/32324\/revisions"}],"predecessor-version":[{"id":32327,"href":"https:\/\/ccoo.app\/ics\/wp-json\/wp\/v2\/posts\/32324\/revisions\/32327"}],"wp:featuredmedia":[{"embeddable":true,"href":"https:\/\/ccoo.app\/ics\/wp-json\/wp\/v2\/media\/32325"}],"wp:attachment":[{"href":"https:\/\/ccoo.app\/ics\/wp-json\/wp\/v2\/media?parent=32324"}],"wp:term":[{"taxonomy":"category","embeddable":true,"href":"https:\/\/ccoo.app\/ics\/wp-json\/wp\/v2\/categories?post=32324"},{"taxonomy":"post_tag","embeddable":true,"href":"https:\/\/ccoo.app\/ics\/wp-json\/wp\/v2\/tags?post=32324"},{"taxonomy":"area","embeddable":true,"href":"https:\/\/ccoo.app\/ics\/wp-json\/wp\/v2\/area?post=32324"}],"curies":[{"name":"wp","href":"https:\/\/api.w.org\/{rel}","templated":true}]}}