{"id":32304,"date":"2024-04-22T09:18:26","date_gmt":"2024-04-22T07:18:26","guid":{"rendered":"https:\/\/ccoo.app\/ics\/?p=32304"},"modified":"2024-05-03T19:43:10","modified_gmt":"2024-05-03T17:43:10","slug":"1-m-per-la-plena-ocupacio","status":"publish","type":"post","link":"https:\/\/ccoo.app\/ics\/noticies\/1-m-per-la-plena-ocupacio\/","title":{"rendered":"1-M, per la plena ocupaci\u00f3!"},"content":{"rendered":"\n<h2 class=\"wp-block-heading\">Aquest Primer de maig omplim els carrers per la plena ocupaci\u00f3, salaris dignes i sostre per a tothom!<\/h2>\n\n\n\n<figure class=\"wp-block-image size-full is-resized\"><img loading=\"lazy\" decoding=\"async\" width=\"1024\" height=\"1024\" src=\"https:\/\/ccoo.app\/ics\/wp-content\/blogs.dir\/6\/files\/sites\/200\/2024\/04\/post-instagram-1024x1024-1.png\" alt=\"\" class=\"wp-image-32314\" style=\"width:760px;height:auto\" srcset=\"https:\/\/ccoo.app\/ics\/wp-content\/blogs.dir\/6\/files\/sites\/200\/2024\/04\/post-instagram-1024x1024-1.png 1024w, https:\/\/ccoo.app\/ics\/wp-content\/blogs.dir\/6\/files\/sites\/200\/2024\/04\/post-instagram-1024x1024-1-300x300.png 300w, https:\/\/ccoo.app\/ics\/wp-content\/blogs.dir\/6\/files\/sites\/200\/2024\/04\/post-instagram-1024x1024-1-150x150.png 150w, https:\/\/ccoo.app\/ics\/wp-content\/blogs.dir\/6\/files\/sites\/200\/2024\/04\/post-instagram-1024x1024-1-768x768.png 768w\" sizes=\"auto, (max-width: 1024px) 100vw, 1024px\" \/><\/figure>\n\n\n\n<h3 class=\"wp-block-heading\"><strong>Agenda actes<\/strong>:<\/h3>\n\n\n\n<figure class=\"wp-block-table\"><table><tbody><tr><td><strong>TIPUS ACTE<\/strong><\/td><td><strong>UNI\u00d3 \/ FEDERACI\u00d3<\/strong><\/td><td><strong>LLOC (ADRE\u00c7A COMPLETA)<\/strong><\/td><td><strong>DATA<\/strong><\/td><td><strong>HORA<\/strong><\/td><\/tr><tr><td>Manifestaci\u00f3 de l\u20191 de Maig<\/td><td>Barcelona<\/td><td>Pla\u00e7a Urquinaona<\/td><td>1\/5<\/td><td>11.30 h<\/td><\/tr><tr><td>Manifestaci\u00f3 de l\u20191 de Maig<\/td><td>Girona<\/td><td>Pla\u00e7a de la Independ\u00e8ncia<\/td><td>1\/5<\/td><td>12.00 h<\/td><\/tr><tr><td>Manifestaci\u00f3 de l\u20191 de Maig<\/td><td>Lleida<\/td><td>Pla\u00e7a del Treball<\/td><td>1\/5<\/td><td>12.00 h<\/td><\/tr><tr><td>Manifestaci\u00f3 de l\u20191 de Maig<\/td><td>Tarragona<\/td><td>Pla\u00e7a Imperial Tarraco<\/td><td>1\/5<\/td><td>12.00 h<\/td><\/tr><tr><td>Manifestaci\u00f3 de l\u20191 de Maig<\/td><td>Tortosa<\/td><td>Pla\u00e7a del Carrilet<\/td><td>1\/5<\/td><td>12.00 h<\/td><\/tr><tr><td>Manifestaci\u00f3 de l\u20191 de Maig<\/td><td>Igualada<\/td><td>Pla\u00e7a de Llu\u00eds Companys<\/td><td>1\/5<\/td><td>11.00 h<\/td><\/tr><tr><td>Manifestaci\u00f3 de l\u20191 de Maig<\/td><td>Terrassa<\/td><td>Passeig de Jacint Verdaguer\/carrer de Sant Mag\u00ed<\/td><td>1\/5<\/td><td>11.30 h<\/td><\/tr><tr><td>Dinar popular del 1r de Maig<\/td><td>UI CCOO BLLAPAG<\/td><td>Pla\u00e7a del Pened\u00e8s (Vilafranca del Pened\u00e8s)<\/td><td>28\/4<\/td><td>13.00 h<\/td><\/tr><tr><td>Presentaci\u00f3 del llibre&nbsp;<em>Mitos y cuentos de la extrema derecha<\/em><\/td><td>UI VOCC-CATC<\/td><td>Local de CCOO, carrer de la Uni\u00f3, 23 Terrassa<\/td><td>29\/4<\/td><td>19.00 h<\/td><\/tr><tr><td>Presentaci\u00f3 llibre&nbsp;<em>Un m\u00f3n que \u00e9s urgent transformar<\/em><\/td><td>UI CCOO BLLAPAG<\/td><td>Ctra. d\u2019Esplugues, 68 (Cornell\u00e0 de Llobregat)<\/td><td>30\/4<\/td><td>18.00 h<\/td><\/tr><tr><td>Lliurament dels premis del III Concurs Literari Juvenil COCOS<\/td><td>UI CCOO BLLAPAG<\/td><td>Ctra. d\u2019Esplugues, 68 (Cornell\u00e0 de Llobregat)<\/td><td>30\/4<\/td><td>17.00 h<\/td><\/tr><tr><td>Parlament del 1r de Maig<\/td><td>UI TARRAGONA<\/td><td>Pla\u00e7a de l\u2019Ajuntament de Tortosa<\/td><td>1\/5<\/td><td>12.30 h<\/td><\/tr><tr><td>Concentraci\u00f3 i vermut obrer<\/td><td>UI CCOO BLLAPAG<\/td><td>Pg. de Moss\u00e8n Cinto Verdaguer (Igualada)<\/td><td>1\/5<\/td><td>11.30 h<\/td><\/tr><tr><td>Vermut obrer i acte de reconeixement a l\u2019afiliaci\u00f3<\/td><td>UI VOCC-CATC<\/td><td>Local de CCOO, carrer de la Uni\u00f3, 23 Terrassa<\/td><td>1\/5<\/td><td>12.00 h<\/td><\/tr><tr><td>Presentaci\u00f3 del llibre&nbsp;<em>Mitos y cuentos de la extrema derecha<\/em><\/td><td>UI CCOO BLLAPAG<\/td><td>C. de Sant Pau, 9 (Igualada)<\/td><td>2\/5<\/td><td>18.30 h<\/td><\/tr><tr><td>Caminada popular pel treball digne i l\u2019economia solid\u00e0ria<\/td><td>UI CCOO BLLAPAG<\/td><td>Ctra. d\u2019Esplugues, 68 (Cornell\u00e0 de Llobregat)<\/td><td>19\/5<\/td><td>9.00 h<\/td><\/tr><tr><td>Jornada \u201cCrisi del treball o treball en temps de crisi\u201d<\/td><td>UI CCOO BLLAPAG<\/td><td>Pl. de Can Suris, s\/n (Cornell\u00e0 de Llobregat)<\/td><td>21\/5<\/td><td>18.00<br>h<\/td><\/tr><\/tbody><\/table><\/figure>\n\n\n\n<div data-wp-interactive=\"core\/file\" class=\"wp-block-file\"><object data-wp-bind--hidden=\"!state.hasPdfPreview\" hidden class=\"wp-block-file__embed\" data=\"https:\/\/ccoo.app\/ics\/wp-content\/blogs.dir\/6\/files\/sites\/200\/2024\/04\/cartell-1-maig-barcelona.pdf\" type=\"application\/pdf\" style=\"width:100%;height:860px\" aria-label=\"Incrustaci\u00f3 del fitxer cartell-1-maig-barcelona.\"><\/object><a id=\"wp-block-file--media-ecf37cdb-26d6-44fa-8115-0e544197d68c\" href=\"https:\/\/ccoo.app\/ics\/wp-content\/blogs.dir\/6\/files\/sites\/200\/2024\/04\/cartell-1-maig-barcelona.pdf\">cartell-1-maig-barcelona<\/a><a href=\"https:\/\/ccoo.app\/ics\/wp-content\/blogs.dir\/6\/files\/sites\/200\/2024\/04\/cartell-1-maig-barcelona.pdf\" class=\"wp-block-file__button wp-element-button\" download aria-describedby=\"wp-block-file--media-ecf37cdb-26d6-44fa-8115-0e544197d68c\">Baixa<\/a><\/div>\n\n\n\n<p><strong>Aplicacions xarxes:<\/strong><\/p>\n\n\n\n<ul class=\"wp-block-list\">\n<li><a href=\"https:\/\/www.ccoo.cat\/sanitat\/wp-content\/uploads\/sites\/130\/2024\/04\/historia-instagram-1r-de-maig-2.png\">Instagram story<\/a><\/li>\n\n\n\n<li><a href=\"https:\/\/www.ccoo.cat\/sanitat\/wp-content\/uploads\/sites\/130\/2024\/04\/insta-quadrat-1er-de-maig-1.png\">Instagram post<\/a><\/li>\n\n\n\n<li><a href=\"https:\/\/www.ccoo.cat\/sanitat\/wp-content\/uploads\/sites\/130\/2024\/04\/1rmaigccoo-1.png\">Twitter<\/a><\/li>\n<\/ul>\n\n\n\n<p><strong>Cartell<\/strong>s<\/p>\n\n\n\n<p><object><\/object><a href=\"https:\/\/www.ccoo.cat\/sanitat\/wp-content\/uploads\/sites\/130\/2024\/04\/cartell-1-maig-barcelona.pdf\">cartell-1-maig-barcelona<\/a><a href=\"https:\/\/www.ccoo.cat\/sanitat\/wp-content\/uploads\/sites\/130\/2024\/04\/cartell-1-maig-barcelona.pdf\">Baixa<\/a><\/p>\n\n\n\n<ul class=\"wp-block-list\">\n<li><a href=\"https:\/\/www.ccoo.cat\/sanitat\/wp-content\/uploads\/sites\/130\/2024\/04\/cartell-1-maig-lleida.pdf\">Cartell manifestaci\u00f3 1 de maig Lleida<\/a><\/li>\n\n\n\n<li><a href=\"https:\/\/www.ccoo.cat\/sanitat\/wp-content\/uploads\/sites\/130\/2024\/04\/cartell-1-maig-tarragona-1.pdf\">Cartell manifestaci\u00f3 1 de maig Tarragona<\/a><\/li>\n\n\n\n<li><a href=\"https:\/\/www.ccoo.cat\/sanitat\/wp-content\/uploads\/sites\/130\/2024\/04\/cartell-1-maig-girona-1.pdf\">Cartell manifestaci\u00f3 1 de maig Girona<\/a><\/li>\n\n\n\n<li><a href=\"https:\/\/www.ccoo.cat\/sanitat\/wp-content\/uploads\/sites\/130\/2024\/04\/cartell-1-maig-igualada-1.pdf\">Cartell manifestaci\u00f3 1 de maig Igualada<\/a><\/li>\n\n\n\n<li><a href=\"https:\/\/www.ccoo.cat\/sanitat\/wp-content\/uploads\/sites\/130\/2024\/04\/cartell-1-maig-terrassa-1.pdf\">Cartell manifestaci\u00f3 1 de maig Terrassa<\/a><\/li>\n\n\n\n<li><a href=\"https:\/\/www.ccoo.cat\/sanitat\/wp-content\/uploads\/sites\/130\/2024\/04\/cartell-1-maig-tortosa-1.pdf\">Cartell manifestaci\u00f3 1 de maig Tortosa<\/a><\/li>\n<\/ul>\n\n\n\n<ul class=\"wp-block-list\" id=\"gp-social-share\">\n<li><a href=\"https:\/\/www.facebook.com\/sharer\/sharer.php?u=https%3A%2F%2Fwww.ccoo.cat%2Fsanitat%2Fnoticies%2F1-m-per-la-plena-ocupacio%2F\"><\/a><\/li>\n\n\n\n<li><a href=\"https:\/\/twitter.com\/share?url=https%3A%2F%2Fwww.ccoo.cat%2Fsanitat%2Fnoticies%2F1-m-per-la-plena-ocupacio%2F&amp;text=Aquest%20Primer%20de%20maig%20omplim%20els%20carrers%20per%20la%20plena%20ocupaci%C3%B3,%20salaris%20dignes%20i%20sostre%20per%20a%20tothom!%20Agenda%20actes:%20...%20Llegiu-me%20m%C3%A9s\"><\/a><\/li>\n\n\n\n<li><a href=\"http:\/\/www.linkedin.com\/shareArticle?url=https%3A%2F%2Fwww.ccoo.cat%2Fsanitat%2Fnoticies%2F1-m-per-la-plena-ocupacio%2F&amp;title=1-M,%20per%20la%20plena%20ocupaci%C3%B3!\"><\/a><\/li>\n\n\n\n<li><a href=\"https:\/\/pinterest.com\/pin\/create\/bookmarklet\/?media=https:\/\/www.ccoo.cat\/sanitat\/wp-content\/uploads\/2024\/04\/post-instagram-.png&amp;url=https%3A%2F%2Fwww.ccoo.cat%2Fsanitat%2Fnoticies%2F1-m-per-la-plena-ocupacio%2F&amp;description=1-M,%20per%20la%20plena%20ocupaci%C3%B3!\"><\/a><\/li>\n\n\n\n<li><a href=\"\/\/send?text=https%3A%2F%2Fwww.ccoo.cat%2Fsanitat%2Fnoticies%2F1-m-per-la-plena-ocupacio%2F\"><\/a><\/li>\n\n\n\n<li><a href=\"mailto:?Subject=1-M,%20per%20la%20plena%20ocupaci%C3%B3!&amp;Body=Check%20out%20this%20awesome%20article%20by%20CCOO%20Sanitat%20on%20https:\/\/www.ccoo.cat\/sanitat\/?p=5226\"><\/a><\/li>\n<\/ul>\n","protected":false},"excerpt":{"rendered":"<p>Aquest Primer de maig omplim els carrers per la plena ocupaci\u00f3, salaris dignes i sostre per a tothom!<br \/>\nConsulteu l&#8217;agenda d&#8217;actes previstos<\/p>\n","protected":false},"author":4386,"featured_media":32306,"comment_status":"closed","ping_status":"closed","sticky":false,"template":"","format":"standard","meta":{"footnotes":""},"categories":[13,7,1],"tags":[],"area":[],"class_list":["post-32304","post","type-post","status-publish","format-standard","has-post-thumbnail","hentry","category-accions-sindicals","category-mobilitzacions","category-noticies","generate-columns","tablet-grid-50","mobile-grid-100","grid-parent","grid-50"],"_links":{"self":[{"href":"https:\/\/ccoo.app\/ics\/wp-json\/wp\/v2\/posts\/32304","targetHints":{"allow":["GET"]}}],"collection":[{"href":"https:\/\/ccoo.app\/ics\/wp-json\/wp\/v2\/posts"}],"about":[{"href":"https:\/\/ccoo.app\/ics\/wp-json\/wp\/v2\/types\/post"}],"author":[{"embeddable":true,"href":"https:\/\/ccoo.app\/ics\/wp-json\/wp\/v2\/users\/4386"}],"replies":[{"embeddable":true,"href":"https:\/\/ccoo.app\/ics\/wp-json\/wp\/v2\/comments?post=32304"}],"version-history":[{"count":3,"href":"https:\/\/ccoo.app\/ics\/wp-json\/wp\/v2\/posts\/32304\/revisions"}],"predecessor-version":[{"id":32316,"href":"https:\/\/ccoo.app\/ics\/wp-json\/wp\/v2\/posts\/32304\/revisions\/32316"}],"wp:featuredmedia":[{"embeddable":true,"href":"https:\/\/ccoo.app\/ics\/wp-json\/wp\/v2\/media\/32306"}],"wp:attachment":[{"href":"https:\/\/ccoo.app\/ics\/wp-json\/wp\/v2\/media?parent=32304"}],"wp:term":[{"taxonomy":"category","embeddable":true,"href":"https:\/\/ccoo.app\/ics\/wp-json\/wp\/v2\/categories?post=32304"},{"taxonomy":"post_tag","embeddable":true,"href":"https:\/\/ccoo.app\/ics\/wp-json\/wp\/v2\/tags?post=32304"},{"taxonomy":"area","embeddable":true,"href":"https:\/\/ccoo.app\/ics\/wp-json\/wp\/v2\/area?post=32304"}],"curies":[{"name":"wp","href":"https:\/\/api.w.org\/{rel}","templated":true}]}}