{"id":32290,"date":"2024-04-05T22:03:01","date_gmt":"2024-04-05T20:03:01","guid":{"rendered":"https:\/\/ccoo.app\/ics\/?p=32290"},"modified":"2024-04-05T22:08:04","modified_gmt":"2024-04-05T20:08:04","slug":"campanya-de-la-renda-2023","status":"publish","type":"post","link":"https:\/\/ccoo.app\/ics\/noticies\/campanya-de-la-renda-2023\/","title":{"rendered":"Campanya de la renda 2023"},"content":{"rendered":"\n<h3 class=\"wp-block-heading\">Com pots deduir la quota sindical a la declaraci\u00f3 de la Renda 2023?<\/h3>\n\n\n\n<div class=\"wp-block-group\"><div class=\"wp-block-group__inner-container is-layout-constrained wp-block-group-is-layout-constrained\">\n<div class=\"wp-block-columns is-layout-flex wp-container-core-columns-is-layout-9d6595d7 wp-block-columns-is-layout-flex\">\n<div class=\"wp-block-column is-layout-flow wp-block-column-is-layout-flow\" style=\"flex-basis:100%\">\n<figure class=\"wp-block-gallery has-nested-images columns-default is-cropped wp-block-gallery-1 is-layout-flex wp-block-gallery-is-layout-flex\">\n<figure class=\"wp-block-image size-full\"><img loading=\"lazy\" decoding=\"async\" width=\"490\" height=\"490\" data-id=\"32292\" src=\"https:\/\/ccoo.app\/ics\/wp-content\/blogs.dir\/6\/files\/sites\/200\/2024\/04\/carrusel-renda-2023-cat_2-490x490-1.png\" alt=\"\" class=\"wp-image-32292\" srcset=\"https:\/\/ccoo.app\/ics\/wp-content\/blogs.dir\/6\/files\/sites\/200\/2024\/04\/carrusel-renda-2023-cat_2-490x490-1.png 490w, https:\/\/ccoo.app\/ics\/wp-content\/blogs.dir\/6\/files\/sites\/200\/2024\/04\/carrusel-renda-2023-cat_2-490x490-1-300x300.png 300w, https:\/\/ccoo.app\/ics\/wp-content\/blogs.dir\/6\/files\/sites\/200\/2024\/04\/carrusel-renda-2023-cat_2-490x490-1-150x150.png 150w\" sizes=\"auto, (max-width: 490px) 100vw, 490px\" \/><\/figure>\n\n\n\n<figure class=\"wp-block-image size-full\"><img loading=\"lazy\" decoding=\"async\" width=\"490\" height=\"490\" data-id=\"32293\" src=\"https:\/\/ccoo.app\/ics\/wp-content\/blogs.dir\/6\/files\/sites\/200\/2024\/04\/carrusel-renda-2023-cat_1-490x490-2.png\" alt=\"\" class=\"wp-image-32293\" srcset=\"https:\/\/ccoo.app\/ics\/wp-content\/blogs.dir\/6\/files\/sites\/200\/2024\/04\/carrusel-renda-2023-cat_1-490x490-2.png 490w, https:\/\/ccoo.app\/ics\/wp-content\/blogs.dir\/6\/files\/sites\/200\/2024\/04\/carrusel-renda-2023-cat_1-490x490-2-300x300.png 300w, https:\/\/ccoo.app\/ics\/wp-content\/blogs.dir\/6\/files\/sites\/200\/2024\/04\/carrusel-renda-2023-cat_1-490x490-2-150x150.png 150w\" sizes=\"auto, (max-width: 490px) 100vw, 490px\" \/><\/figure>\n<\/figure>\n\n\n\n<figure class=\"wp-block-image size-full is-resized\"><img loading=\"lazy\" decoding=\"async\" width=\"490\" height=\"490\" src=\"https:\/\/ccoo.app\/ics\/wp-content\/blogs.dir\/6\/files\/sites\/200\/2024\/04\/2-renda-2023.png\" alt=\"\" class=\"wp-image-32294\" style=\"width:458px;height:auto\" srcset=\"https:\/\/ccoo.app\/ics\/wp-content\/blogs.dir\/6\/files\/sites\/200\/2024\/04\/2-renda-2023.png 490w, https:\/\/ccoo.app\/ics\/wp-content\/blogs.dir\/6\/files\/sites\/200\/2024\/04\/2-renda-2023-300x300.png 300w, https:\/\/ccoo.app\/ics\/wp-content\/blogs.dir\/6\/files\/sites\/200\/2024\/04\/2-renda-2023-150x150.png 150w\" sizes=\"auto, (max-width: 490px) 100vw, 490px\" \/><\/figure>\n<\/div>\n<\/div>\n\n\n\n<figure class=\"wp-block-image size-full is-resized\"><img loading=\"lazy\" decoding=\"async\" width=\"490\" height=\"490\" src=\"https:\/\/ccoo.app\/ics\/wp-content\/blogs.dir\/6\/files\/sites\/200\/2024\/04\/renda-2023.png\" alt=\"\" class=\"wp-image-32295\" style=\"width:462px;height:auto\" srcset=\"https:\/\/ccoo.app\/ics\/wp-content\/blogs.dir\/6\/files\/sites\/200\/2024\/04\/renda-2023.png 490w, https:\/\/ccoo.app\/ics\/wp-content\/blogs.dir\/6\/files\/sites\/200\/2024\/04\/renda-2023-300x300.png 300w, https:\/\/ccoo.app\/ics\/wp-content\/blogs.dir\/6\/files\/sites\/200\/2024\/04\/renda-2023-150x150.png 150w\" sizes=\"auto, (max-width: 490px) 100vw, 490px\" \/><\/figure>\n<\/div><\/div>\n\n\n\n<p>IMPORTANT: per fer la declaraci\u00f3 de la renda 2023, cal demanar cita pr\u00e8via per tel\u00e8fon o correu electr\u00f2nic.&nbsp;<strong>\u00c9s un servei professional extern<\/strong>, que es fa a locals de CCOO, amb unes tarifes redu\u00efdes acordades (no \u00e9s gratu\u00eft).<\/p>\n\n\n\n<h5 class=\"wp-block-heading\"><strong>(POTS VEURE LES&nbsp;<a href=\"https:\/\/www.ccoo.cat\/descomptes\/campanya-renda-2023\/?link_id=38&amp;can_id=820e7094ebe63cc47981472868cc9444&amp;source=email-teszt-41&amp;email_referrer=email_2268245&amp;email_subject=lluita-digital-433#tarifes\" target=\"_blank\" rel=\"noreferrer noopener\">TARIFES I LA DOCUMENTACI\u00d3 NECESS\u00c0RIA AL FINAL<\/a><\/strong>)<\/h5>\n\n\n\n<h3 class=\"wp-block-heading\"><strong>BARCELON\u00c8S<\/strong><\/h3>\n\n\n\n<p><strong>UATAE Catalunya<\/strong><br>Via Laietana, 16<br>08003&nbsp;<strong>Barcelona<\/strong><br>Horari: de dimecres a divendres de 9.30 h a 14 h i de 16 h a 18.30 h.<br>Data d\u2019inici: 3 d\u2019abril de 2024<br>Per demanar hora, cal trucar al tel\u00e8fon&nbsp;<a href=\"tel:930502669\">930 502 669<\/a>&nbsp;de&nbsp;9.30 h a 14 h i de 16 h a 18.30 h o enviar un correu a&nbsp;<a href=\"mailto:renta@uatae.org\">renta@uatae.org<\/a><\/p>\n\n\n\n<h3 class=\"wp-block-heading\"><strong>BAIX LLOBREGAT \u2013 ALT PENED\u00c8S \u2013 ANOIA \u2013 GARRAF<\/strong><\/h3>\n\n\n\n<p><strong>UATAE Catalunya<\/strong><br>Carretera d\u2019Esplugues, 68<br>08940&nbsp;<strong>Cornell\u00e0 de Llobregat<\/strong><br>Horari: dilluns de 16 h a 18.30 h i dijous de 9.30h a 14h i de 16h a 18.30h.<br>Data d\u2019inici: 4 d\u2019abril de 2024<br>Per demanar hora, cal trucar al tel\u00e8fon&nbsp;<a href=\"tel:930502669\">930 502 669<\/a>&nbsp;de&nbsp;9.30 h a 14 h i de 16 h a 18.30 h o enviar un correu a&nbsp;<a href=\"mailto:renta@uatae.org\">renta@uatae.org<\/a><\/p>\n\n\n\n<h3 class=\"wp-block-heading\"><strong>VALL\u00c8S OCCIDENTAL \u2013 CATALUNYA CENTRAL<\/strong><\/h3>\n\n\n\n<p><strong>ANGELA BALLESTEROS ORTIZ<\/strong><br>Passeig de Pere III, 60-62<br>08242&nbsp;<strong>Manresa<\/strong><br>Horari: dimarts, dimecres i dijous de 9h a 13h i de 16h a 19h. Divendres de 9h a 13h<br>Data d\u2019inici: 9 d\u2019abril de 2024<br>Per demanar hora, cal trucar al tel\u00e8fon&nbsp;<a href=\"tel:663182721\">663 182 721<\/a>&nbsp;o enviar un correu a&nbsp;<a href=\"mailto:marc@pballesteros.com\">marc@pballesteros.com<br><\/a><br><strong>FRANCESC PONS SANJU\u00c1N<br><\/strong>Rambla, 75<br>08202&nbsp;<strong>Sabadell<\/strong><br>Horari: dijous de 9.30 h a 13.30 h i de 15.30 h a 19 h<br>Data d\u2019inici: 9 d\u2019abril de 2024<br>Per demanar hora, cal trucar al tel\u00e8fon&nbsp;<a href=\"tel:607363055\">607 363 055<\/a>&nbsp;o enviar un correu a&nbsp;<a href=\"mailto:campanyarenda@gmail.com\">campanyarenda@gmail.com<\/a><\/p>\n\n\n\n<p><strong>FRANCESC PONS SANJU\u00c1N<\/strong><br>Carrer de la Uni\u00f3, 23<br>08221&nbsp;<strong>Terrassa<\/strong><br>Horari: dimecres de 9.30 h a 13.30h i dijous de 15.30 h a 19 h<br>Data d\u2019inici: 3 d\u2019abril de 2024<br>Per demanar hora, cal trucar al tel\u00e8fon&nbsp;<a href=\"tel:607363055\">607 363 055<\/a>&nbsp;o enviar un correu a&nbsp;<a href=\"mailto:campanyarenda@gmail.com\">campanyarenda@gmail.com<\/a><\/p>\n\n\n\n<h3 class=\"wp-block-heading\"><strong>VALL\u00c8S ORIENTAL \u2013 MARESME \u2013 OSONA<\/strong><\/h3>\n\n\n\n<p><strong>ASESOR\u00cdA GALA, SCP<\/strong><br>Mayte Cordoba<br>Rambla de Balmes, 10, 1r (despatx d\u2019assessorament 2)<br>08100&nbsp;<strong>Mollet del Vall\u00e8s<\/strong><br>Horari: dimecres de 16 h a 19 h<br>Data d\u2019inici: 17 d\u2019abril de 2024<br>Per demanar hora, cal trucar al tel\u00e8fon&nbsp;<a href=\"tel:935702566\">935 702 566<\/a>&nbsp;o enviar un correu a&nbsp;<a href=\"mailto:gala@asesoriagala.com\">gala@asesoriagala.com<br><\/a><br><strong>AUCORE ASSESSORS, SLU<br><\/strong>Toni Calder\u00f3n Calder\u00f3n<br>Carrer de Pius XII, 5-7, baixos (despatx 17)<br>08401&nbsp;<strong>Granollers<\/strong><br>Horari: divendres de 9 h a 14 h i dilluns i dimecres de 15 h a 19 h<br>Data d\u2019inici: 5 d\u2019abril de 2024<br>Per demanar hora, cal trucar al tel\u00e8fon&nbsp;<a href=\"tel:605956816\">605 956 816<\/a>&nbsp;o enviar un correu a&nbsp;<a href=\"mailto:aucore.tonicalderon@economistes.com\">aucore.tonicalderon@economistes.com<\/a><br><br><strong>AUCORE ASSESSORS, SLU<\/strong><br>Toni Calder\u00f3n Calder\u00f3n<br>Pla\u00e7a de Llu\u00eds Companys, 3 (despatx d\u2019assessorament)<br>08500&nbsp;<strong>Vic<\/strong><br>Horari: dilluns alterns de 9 h a 13 h<br>Data d\u2019inici: 8 d\u2019abril de 2024<br>Per demanar hora, cal trucar al tel\u00e8fon&nbsp;<a href=\"tel:605956816\">605 956 816<\/a>&nbsp;o enviar un correu a&nbsp;<a href=\"mailto:aucore.tonicalderon@economistes.com\">aucore.tonicalderon@economistes.com<\/a><br><br><strong>AUCORE ASSESSORS, SLU<br><\/strong>Toni Calder\u00f3n Calder\u00f3n<br>Carrer Casta\u00f1os, 120<br>08302&nbsp;<strong>Matar\u00f3<\/strong><br>Horari: dimarts alterns de 9 h a 13 h<br>Data d\u2019inici: 9 d\u2019abril de 2024<br>Per demanar hora, cal trucar al tel\u00e8fon&nbsp;<a href=\"tel:605956816\">605 956 816<\/a>&nbsp;o enviar un correu a&nbsp;<a href=\"mailto:aucore.tonicalderon@economistes.com\">aucore.tonicalderon@economistes.com<\/a><\/p>\n\n\n\n<h3 class=\"wp-block-heading\"><strong>TARRAGONA I TERRES DE L\u2019EBRE<\/strong><\/h3>\n\n\n\n<p><strong>CRIST\u00d3BAL MART\u00cdNEZ HERN\u00c1NDEZ<\/strong><br>Carrer d\u2019August, 48, 1a planta<br>43003&nbsp;<strong>Tarragona<\/strong><br>Data d\u2019inici: 3 d\u2019abril de 2024<br>Horari: dimecres i dijous de 15.30 h a 19 h<br>Per demanar hora, cal trucar al tel\u00e8fon&nbsp;<a href=\"tel:620889809\">620 889 809<\/a>&nbsp;o enviar un correu a&nbsp;<a href=\"mailto:cmhconsultor@gmail.com\">cmhconsultor@gmail.com<\/a><\/p>\n\n\n\n<p><strong>CRIST\u00d3BAL MART\u00cdNEZ HERN\u00c1NDEZ<\/strong><br>Pla\u00e7a d\u2019Antoni de Villarroel, 2, baixos<br>43204&nbsp;<strong>Reus<\/strong><br>Horari: dimarts de 15.30 h a 19 h<br>Data d\u2019inici: 4 d\u2019abril de 2024<br>Per demanar hora, cal trucar al tel\u00e8fon&nbsp;<a href=\"tel:620889809\">620 889 809<\/a>&nbsp;o enviar un correu a&nbsp;<a href=\"mailto:cmhconsultor@gmail.com\">cmhconsultor@gmail.com<\/a><\/p>\n\n\n\n<p><strong>Tortosa: declaracions de la renda en l\u00ednia<\/strong><br>Per demanar hora, cal trucar al tel\u00e8fon&nbsp;<a href=\"tel:620889809\">620 889 809<\/a>&nbsp;o enviar un correu a&nbsp;<a href=\"mailto:cmhconsultor@gmail.com\">cmhconsultor@gmail.com<\/a><\/p>\n\n\n\n<h3 class=\"wp-block-heading\"><strong>TERRES DE LLEIDA<\/strong><\/h3>\n\n\n\n<p><strong>JULI\u00c0 RODR\u00cdGUEZ FONDEVILLA<\/strong><br>Carrer d\u2019Enric Granados, 3-5<br>25006&nbsp;<strong>Lleida<\/strong><br>Horari: dimarts i dijous de les 15.30 h a les 18 h<br>Data d\u2019inici: 4 d\u2019abril de 2024<br>Per demanar hora, cal trucar al tel\u00e8fon&nbsp;<a href=\"tel:973263666\">973 263 666<\/a>&nbsp;o enviar un correu a&nbsp;<a href=\"mailto:lleida1@ccoo.cat\">lleida1@ccoo.cat<\/a><\/p>\n\n\n\n<h3 class=\"wp-block-heading\"><strong>COMARQUES GIRONINES<\/strong><\/h3>\n\n\n\n<p><strong>BARNEDA ASSESSORS<br><\/strong>Carrer del Nord, 17, 3r-2a<br>17001&nbsp;<strong>Girona<\/strong><br>Horari: de dilluns a divendres de 9 h a 17 h<br>Data d\u2019inici: 5 d\u2019abril de 2024<br>Per demanar hora, cal trucar al tel\u00e8fon&nbsp;<a href=\"tel:972206741\">972 206 741<\/a>&nbsp;o enviar un correu a&nbsp;<a href=\"mailto:marta@barneda.cat\">marta@barneda.cat<\/a><\/p>\n\n\n\n<h2 class=\"wp-block-heading\">DOCUMENTACI\u00d3 NECESS\u00c0RIA<\/h2>\n\n\n\n<p><strong>Les persones afiliades hauran d\u2019acreditar estar al corrent en el pagament de la quota sindical.<br>Per possibilitar l\u2019assessorament \u00e9s MOLT IMPORTANT aportar la&nbsp;declaraci\u00f3 de l\u2019any 2022, el&nbsp;DNI&nbsp;i, si escau, aquella&nbsp;altra documentaci\u00f3 que sigui necess\u00e0ria.<\/strong><\/p>\n\n\n\n<h2 class=\"wp-block-heading\">TARIFES DEL SERVEI<\/h2>\n\n\n\n<h3 class=\"wp-block-heading\">\u00c9s un servei professional extern i no \u00e9s gratu\u00eft. T\u00e9 unes tarifes redu\u00efdes acordades que cal pagar i que s\u00f3n:<\/h3>\n\n\n\n<figure class=\"wp-block-table\"><table><tbody><tr><td>Simplificada Individual<\/td><td>35\u20ac<\/td><\/tr><tr><td>Simplificada Individual, si la persona no est\u00e0 afiliada per\u00f2 la seva parella s\u00ed<\/td><td>40\u20ac<\/td><\/tr><tr><td>Simplificada Conjunta<\/td><td>40\u20ac<\/td><\/tr><tr><td>Simplificada Individual (<strong>Pensionistes<\/strong>)<\/td><td>25\u20ac<\/td><\/tr><tr><td>Simplificada Individual (<strong>Pensionistes<\/strong>), si la persona no est\u00e0 afiliada per\u00f2 la seva parella s\u00ed<\/td><td>30\u20ac<\/td><\/tr><tr><td>Simplificada Conjunta&nbsp;<strong>(Pensionistes)<\/strong><\/td><td>30\u20ac<\/td><\/tr><tr><td><strong>Ordin\u00e0ria<\/strong><\/td><td><\/td><\/tr><tr><td>Amb un arrendament (Increment de 5\u20ac per inmoble arrendat )<\/td><td>40\u20ac<\/td><\/tr><tr><td>Amb cartera d\u2019accions (Increment de 5\u20ac per cada cartera)<\/td><td>40\u20ac<\/td><\/tr><tr><td>Amb venda d\u2019immoble<\/td><td>45\u20ac<\/td><\/tr><tr><td>Professionals estimaci\u00f3 directa<\/td><td>50\u20ac<\/td><\/tr><tr><td>Professionals estimaci\u00f3 objectiva<\/td><td>40\u20ac<\/td><\/tr><\/tbody><\/table><\/figure>\n\n\n\n<p>Recorda que la&nbsp;<a href=\"https:\/\/www.ccoo.cat\/renda\">quota d\u2019afiliaci\u00f3 sindical a CCOO \u00e9s una despesa que pots deduir quan realitzis la declaraci\u00f3 anual de la renda<\/a>, tal com marca la Llei de l\u2019IRPF. La deducci\u00f3 pot comportar un <strong>estalvi en la quota d&#8217;entre el 20 % i el 35 %<\/strong> segons els casos. En cas que necessitis un certificat per justificar les quotes pagades durant l\u2019any 2023, el pots sol\u00b7licitar directament des de l\u2019<a href=\"https:\/\/ccoo.app\/\" target=\"_blank\" rel=\"noreferrer noopener\">app del sindicat per a m\u00f2bils<\/a>&nbsp;o des de la&nbsp;<a href=\"https:\/\/seu-electronica.ccoo.cat\/\" target=\"_blank\" rel=\"noreferrer noopener\">web de la seu electr\u00f2nica de CCOO de Catalunya<\/a>. Tamb\u00e9 et pot interessar l\u2019afectaci\u00f3 a la declaraci\u00f3 de la renda 2023 de les <strong>prestacions contributives derivades d\u2019ERTO<\/strong> i de la <strong>percepci\u00f3 de l\u2019ingr\u00e9s m\u00ednim vital<\/strong>, aix\u00ed com les despeses de <strong>defensa jur\u00eddica laboral amb el l\u00edmit de 300 euros anuals<\/strong>.<\/p>\n\n\n\n<p>Per a qualsevol dubte o consulta, pots adre\u00e7ar-te al tel\u00e8fon&nbsp;<a href=\"tel:9331000000\">933 100 000<\/a>&nbsp;o omplir el&nbsp;<a href=\"https:\/\/www.ccoo.cat\/contacta\">formulari de contacte<\/a>.<\/p>\n\n\n\n<p><\/p>\n","protected":false},"excerpt":{"rendered":"<p>Com pots deduir la quota sindical a la declaraci\u00f3 de la Renda 2023? IMPORTANT: per fer la declaraci\u00f3 de la renda 2023, cal demanar cita pr\u00e8via per tel\u00e8fon o correu &#8230; <a title=\"Campanya de la renda 2023\" class=\"read-more\" href=\"https:\/\/ccoo.app\/ics\/noticies\/campanya-de-la-renda-2023\/\" aria-label=\"M\u00e9s informaci\u00f3 sobre Campanya de la renda 2023\">Read more<\/a><\/p>\n","protected":false},"author":4386,"featured_media":32296,"comment_status":"closed","ping_status":"closed","sticky":false,"template":"","format":"standard","meta":{"footnotes":""},"categories":[12,1],"tags":[],"area":[],"class_list":["post-32290","post","type-post","status-publish","format-standard","has-post-thumbnail","hentry","category-actualitat","category-noticies","generate-columns","tablet-grid-50","mobile-grid-100","grid-parent","grid-50"],"_links":{"self":[{"href":"https:\/\/ccoo.app\/ics\/wp-json\/wp\/v2\/posts\/32290","targetHints":{"allow":["GET"]}}],"collection":[{"href":"https:\/\/ccoo.app\/ics\/wp-json\/wp\/v2\/posts"}],"about":[{"href":"https:\/\/ccoo.app\/ics\/wp-json\/wp\/v2\/types\/post"}],"author":[{"embeddable":true,"href":"https:\/\/ccoo.app\/ics\/wp-json\/wp\/v2\/users\/4386"}],"replies":[{"embeddable":true,"href":"https:\/\/ccoo.app\/ics\/wp-json\/wp\/v2\/comments?post=32290"}],"version-history":[{"count":3,"href":"https:\/\/ccoo.app\/ics\/wp-json\/wp\/v2\/posts\/32290\/revisions"}],"predecessor-version":[{"id":32301,"href":"https:\/\/ccoo.app\/ics\/wp-json\/wp\/v2\/posts\/32290\/revisions\/32301"}],"wp:featuredmedia":[{"embeddable":true,"href":"https:\/\/ccoo.app\/ics\/wp-json\/wp\/v2\/media\/32296"}],"wp:attachment":[{"href":"https:\/\/ccoo.app\/ics\/wp-json\/wp\/v2\/media?parent=32290"}],"wp:term":[{"taxonomy":"category","embeddable":true,"href":"https:\/\/ccoo.app\/ics\/wp-json\/wp\/v2\/categories?post=32290"},{"taxonomy":"post_tag","embeddable":true,"href":"https:\/\/ccoo.app\/ics\/wp-json\/wp\/v2\/tags?post=32290"},{"taxonomy":"area","embeddable":true,"href":"https:\/\/ccoo.app\/ics\/wp-json\/wp\/v2\/area?post=32290"}],"curies":[{"name":"wp","href":"https:\/\/api.w.org\/{rel}","templated":true}]}}